{"id":64624,"date":"2025-12-31T18:54:58","date_gmt":"2025-12-31T16:54:58","guid":{"rendered":"https:\/\/edublog.educastur.es\/ixuxu\/?p=64624"},"modified":"2025-12-31T18:54:58","modified_gmt":"2025-12-31T16:54:58","slug":"el-turul%c2%b7lu-o-turullu","status":"publish","type":"post","link":"https:\/\/edublog.educastur.es\/ixuxu\/2025\/12\/el-turul%c2%b7lu-o-turullu\/","title":{"rendered":"El Turul\u00b7lu\u201d o turullu."},"content":{"rendered":"<div class=\"html-div xdj266r x14z9mp xat24cr x1lziwak xsag5q8 xz9dl7a xv54qhq xf7dkkf x1jx94hy\">\n<div class=\"html-div xdj266r x14z9mp xat24cr x1lziwak xexx8yu xyri2b x18d9i69 x1c1uobl x78zum5 x1q0g3np x1ba4aug\">\n<div class=\"html-div xdj266r x14z9mp xat24cr x1lziwak xexx8yu xyri2b x18d9i69 x1c1uobl x1iyjqo2 xeuugli\">\n<div class=\"x78zum5 xdt5ytf xz62fqu x16ldp7u\">\n<div class=\"xu06os2 x1ok221b\">\n<ul>\n<li class=\"html-h3 x14z9mp xat24cr x1lziwak xexx8yu xyri2b x18d9i69 x1c1uobl x1vvkbs x1heor9g x1qlqyl8 x1pd3egz x1a2a7pz x1gslohp x1yc453h\"><span class=\"x78zum5 x1q0g3np\"><span class=\"x1lliihq x6ikm8r x10wlt62 x1n2onr6 xlyipyv xuxw1ft\"><span class=\"xt0psk2\"><a class=\"x1i10hfl xjbqb8w x1ejq31n x18oe1m7 x1sy0etr xstzfhl x972fbf x10w94by x1qhh985 x14e42zd x9f619 x1ypdohk xt0psk2 x3ct3a4 xdj266r x14z9mp xat24cr x1lziwak xexx8yu xyri2b x18d9i69 x1c1uobl x16tdsg8 x1hl2dhg xggy1nq x1a2a7pz xkrqix3 x1sur9pj xzsf02u x1s688f\" role=\"link\" href=\"https:\/\/www.facebook.com\/montepiodelamineria?__cft__[0]=AZbebM_D-qf_Lq-7J9XBGqNlnCzJx60YI7-Npn2r22gpzIPOkAR6ohhR_bGDhZOcq5AM-BDVCDNgDZimW80x45M2PwQINALdWjXGcziVdxmC90-m85Vt7Lq8DJQWJ7ym6A1Po_fN4G__dVjRN2WuHd-yOH6DRfJNP0Ad3SvjPwCvFEW-5svgyUYDtIP7OgndP87VifFWWhBevnYApl7143F5&amp;__tn__=-UC%2CP-y-R\"><b class=\"html-b xdj266r x14z9mp xat24cr x1lziwak xexx8yu xyri2b x18d9i69 x1c1uobl x1hl2dhg x16tdsg8 x1vvkbs x1s688f\"><span class=\"html-span xdj266r x14z9mp xat24cr x1lziwak xexx8yu xyri2b x18d9i69 x1c1uobl x1hl2dhg x16tdsg8 x1vvkbs\">Montep\u00edo de la Miner\u00eda Asturiana<\/span><\/b><\/a><\/span><\/span><\/span><\/li>\n<\/ul>\n<\/div>\n<div class=\"xu06os2 x1ok221b\"><\/div>\n<\/div>\n<\/div>\n<\/div>\n<\/div>\n<div class=\"html-div xdj266r x14z9mp xat24cr x1lziwak xexx8yu xyri2b x18d9i69 x1c1uobl\" dir=\"auto\">\n<div class=\"html-div xdj266r x14z9mp xat24cr x1lziwak xexx8yu xyri2b x18d9i69 x1c1uobl\" dir=\"auto\">\n<div class=\"html-div xdj266r x14z9mp xat24cr x1lziwak xexx8yu xyri2b x18d9i69 x1c1uobl\" data-ad-rendering-role=\"story_message\">\n<div class=\"x1l90r2v x1iorvi4 x1g0dm76 xpdmqnj\" data-ad-comet-preview=\"message\" data-ad-preview=\"message\">\n<div class=\"x78zum5 xdt5ytf xz62fqu x16ldp7u\">\n<div class=\"xu06os2 x1ok221b\">\n<div class=\"html-div xdj266r x14z9mp xat24cr x1lziwak xexx8yu xyri2b x18d9i69 x1c1uobl\">\n<div class=\"x14z9mp xat24cr x1lziwak x1vvkbs xtlvy1s x126k92a\">\n<div dir=\"auto\">\n<div class=\"xdj266r x14z9mp xat24cr x1lziwak x1vvkbs x126k92a\">\n<div dir=\"auto\">Na Cuenca minera asturiana ll\u00e1mase \u201cel Turul\u00b7lu\u201d (o turullu) a la bocina que marcaba los horarios de la mina.\u00a0<span class=\"html-span xexx8yu xyri2b x18d9i69 x1c1uobl x1hl2dhg x16tdsg8 x1vvkbs x3nfvp2 x1j61x8r x1fcty0u xdj266r xat24cr xm2jcoa x1mpyi22 xxymvpz xlup9mm x1kky2od\"><img loading=\"lazy\" decoding=\"async\" class=\"xz74otr x15mokao x1ga7v0g x16uus16 xbiv7yw\" src=\"https:\/\/static.xx.fbcdn.net\/images\/emoji.php\/v9\/t39\/1\/16\/1f4e2.png\" alt=\"\ud83d\udce2\" width=\"16\" height=\"16\" \/><\/span> <span class=\"html-span xexx8yu xyri2b x18d9i69 x1c1uobl x1hl2dhg x16tdsg8 x1vvkbs x3nfvp2 x1j61x8r x1fcty0u xdj266r xat24cr xm2jcoa x1mpyi22 xxymvpz xlup9mm x1kky2od\"><img loading=\"lazy\" decoding=\"async\" class=\"xz74otr x15mokao x1ga7v0g x16uus16 xbiv7yw\" src=\"https:\/\/static.xx.fbcdn.net\/images\/emoji.php\/v9\/ta3\/1\/16\/3030.png\" alt=\"\u3030\ufe0f\" width=\"16\" height=\"16\" \/><\/span>Tradicionalmente sirv\u00eda para:\u00a0Se\u00f1alar la entrada y salida de los turnos, marcar cambios de xornada y alertar de incidencies o emerxencies y accidentes, en dalgunos casos.<\/div>\n<div dir=\"auto\" style=\"text-align: center\">\n<!-- iframe plugin v.6.0 wordpress.org\/plugins\/iframe\/ -->\n<iframe loading=\"lazy\" src=\"https:\/\/www.facebook.com\/plugins\/video.php?height=420&#038;href=https%3A%2F%2Fwww.facebook.com%2Freel%2F853048010983946%2F&#038;show_text=false&#038;width=560&#038;t=0\" width=\"560\" height=\"420\" style=\"border:none;overflow:hidden\" scrolling=\"no\" frameborder=\"0\" allowfullscreen=\"true\" allow=\"autoplay; clipboard-write; encrypted-media; picture-in-picture; web-share\" 0=\"\/iframe\" class=\"iframe-class\"><\/iframe>\n<\/div>\n<div dir=\"auto\"><!--more--><\/div>\n<div dir=\"auto\"><span class=\"html-span xexx8yu xyri2b x18d9i69 x1c1uobl x1hl2dhg x16tdsg8 x1vvkbs x3nfvp2 x1j61x8r x1fcty0u xdj266r xat24cr xm2jcoa x1mpyi22 xxymvpz xlup9mm x1kky2od\"><img loading=\"lazy\" decoding=\"async\" class=\"xz74otr x15mokao x1ga7v0g x16uus16 xbiv7yw\" src=\"https:\/\/static.xx.fbcdn.net\/images\/emoji.php\/v9\/t5b\/1\/16\/1f3d4.png\" alt=\"\ud83c\udfd4\ufe0f\" width=\"16\" height=\"16\" \/><\/span> <span class=\"html-span xexx8yu xyri2b x18d9i69 x1c1uobl x1hl2dhg x16tdsg8 x1vvkbs x3nfvp2 x1j61x8r x1fcty0u xdj266r xat24cr xm2jcoa x1mpyi22 xxymvpz xlup9mm x1kky2od\"><img loading=\"lazy\" decoding=\"async\" class=\"xz74otr x15mokao x1ga7v0g x16uus16 xbiv7yw\" src=\"https:\/\/static.xx.fbcdn.net\/images\/emoji.php\/v9\/t3e\/1\/16\/1f50a.png\" alt=\"\ud83d\udd0a\" width=\"16\" height=\"16\" \/> El so son\u00edu yera tan p<\/span>otente y reconocible que, cuando sonaba a les hores, ordenaba la vida cotidiana de los pueblos mineros: se com\u00eda, d\u00edbase a trabayar o se iba a trabajar o se esperaba a alguien \u201ccuando sonara el turullu\u201d. Pero tambi\u00e9n asustaba si bramaba nel valle a destiempu:<strong> \u00abAlgo pas\u00f3 ya nel pozu, que ta sonando `l turrulu\u00bb.<\/strong><\/div>\n<\/div>\n<div class=\"x14z9mp xat24cr x1lziwak x1vvkbs xtlvy1s x126k92a\">\n<div dir=\"auto\">G\u00fcei el t\u00e9rminu permanez na memoria colectiva como s\u00edmbolu sonoro de la <span class=\"html-span xdj266r x14z9mp xat24cr x1lziwak xexx8yu xyri2b x18d9i69 x1c1uobl x1hl2dhg x16tdsg8 x1vvkbs\"><a class=\"x1i10hfl xjbqb8w x1ejq31n x18oe1m7 x1sy0etr xstzfhl x972fbf x10w94by x1qhh985 x14e42zd x9f619 x1ypdohk xt0psk2 x3ct3a4 xdj266r x14z9mp xat24cr x1lziwak xexx8yu xyri2b x18d9i69 x1c1uobl x16tdsg8 x1hl2dhg xggy1nq x1a2a7pz xkrqix3 x1sur9pj x1fey0fg x1s688f\" role=\"link\" href=\"https:\/\/www.facebook.com\/hashtag\/culturaminera?__eep__=6&amp;__cft__[0]=AZbebM_D-qf_Lq-7J9XBGqNlnCzJx60YI7-Npn2r22gpzIPOkAR6ohhR_bGDhZOcq5AM-BDVCDNgDZimW80x45M2PwQINALdWjXGcziVdxmC90-m85Vt7Lq8DJQWJ7ym6A1Po_fN4G__dVjRN2WuHd-yOH6DRfJNP0Ad3SvjPwCvFEW-5svgyUYDtIP7OgndP87VifFWWhBevnYApl7143F5&amp;__tn__=*NK-y-R\">#CulturaMinera<\/a><\/span>, del tiempu compartio y d&#8217;aquella vida organiz\u00e1 alredor del pozu y la mina. Dacuando con iron\u00eda y socarroner\u00eda: <em>\u00abEl tu f\u00edu paez un turrullu con la guitarra\u00bb. <\/em>Una pallabra peque\u00f1a con <span class=\"html-span xdj266r x14z9mp xat24cr x1lziwak xexx8yu xyri2b x18d9i69 x1c1uobl x1hl2dhg x16tdsg8 x1vvkbs\"><a class=\"x1i10hfl xjbqb8w x1ejq31n x18oe1m7 x1sy0etr xstzfhl x972fbf x10w94by x1qhh985 x14e42zd x9f619 x1ypdohk xt0psk2 x3ct3a4 xdj266r x14z9mp xat24cr x1lziwak xexx8yu xyri2b x18d9i69 x1c1uobl x16tdsg8 x1hl2dhg xggy1nq x1a2a7pz xkrqix3 x1sur9pj x1fey0fg x1s688f\" role=\"link\" href=\"https:\/\/www.facebook.com\/hashtag\/reminiscencias?__eep__=6&amp;__cft__[0]=AZbebM_D-qf_Lq-7J9XBGqNlnCzJx60YI7-Npn2r22gpzIPOkAR6ohhR_bGDhZOcq5AM-BDVCDNgDZimW80x45M2PwQINALdWjXGcziVdxmC90-m85Vt7Lq8DJQWJ7ym6A1Po_fN4G__dVjRN2WuHd-yOH6DRfJNP0Ad3SvjPwCvFEW-5svgyUYDtIP7OgndP87VifFWWhBevnYApl7143F5&amp;__tn__=*NK-y-R\">#reminiscencias<\/a><\/span> y muncha <span class=\"html-span xdj266r x14z9mp xat24cr x1lziwak xexx8yu xyri2b x18d9i69 x1c1uobl x1hl2dhg x16tdsg8 x1vvkbs\"><a class=\"x1i10hfl xjbqb8w x1ejq31n x18oe1m7 x1sy0etr xstzfhl x972fbf x10w94by x1qhh985 x14e42zd x9f619 x1ypdohk xt0psk2 x3ct3a4 xdj266r x14z9mp xat24cr x1lziwak xexx8yu xyri2b x18d9i69 x1c1uobl x16tdsg8 x1hl2dhg xggy1nq x1a2a7pz xkrqix3 x1sur9pj x1fey0fg x1s688f\" role=\"link\" href=\"https:\/\/www.facebook.com\/hashtag\/almaminera?__eep__=6&amp;__cft__[0]=AZbebM_D-qf_Lq-7J9XBGqNlnCzJx60YI7-Npn2r22gpzIPOkAR6ohhR_bGDhZOcq5AM-BDVCDNgDZimW80x45M2PwQINALdWjXGcziVdxmC90-m85Vt7Lq8DJQWJ7ym6A1Po_fN4G__dVjRN2WuHd-yOH6DRfJNP0Ad3SvjPwCvFEW-5svgyUYDtIP7OgndP87VifFWWhBevnYApl7143F5&amp;__tn__=*NK-y-R\">#AlmaMinera<\/a><\/span><span class=\"html-span xexx8yu xyri2b x18d9i69 x1c1uobl x1hl2dhg x16tdsg8 x1vvkbs x3nfvp2 x1j61x8r x1fcty0u xdj266r xat24cr xm2jcoa x1mpyi22 xxymvpz xlup9mm x1kky2od\"><img loading=\"lazy\" decoding=\"async\" class=\"xz74otr x15mokao x1ga7v0g x16uus16 xbiv7yw\" src=\"https:\/\/static.xx.fbcdn.net\/images\/emoji.php\/v9\/t6\/1\/16\/2692.png\" alt=\"\u2692\ufe0f\" width=\"16\" height=\"16\" \/><\/span><\/div>\n<\/div>\n<\/div>\n<\/div>\n<\/div>\n<\/div>\n<\/div>\n<\/div>\n<\/div>\n<\/div>\n<\/div>\n<p>&nbsp;<\/p>\n","protected":false},"excerpt":{"rendered":"<p>Montep\u00edo de la Miner\u00eda Asturiana Na Cuenca minera asturiana ll\u00e1mase \u201cel Turul\u00b7lu\u201d (o turullu) a la bocina que marcaba los horarios de la mina.\u00a0 Tradicionalmente sirv\u00eda para:\u00a0Se\u00f1alar la entrada y salida de los turnos, marcar cambios de xornada y alertar de incidencies o emerxencies y accidentes, en dalgunos casos.<\/p>\n","protected":false},"author":117,"featured_media":0,"comment_status":"closed","ping_status":"closed","sticky":false,"template":"","format":"standard","meta":{"footnotes":""},"categories":[320],"tags":[],"class_list":["post-64624","post","type-post","status-publish","format-standard","hentry","category-mina"],"_links":{"self":[{"href":"https:\/\/edublog.educastur.es\/ixuxu\/wp-json\/wp\/v2\/posts\/64624","targetHints":{"allow":["GET"]}}],"collection":[{"href":"https:\/\/edublog.educastur.es\/ixuxu\/wp-json\/wp\/v2\/posts"}],"about":[{"href":"https:\/\/edublog.educastur.es\/ixuxu\/wp-json\/wp\/v2\/types\/post"}],"author":[{"embeddable":true,"href":"https:\/\/edublog.educastur.es\/ixuxu\/wp-json\/wp\/v2\/users\/117"}],"replies":[{"embeddable":true,"href":"https:\/\/edublog.educastur.es\/ixuxu\/wp-json\/wp\/v2\/comments?post=64624"}],"version-history":[{"count":1,"href":"https:\/\/edublog.educastur.es\/ixuxu\/wp-json\/wp\/v2\/posts\/64624\/revisions"}],"predecessor-version":[{"id":64625,"href":"https:\/\/edublog.educastur.es\/ixuxu\/wp-json\/wp\/v2\/posts\/64624\/revisions\/64625"}],"wp:attachment":[{"href":"https:\/\/edublog.educastur.es\/ixuxu\/wp-json\/wp\/v2\/media?parent=64624"}],"wp:term":[{"taxonomy":"category","embeddable":true,"href":"https:\/\/edublog.educastur.es\/ixuxu\/wp-json\/wp\/v2\/categories?post=64624"},{"taxonomy":"post_tag","embeddable":true,"href":"https:\/\/edublog.educastur.es\/ixuxu\/wp-json\/wp\/v2\/tags?post=64624"}],"curies":[{"name":"wp","href":"https:\/\/api.w.org\/{rel}","templated":true}]}}