{"id":64641,"date":"2025-12-31T20:16:48","date_gmt":"2025-12-31T18:16:48","guid":{"rendered":"https:\/\/edublog.educastur.es\/ixuxu\/?p=64641"},"modified":"2025-12-31T22:22:48","modified_gmt":"2025-12-31T20:22:48","slug":"los-sones-de-la-navida-asturiana-esti-vienres-en-grau","status":"publish","type":"post","link":"https:\/\/edublog.educastur.es\/ixuxu\/2025\/12\/los-sones-de-la-navida-asturiana-esti-vienres-en-grau\/","title":{"rendered":"Los Sones de la Navid\u00e1 Asturiana, esti vienres en Grau"},"content":{"rendered":"<div class=\"elementor-element elementor-element-667e3c7 elementor-widget__width-inherit elementor-widget elementor-widget-theme-post-title elementor-page-title elementor-widget-heading\" data-id=\"667e3c7\" data-element_type=\"widget\" data-widget_type=\"theme-post-title.default\">\n<div class=\"elementor-widget-container\">\n<p style=\"text-align: center\"><a href=\"https:\/\/musicasturiana.com\/wp-content\/uploads\/2025\/12\/los-sones-de-la-navida-asturiana-1000x1413.jpg\"><img loading=\"lazy\" decoding=\"async\" class=\"aligncenter \" src=\"https:\/\/musicasturiana.com\/wp-content\/uploads\/2025\/12\/los-sones-de-la-navida-asturiana-1000x1413.jpg\" width=\"605\" height=\"855\" \/><\/a><\/p>\n<p class=\"elementor-heading-title elementor-size-default\">Los Sones de la Navid\u00e1 Asturiana lleguen a la so novena edici\u00f3n esti vienres en Grau. La Casa la Cultura acueye esta xuntanza tradicional na que va haber quince actuaciones de colectivos, agrupaciones y m\u00fasicos. <a href=\"https:\/\/musicasturiana.com\/los-sones-de-la-navida-asturiana-lleguen-a-la-so-novena-edicion-esti-vienres-en-grau\/?fbclid=IwY2xjawPCY_ZleHRuA2FlbQIxMQBzcnRjBmFwcF9pZBAyMjIwMzkxNzg4MjAwODkyAAEen7zY5KpHKjeq1tmonx5qd0YYZjDNppV-PhyA22O0tF193daL4ezIJyZDqvw_aem_aigjLorCqADN0zfo2xgCkQ\">Musicasturiana.com<\/a><\/p>\n<p><!--more--><\/p>\n<p style=\"text-align: center\">\n<!-- iframe plugin v.6.0 wordpress.org\/plugins\/iframe\/ -->\n<iframe loading=\"lazy\" width=\"100%\" height=\"419\" src=\"https:\/\/www.youtube.com\/embed\/YFq0tgT7oyI\" title=\"VIII Xuntaza Navid\u00e1 en Grau. Xineiru 2025. Esbilla.\" frameborder=\"0\" allow=\"accelerometer; autoplay; clipboard-write; encrypted-media; gyroscope; picture-in-picture; web-share\" referrerpolicy=\"strict-origin-when-cross-origin\" 0=\"allowfullscreen\" 1=\"\/iframe\" scrolling=\"yes\" class=\"iframe-class\"><\/iframe>\n<\/p>\n<p>L\u2019Archivu de la Tradici\u00f3n Oral d\u2019Amb\u00e1s (<strong>ATOAM<\/strong>) y la\u00a0<strong>Conceyal\u00eda de Cultura de Grau<\/strong>\u00a0entamen la noveda edici\u00f3n de la xuntanza\u00a0<strong>Los Sones de la Navid\u00e1 Asturiana<\/strong>, eventu nel que dellos\u00a0<strong>colectivos, agrupaciones y m\u00fasicos\u00a0<\/strong>d\u2019Asturies apurren les sos versiones de villancicos y cantares navidiegos. Nesta ocasi\u00f3n va ser el\u00a0<strong>vienres 2 de xineru a les 19h<\/strong>\u00a0na\u00a0<strong>Casa la Cultura de Grau<\/strong>\u00a0y con un total de\u00a0<strong>quince actuaciones<\/strong>: Andecha Folclor d\u2019Uvi\u00e9u, Ardur\u00edu, L\u2019Artusu, El Corriellu la Pandorga, Escontra\u2019l Raiga\u00f1u, Escuela de M\u00fasica Municipal de Grau, La Flor de Grau, Grupu Etnogr\u00e1ficu L\u2019Oriente, Ladio Vallina (La Ifrera, Samart\u00edn del Rei Aurelio), Muyeres por Grau, Soi panderetera, Trebeyu, Vezos Astures, Xeitu, Amb\u00e1s, Dolfu ya Rams\u00e9s. \u00dan de los\u00a0<strong>alcuentros imprescindibles\u00a0<\/strong>qu\u2019a\u00f1almente puxen pola m\u00fasica de raiga\u00f1u.<\/p>\n<\/div>\n<p style=\"text-align: center\"><a href=\"https:\/\/musicasturiana.com\/wp-content\/uploads\/2025\/12\/videu-sones-navida-2025.jpg\"><img loading=\"lazy\" decoding=\"async\" class=\"aligncenter size-large\" src=\"https:\/\/musicasturiana.com\/wp-content\/uploads\/2025\/12\/videu-sones-navida-2025.jpg\" width=\"1200\" height=\"600\" \/><\/a><\/p>\n<div class=\"elementor-widget-container\">\n<p>&nbsp;<\/p>\n<\/div>\n<\/div>\n<p>&nbsp;<\/p>\n","protected":false},"excerpt":{"rendered":"<p>Los Sones de la Navid\u00e1 Asturiana lleguen a la so novena edici\u00f3n esti vienres en Grau. La Casa la Cultura acueye esta xuntanza tradicional na que va haber quince actuaciones de colectivos, agrupaciones y m\u00fasicos. Musicasturiana.com<\/p>\n","protected":false},"author":117,"featured_media":0,"comment_status":"closed","ping_status":"closed","sticky":false,"template":"","format":"standard","meta":{"footnotes":""},"categories":[35,125],"tags":[],"class_list":["post-64641","post","type-post","status-publish","format-standard","hentry","category-musica","category-musicasturiana-com"],"_links":{"self":[{"href":"https:\/\/edublog.educastur.es\/ixuxu\/wp-json\/wp\/v2\/posts\/64641","targetHints":{"allow":["GET"]}}],"collection":[{"href":"https:\/\/edublog.educastur.es\/ixuxu\/wp-json\/wp\/v2\/posts"}],"about":[{"href":"https:\/\/edublog.educastur.es\/ixuxu\/wp-json\/wp\/v2\/types\/post"}],"author":[{"embeddable":true,"href":"https:\/\/edublog.educastur.es\/ixuxu\/wp-json\/wp\/v2\/users\/117"}],"replies":[{"embeddable":true,"href":"https:\/\/edublog.educastur.es\/ixuxu\/wp-json\/wp\/v2\/comments?post=64641"}],"version-history":[{"count":1,"href":"https:\/\/edublog.educastur.es\/ixuxu\/wp-json\/wp\/v2\/posts\/64641\/revisions"}],"predecessor-version":[{"id":64642,"href":"https:\/\/edublog.educastur.es\/ixuxu\/wp-json\/wp\/v2\/posts\/64641\/revisions\/64642"}],"wp:attachment":[{"href":"https:\/\/edublog.educastur.es\/ixuxu\/wp-json\/wp\/v2\/media?parent=64641"}],"wp:term":[{"taxonomy":"category","embeddable":true,"href":"https:\/\/edublog.educastur.es\/ixuxu\/wp-json\/wp\/v2\/categories?post=64641"},{"taxonomy":"post_tag","embeddable":true,"href":"https:\/\/edublog.educastur.es\/ixuxu\/wp-json\/wp\/v2\/tags?post=64641"}],"curies":[{"name":"wp","href":"https:\/\/api.w.org\/{rel}","templated":true}]}}