{"id":64659,"date":"2026-01-01T08:30:43","date_gmt":"2026-01-01T06:30:43","guid":{"rendered":"https:\/\/edublog.educastur.es\/ixuxu\/?p=64659"},"modified":"2026-01-01T15:55:33","modified_gmt":"2026-01-01T13:55:33","slug":"asina-se-va-estender-la-masa-de-nieve-por-tola-peninsula","status":"publish","type":"post","link":"https:\/\/edublog.educastur.es\/ixuxu\/2026\/01\/asina-se-va-estender-la-masa-de-nieve-por-tola-peninsula\/","title":{"rendered":"Asina se va estender la masa de nieve por tola Pen\u00ednsula"},"content":{"rendered":"<p>Asina se va estender la masa de nieve por tola Pen\u00ednsula cola llegada de la umbada Francis, seg\u00fan el modelu GFS. Predicci\u00f3n d&#8217;acumuladures de nieve pal 6 de xineru de 2026 n&#8217;Espa\u00f1a seg\u00fan el modelu GFS. <i><a class=\"trk-relacionada-intext\" title=\"Pron\u00f3stico de Meteociel\" href=\"https:\/\/www.meteociel.fr\/modeles\/gfs\/espagne\/hauteur-neige\/150h.htm\" target=\"_blank\" rel=\"nofollow noopener noreferrer\" data-mrf-recirculation=\"Articulo - Enlaces en p\u00e1rrafos\" data-mrf-link=\"https:\/\/www.meteociel.fr\/modeles\/gfs\/espagne\/hauteur-neige\/150h.htm\">Meteociel.fr<\/a><\/i><\/p>\n<p style=\"text-align: center\"><a href=\"https:\/\/imagenes.20minutos.es\/files\/image_990_auto\/files\/fp\/uploads\/imagenes\/2025\/12\/31\/695501c3f15302-67023150.r_d.405-376-12975.jpeg\"><img loading=\"lazy\" decoding=\"async\" class=\"aligncenter size-large\" src=\"https:\/\/imagenes.20minutos.es\/files\/image_990_auto\/files\/fp\/uploads\/imagenes\/2025\/12\/31\/695501c3f15302-67023150.r_d.405-376-12975.jpeg\" width=\"990\" height=\"900\" \/><\/a><\/p>\n<p>A partir del primer s\u00e1badu del a\u00f1u, el 3 de xineru, la plenit\u00fa de la umbada Francis y el choque de mases d&#8217;aire sobro la Pen\u00ednsula aumenta la mira de que se desenvuelvan ag\u00fces intenses y, d\u00e1u&#8217;l fr\u00edu intenso, nevaes en cotes especialmente baxes.<\/p>\n<p><!--more--><\/p>\n<p>Precisamente, y\u00e1 hai un modelu meteorol\u00f3xicu que preve grandes nevaes na mayor parte d&#8217;Espa\u00f1a: tr\u00e1tase del modelu estadounidense Global Forecast System (GFS), cre\u00e1u y utiliz\u00e1u pola Alministraci\u00f3n Nacional Oc\u00e9anica y Atmosf\u00e9rica d&#8217;EEXX.<\/p>\n<p>Na predicci\u00f3n d&#8217;esti modelu, publicada pol portal meteorol\u00f3xicu franc\u00e9s <i><a class=\"trk-relacionada-intext\" title=\"Pron\u00f3stico de Meteociel\" href=\"https:\/\/www.meteociel.fr\/modeles\/gfs\/espagne\/hauteur-neige\/150h.htm\" target=\"_blank\" rel=\"nofollow noopener noreferrer\" data-mrf-recirculation=\"Articulo - Enlaces en p\u00e1rrafos\" data-mrf-link=\"https:\/\/www.meteociel.fr\/modeles\/gfs\/espagne\/hauteur-neige\/150h.htm\">Meteociel.fr<\/a><\/i>, esp\u00e9rase que, a partir del s\u00e1badu 3 de xineru y mientres dellos d\u00edes <strong>f\u00f3rmense importantes acumuladures de nieve, primero na \u00e1rea del cordal Cant\u00e1bricu y el norte del pa\u00eds, y dempu\u00e9s por pr\u00e1cticamente tol centru d&#8217;Espa\u00f1a.<\/strong><\/p>\n<p>Nel mapa del portal <i><a class=\"trk-relacionada-intext\" title=\"Pron\u00f3stico de Meteociel\" href=\"https:\/\/www.meteociel.fr\/modeles\/gfs\/espagne\/hauteur-neige\/150h.htm\" target=\"_blank\" rel=\"nofollow noopener noreferrer\" data-mrf-recirculation=\"Articulo - Enlaces en p\u00e1rrafos\" data-mrf-link=\"https:\/\/www.meteociel.fr\/modeles\/gfs\/espagne\/hauteur-neige\/150h.htm\">Meteociel.fr<\/a><\/i>, apr\u00e9ciase, en tonos grises y azules, les \u00e1rees nes que&#8217;l modelu GFS preve que se produzan acumuladures de nieve. Les \u00e1rees azules son aquelles nes que podr\u00eden superar amliamente los 20 y hasta los 30 cent\u00edmetros, lo que podr\u00eda suponer amplies acumuladures de nieve pel centru pen\u00ednsular que nun se rexistren dende la nevarada Filomena, nel a\u00f1u 2021.<\/p>\n<p style=\"text-align: center\"><a href=\"https:\/\/services.meteored.com\/img\/article\/manana-avisa-de-la-llegada-de-la-borrasca-francis-a-espana-manana-dejara-las-primeras-lluvias-en-estas-comunidades-1767176153444_1024.png\"><img loading=\"lazy\" decoding=\"async\" class=\"aligncenter size-large\" src=\"https:\/\/services.meteored.com\/img\/article\/manana-avisa-de-la-llegada-de-la-borrasca-francis-a-espana-manana-dejara-las-primeras-lluvias-en-estas-comunidades-1767176153444_1024.png\" width=\"1024\" height=\"714\" \/><\/a><\/p>\n<p style=\"text-align: center\"><a href=\"https:\/\/services.meteored.com\/img\/article\/maldonado-avisa-de-la-llegada-de-la-borrasca-francis-a-espana-manana-dejara-las-primeras-lluvias-en-estas-4-comunidades-1767176385611_1024.png\"><img loading=\"lazy\" decoding=\"async\" class=\"aligncenter size-large\" src=\"https:\/\/services.meteored.com\/img\/article\/maldonado-avisa-de-la-llegada-de-la-borrasca-francis-a-espana-manana-dejara-las-primeras-lluvias-en-estas-4-comunidades-1767176385611_1024.png\" width=\"1024\" height=\"714\" \/><\/a><\/p>\n<p>&nbsp;<\/p>\n<p style=\"text-align: center\"><a href=\"https:\/\/services.meteored.com\/img\/article\/manana-avisa-de-la-llegada-de-la-borrasca-francis-a-espana-manana-dejara-las-primeras-lluvias-en-estas-comunidades-1767176220122_1024.png\"><img loading=\"lazy\" decoding=\"async\" class=\"aligncenter size-large\" src=\"https:\/\/services.meteored.com\/img\/article\/manana-avisa-de-la-llegada-de-la-borrasca-francis-a-espana-manana-dejara-las-primeras-lluvias-en-estas-comunidades-1767176220122_1024.png\" width=\"1024\" height=\"714\" \/><\/a><\/p>\n","protected":false},"excerpt":{"rendered":"<p>Asina se va estender la masa de nieve por tola Pen\u00ednsula cola llegada de la umbada Francis, seg\u00fan el modelu GFS. Predicci\u00f3n d&#8217;acumuladures de nieve pal 6 de xineru de 2026 n&#8217;Espa\u00f1a seg\u00fan el modelu GFS. Meteociel.fr A partir del primer s\u00e1badu del a\u00f1u, el 3 de xineru, la plenit\u00fa de la umbada Francis y [&hellip;]<\/p>\n","protected":false},"author":117,"featured_media":0,"comment_status":"closed","ping_status":"closed","sticky":false,"template":"","format":"standard","meta":{"footnotes":""},"categories":[5],"tags":[],"class_list":["post-64659","post","type-post","status-publish","format-standard","hentry","category-tiempu"],"_links":{"self":[{"href":"https:\/\/edublog.educastur.es\/ixuxu\/wp-json\/wp\/v2\/posts\/64659","targetHints":{"allow":["GET"]}}],"collection":[{"href":"https:\/\/edublog.educastur.es\/ixuxu\/wp-json\/wp\/v2\/posts"}],"about":[{"href":"https:\/\/edublog.educastur.es\/ixuxu\/wp-json\/wp\/v2\/types\/post"}],"author":[{"embeddable":true,"href":"https:\/\/edublog.educastur.es\/ixuxu\/wp-json\/wp\/v2\/users\/117"}],"replies":[{"embeddable":true,"href":"https:\/\/edublog.educastur.es\/ixuxu\/wp-json\/wp\/v2\/comments?post=64659"}],"version-history":[{"count":4,"href":"https:\/\/edublog.educastur.es\/ixuxu\/wp-json\/wp\/v2\/posts\/64659\/revisions"}],"predecessor-version":[{"id":64663,"href":"https:\/\/edublog.educastur.es\/ixuxu\/wp-json\/wp\/v2\/posts\/64659\/revisions\/64663"}],"wp:attachment":[{"href":"https:\/\/edublog.educastur.es\/ixuxu\/wp-json\/wp\/v2\/media?parent=64659"}],"wp:term":[{"taxonomy":"category","embeddable":true,"href":"https:\/\/edublog.educastur.es\/ixuxu\/wp-json\/wp\/v2\/categories?post=64659"},{"taxonomy":"post_tag","embeddable":true,"href":"https:\/\/edublog.educastur.es\/ixuxu\/wp-json\/wp\/v2\/tags?post=64659"}],"curies":[{"name":"wp","href":"https:\/\/api.w.org\/{rel}","templated":true}]}}