{"id":64675,"date":"2026-01-01T18:00:01","date_gmt":"2026-01-01T16:00:01","guid":{"rendered":"https:\/\/edublog.educastur.es\/ixuxu\/?p=64675"},"modified":"2026-01-01T20:22:13","modified_gmt":"2026-01-01T18:22:13","slug":"64675","status":"publish","type":"post","link":"https:\/\/edublog.educastur.es\/ixuxu\/2026\/01\/64675\/","title":{"rendered":""},"content":{"rendered":"<p style=\"text-align: center\"><span style=\"color: #800080\"><em><span style=\"font-size: 28px\"><strong>\u00abNun hai nada qu&#8217;algamar\u00bb.<\/strong> <\/span><\/em><\/span><br \/>\n<span style=\"color: #800080\"><em><span style=\"font-size: 28px\">Nun meditamos para algamar el llume, <\/span><\/em><\/span><br \/>\n<span style=\"color: #800080\"><em><span style=\"font-size: 28px\">porque \u00e9sta y\u00e1 se topa en n\u00f3s. <\/span><\/em><\/span><br \/>\n<span style=\"color: #800080\"><em><span style=\"font-size: 28px\">Nun tenemos que buscar en neng\u00fan llugar. <\/span><\/em><\/span><br \/>\n<span style=\"color: #800080\"><em><span style=\"font-size: 28px\">Nun precisamos un prop\u00f3situ nin una meta.<\/span><\/em><\/span><br \/>\n<span style=\"color: #800080\"><em><span style=\"font-size: 28px\"> Tampoco practicamos<br \/>\npara llograr una posici\u00f3n elevada. <\/span><\/em><\/span><br \/>\n<strong><span style=\"color: #800080\"><em><span style=\"font-size: 28px\">Na ausencia d&#8217;oxetivu vemos<br \/>\nque nun nos falta nada, <\/span><\/em><\/span><\/strong><br \/>\n<span style=\"color: #800080\"><em><span style=\"font-size: 28px\"><strong>que y\u00e1 somos lo que queremos ser<\/strong><br \/>\ny dexamos de lluchar.<\/span><\/em><\/span><\/p>\n<p><!--more--><\/p>\n<p style=\"text-align: center\"><span style=\"color: #800080\"><em><span style=\"font-size: 28px\">Sent\u00edmonos en paz nel momentu presente, <\/span><\/em><\/span><br \/>\n<span style=\"color: #800080\"><em><span style=\"font-size: 28px\">viendo a cencielles como la lluz del sol <\/span><\/em><\/span><br \/>\n<span style=\"color: #800080\"><em><span style=\"font-size: 28px\">esmucise pola nuesa ventana<\/span><\/em><\/span><br \/>\n<span style=\"color: #800080\"><em><span style=\"font-size: 28px\"> o escuchando&#8217;l son\u00edu de l&#8217;agua. <\/span><\/em><\/span><br \/>\n<span style=\"color: #800080\"><em><span style=\"font-size: 28px\">Nun tenemos qu&#8217;escorrer nada.<\/span><\/em><\/span><br \/>\n<span style=\"color: #800080\"><em><span style=\"font-size: 28px\">Podemos esfrutar de cada momentu. <\/span><\/em><\/span><br \/>\n<span style=\"color: #800080\"><em><span style=\"font-size: 28px\">La xente fala d&#8217;entrar na nirvana, <\/span><\/em><\/span><br \/>\n<span style=\"color: #800080\"><em><span style=\"font-size: 28px\">pero y\u00e1 tamos ell\u00ed. <\/span><\/em><\/span><br \/>\n<span style=\"color: #800080\"><em><span style=\"font-size: 28px\">L&#8217;ausencia d&#8217;oxetivu y la nirvana son una sola cosa.<\/span><\/em><\/span><\/p>\n<p style=\"text-align: center\">Thich Nhat Hanh<br \/>\nEl coraz\u00f3n de les ense\u00f1ances de Buda<\/p>\n","protected":false},"excerpt":{"rendered":"<p>\u00abNun hai nada qu&#8217;algamar\u00bb. Nun meditamos para algamar el llume, porque \u00e9sta y\u00e1 se topa en n\u00f3s. Nun tenemos que buscar en neng\u00fan llugar. Nun precisamos un prop\u00f3situ nin una meta. Tampoco practicamos para llograr una posici\u00f3n elevada. Na ausencia d&#8217;oxetivu vemos que nun nos falta nada, que y\u00e1 somos lo que queremos ser y [&hellip;]<\/p>\n","protected":false},"author":117,"featured_media":0,"comment_status":"closed","ping_status":"closed","sticky":false,"template":"","format":"quote","meta":{"footnotes":""},"categories":[1],"tags":[],"class_list":["post-64675","post","type-post","status-publish","format-quote","hentry","category-sin-categoria","post_format-post-format-quote"],"_links":{"self":[{"href":"https:\/\/edublog.educastur.es\/ixuxu\/wp-json\/wp\/v2\/posts\/64675","targetHints":{"allow":["GET"]}}],"collection":[{"href":"https:\/\/edublog.educastur.es\/ixuxu\/wp-json\/wp\/v2\/posts"}],"about":[{"href":"https:\/\/edublog.educastur.es\/ixuxu\/wp-json\/wp\/v2\/types\/post"}],"author":[{"embeddable":true,"href":"https:\/\/edublog.educastur.es\/ixuxu\/wp-json\/wp\/v2\/users\/117"}],"replies":[{"embeddable":true,"href":"https:\/\/edublog.educastur.es\/ixuxu\/wp-json\/wp\/v2\/comments?post=64675"}],"version-history":[{"count":3,"href":"https:\/\/edublog.educastur.es\/ixuxu\/wp-json\/wp\/v2\/posts\/64675\/revisions"}],"predecessor-version":[{"id":64725,"href":"https:\/\/edublog.educastur.es\/ixuxu\/wp-json\/wp\/v2\/posts\/64675\/revisions\/64725"}],"wp:attachment":[{"href":"https:\/\/edublog.educastur.es\/ixuxu\/wp-json\/wp\/v2\/media?parent=64675"}],"wp:term":[{"taxonomy":"category","embeddable":true,"href":"https:\/\/edublog.educastur.es\/ixuxu\/wp-json\/wp\/v2\/categories?post=64675"},{"taxonomy":"post_tag","embeddable":true,"href":"https:\/\/edublog.educastur.es\/ixuxu\/wp-json\/wp\/v2\/tags?post=64675"}],"curies":[{"name":"wp","href":"https:\/\/api.w.org\/{rel}","templated":true}]}}