{"id":64682,"date":"2026-01-01T16:20:54","date_gmt":"2026-01-01T14:20:54","guid":{"rendered":"https:\/\/edublog.educastur.es\/ixuxu\/?p=64682"},"modified":"2026-01-01T19:26:50","modified_gmt":"2026-01-01T17:26:50","slug":"alimentos-del-paraisu-natural-campana-nacional-nautobuses-y-estaciones-de-tresportes","status":"publish","type":"post","link":"https:\/\/edublog.educastur.es\/ixuxu\/2026\/01\/alimentos-del-paraisu-natural-campana-nacional-nautobuses-y-estaciones-de-tresportes\/","title":{"rendered":"Campa\u00f1a Nacional d&#8217;Alimentos del Para\u00edsu n&#8217;autobuses y estaciones\u2002"},"content":{"rendered":"<p style=\"text-align: center\"><a href=\"https:\/\/www.rtpa.es\/fotos\/\/25\/12\/20251230140938_RTPA7530512.webp\"><img loading=\"lazy\" decoding=\"async\" class=\"aligncenter size-large\" src=\"https:\/\/www.rtpa.es\/fotos\/\/25\/12\/20251230140938_RTPA7530512.webp\" width=\"853\" height=\"480\" \/><\/a><\/p>\n<p><a href=\"https:\/\/www.rtpa.es\/noticias-asturias-ast\/2025-12-30\/Campa\u00f1a-Nacional-d'Alimentos-del-Paraisu-n'autobuses-y-estaciones%E2%80%82%E2%80%82%E2%80%82%E2%80%82%E2%80%82-%E2%80%82%E2%80%82%E2%80%82%E2%80%82%E2%80%82_111767102609.html\">RTPA<\/a> \/ El Princip\u00e1u promociona los Alimentos del Para\u00edsu Natural&#8217; con una campa\u00f1a nacional n&#8217;autobuses y estaciones de tresportes. La imaxe de los productos agroalimentarios asturianos va tar presente en tol pa\u00eds. <strong>L&#8217;oxetivu, reforzar el calter estrat\u00e9xicu del sector primariu na econom\u00eda asturiana.<\/strong><\/p>\n<p><!--more--><\/p>\n<p>La nueva campa\u00f1a de promoci\u00f3n de la marca de calid\u00e1 Alimentos del Para\u00edsu Natural amosar\u00e1se n\u2019ocho autobuses de la compa\u00f1\u00eda Alsa que cubren la llinia Asturies-Madrid, asina como en pantalles instalaes en 15 estaciones de la capital, Granada, Valencia, A Coru\u00f1a, Barcelona, Zaragoza, Alicante y Benidorm, am\u00e1s de la d\u2019Uvi\u00e9u.<\/p>\n<p style=\"text-align: center\">\n<!-- iframe plugin v.6.0 wordpress.org\/plugins\/iframe\/ -->\n<iframe loading=\"lazy\" src=\"https:\/\/www.facebook.com\/plugins\/video.php?height=476&#038;href=https%3A%2F%2Fwww.facebook.com%2Freel%2F1356134425794093%2F&#038;show_text=false&#038;width=476&#038;t=0\" width=\"476\" height=\"476\" style=\"border:none;overflow:hidden\" scrolling=\"no\" frameborder=\"0\" allowfullscreen=\"true\" allow=\"autoplay; clipboard-write; encrypted-media; picture-in-picture; web-share\" 0=\"\/iframe\" class=\"iframe-class\"><\/iframe>\n<\/p>\n<p>Seis veh\u00edculos amosar\u00e1n la imaxe na so parte trasera y otros dos de forma entera pa dar visibilid\u00e1 a estos productos en distintos puntos del pa\u00eds y reforzar el calter estrat\u00e9xicu del sector primariu na econom\u00eda asturiana, informa la Conseyer\u00eda de Mediu Rural.<\/p>\n<p>Am\u00e1s, la promoci\u00f3n reforz\u00f3se cola presencia d\u2019Alimentos del Para\u00edsu Natural nel programa de la TPA &#8216;Conexi\u00f3n Asturias&#8217; en tol mes d\u2019avientu, y cola emisi\u00f3n d\u2019anuncios na televisi\u00f3n p\u00fablica asturiana nes fiestes.<\/p>\n<p>A estes iniciatives ami\u00e9stense conten\u00edos en medios dixitales y en papel, asina como reportaxes qu\u2019averen los Alimentos del Para\u00edsu Natural a tola ciudadan\u00eda.<\/p>\n<p>@alimentosastur <span class=\"html-span xdj266r x14z9mp xat24cr x1lziwak xexx8yu xyri2b x18d9i69 x1c1uobl x1hl2dhg x16tdsg8 x1vvkbs\"><a class=\"x1i10hfl xjbqb8w x1ejq31n x18oe1m7 x1sy0etr xstzfhl x972fbf x10w94by x1qhh985 x14e42zd x9f619 x1ypdohk xt0psk2 x3ct3a4 xdj266r x14z9mp xat24cr x1lziwak xexx8yu xyri2b x18d9i69 x1c1uobl x16tdsg8 x1hl2dhg xggy1nq x1a2a7pz xkrqix3 x1sur9pj x1fey0fg x1s688f\" role=\"link\" href=\"https:\/\/www.facebook.com\/hashtag\/asturiaspara%C3%ADsonatural?__eep__=6&amp;__cft__[0]=AZYQ0YGZuEjZ0dFYcdVfAaCBT0v1JziOCidmtqJFVnLufZxAEqpUx-dIRzt8oOs3WOIJR5E3Ll1Vv3v-LQ4UGKfsS9Ia6TR5jSvGwszgKeOQ4B3XrwBYTJ3LJbaz0zQVZ2AejegFGKMiLih0hM_1rxxxrDzOh0MCQuN2y5bn5G3we_vo6sp-V8qQuzGvvTujAoDzt9VkYNzqO6cr6zUhI1nh&amp;__tn__=*NK-y-R\">#asturiaspara\u00edsonatural<\/a><\/span> <span class=\"html-span xdj266r x14z9mp xat24cr x1lziwak xexx8yu xyri2b x18d9i69 x1c1uobl x1hl2dhg x16tdsg8 x1vvkbs\"><a class=\"x1i10hfl xjbqb8w x1ejq31n x18oe1m7 x1sy0etr xstzfhl x972fbf x10w94by x1qhh985 x14e42zd x9f619 x1ypdohk xt0psk2 x3ct3a4 xdj266r x14z9mp xat24cr x1lziwak xexx8yu xyri2b x18d9i69 x1c1uobl x16tdsg8 x1hl2dhg xggy1nq x1a2a7pz xkrqix3 x1sur9pj x1fey0fg x1s688f\" role=\"link\" href=\"https:\/\/www.facebook.com\/hashtag\/gastronom%C3%ADa?__eep__=6&amp;__cft__[0]=AZYQ0YGZuEjZ0dFYcdVfAaCBT0v1JziOCidmtqJFVnLufZxAEqpUx-dIRzt8oOs3WOIJR5E3Ll1Vv3v-LQ4UGKfsS9Ia6TR5jSvGwszgKeOQ4B3XrwBYTJ3LJbaz0zQVZ2AejegFGKMiLih0hM_1rxxxrDzOh0MCQuN2y5bn5G3we_vo6sp-V8qQuzGvvTujAoDzt9VkYNzqO6cr6zUhI1nh&amp;__tn__=*NK-y-R\">#gastronom\u00eda<\/a><\/span> <span class=\"html-span xdj266r x14z9mp xat24cr x1lziwak xexx8yu xyri2b x18d9i69 x1c1uobl x1hl2dhg x16tdsg8 x1vvkbs\"><a class=\"x1i10hfl xjbqb8w x1ejq31n x18oe1m7 x1sy0etr xstzfhl x972fbf x10w94by x1qhh985 x14e42zd x9f619 x1ypdohk xt0psk2 x3ct3a4 xdj266r x14z9mp xat24cr x1lziwak xexx8yu xyri2b x18d9i69 x1c1uobl x16tdsg8 x1hl2dhg xggy1nq x1a2a7pz xkrqix3 x1sur9pj x1fey0fg x1s688f\" role=\"link\" href=\"https:\/\/www.facebook.com\/hashtag\/asturias?__eep__=6&amp;__cft__[0]=AZYQ0YGZuEjZ0dFYcdVfAaCBT0v1JziOCidmtqJFVnLufZxAEqpUx-dIRzt8oOs3WOIJR5E3Ll1Vv3v-LQ4UGKfsS9Ia6TR5jSvGwszgKeOQ4B3XrwBYTJ3LJbaz0zQVZ2AejegFGKMiLih0hM_1rxxxrDzOh0MCQuN2y5bn5G3we_vo6sp-V8qQuzGvvTujAoDzt9VkYNzqO6cr6zUhI1nh&amp;__tn__=*NK-y-R\">#Asturias<\/a><\/span><\/p>\n","protected":false},"excerpt":{"rendered":"<p>RTPA \/ El Princip\u00e1u promociona los Alimentos del Para\u00edsu Natural&#8217; con una campa\u00f1a nacional n&#8217;autobuses y estaciones de tresportes. La imaxe de los productos agroalimentarios asturianos va tar presente en tol pa\u00eds. L&#8217;oxetivu, reforzar el calter estrat\u00e9xicu del sector primariu na econom\u00eda asturiana.<\/p>\n","protected":false},"author":117,"featured_media":0,"comment_status":"closed","ping_status":"closed","sticky":false,"template":"","format":"standard","meta":{"footnotes":""},"categories":[138,11],"tags":[],"class_list":["post-64682","post","type-post","status-publish","format-standard","hentry","category-alimentos","category-campanes"],"_links":{"self":[{"href":"https:\/\/edublog.educastur.es\/ixuxu\/wp-json\/wp\/v2\/posts\/64682","targetHints":{"allow":["GET"]}}],"collection":[{"href":"https:\/\/edublog.educastur.es\/ixuxu\/wp-json\/wp\/v2\/posts"}],"about":[{"href":"https:\/\/edublog.educastur.es\/ixuxu\/wp-json\/wp\/v2\/types\/post"}],"author":[{"embeddable":true,"href":"https:\/\/edublog.educastur.es\/ixuxu\/wp-json\/wp\/v2\/users\/117"}],"replies":[{"embeddable":true,"href":"https:\/\/edublog.educastur.es\/ixuxu\/wp-json\/wp\/v2\/comments?post=64682"}],"version-history":[{"count":4,"href":"https:\/\/edublog.educastur.es\/ixuxu\/wp-json\/wp\/v2\/posts\/64682\/revisions"}],"predecessor-version":[{"id":64702,"href":"https:\/\/edublog.educastur.es\/ixuxu\/wp-json\/wp\/v2\/posts\/64682\/revisions\/64702"}],"wp:attachment":[{"href":"https:\/\/edublog.educastur.es\/ixuxu\/wp-json\/wp\/v2\/media?parent=64682"}],"wp:term":[{"taxonomy":"category","embeddable":true,"href":"https:\/\/edublog.educastur.es\/ixuxu\/wp-json\/wp\/v2\/categories?post=64682"},{"taxonomy":"post_tag","embeddable":true,"href":"https:\/\/edublog.educastur.es\/ixuxu\/wp-json\/wp\/v2\/tags?post=64682"}],"curies":[{"name":"wp","href":"https:\/\/api.w.org\/{rel}","templated":true}]}}