{"id":64691,"date":"2026-01-01T19:05:47","date_gmt":"2026-01-01T17:05:47","guid":{"rendered":"https:\/\/edublog.educastur.es\/ixuxu\/?p=64691"},"modified":"2026-01-01T19:12:44","modified_gmt":"2026-01-01T17:12:44","slug":"llocura-polos-dulces-duna-pasteleria-dun-pequenu-pueblu-dasturies","status":"publish","type":"post","link":"https:\/\/edublog.educastur.es\/ixuxu\/2026\/01\/llocura-polos-dulces-duna-pasteleria-dun-pequenu-pueblu-dasturies\/","title":{"rendered":"Llocura polos dulces d&#8217;una pasteler\u00eda d&#8217;un pequenu pueblu d&#8217;Asturies"},"content":{"rendered":"<p style=\"text-align: center\"><a href=\"https:\/\/estaticos-cdn.prensaiberica.es\/clip\/d426399c-44ab-42bc-8fae-cc9e703b0554_16-9-discover-aspect-ratio_default_0_x479y288.webp\"><img loading=\"lazy\" decoding=\"async\" class=\"aligncenter size-large\" src=\"https:\/\/estaticos-cdn.prensaiberica.es\/clip\/d426399c-44ab-42bc-8fae-cc9e703b0554_16-9-discover-aspect-ratio_default_0_x479y288.webp\" width=\"1200\" height=\"675\" \/><\/a><\/p>\n<p>Llocura polos dulces d&#8217;una pasteler\u00eda d&#8217;un pequenu pueblu d&#8217;Asturies: coles d&#8217;hora y media, y m\u00fasica en directu y polvorones de regalu. L&#8217;adorable confiter\u00eda ta asitiada n&#8217;una casona blanca con puertes y ventanes coloraes que paez sacada d&#8217;un cuentu. <a href=\"https:\/\/www.lne.es\/occidente\/2026\/01\/01\/locura-dulces-pasteleria-pequeno-pueblo-125295396.html?utm_campaign=mrf-facebook-nuevaespana&amp;mrfcid=20260101695688fe392c3c38e198bce4&amp;fbclid=IwY2xjawPDiEtleHRuA2FlbQIxMQBicmlkETFTUEkwVHFwSlB3R3FJMUNOc3J0YwZhcHBfaWQQMjIyMDM5MTc4ODIwMDg5MgABHmPsBYmDRp1CJKwsHW_M341tkLmfEws3TlNNpSq3KQsFQQeVwnGMm4gLNqHH_aem_5kdGyx5m3wFAUStOfjdL3A\">LNE<\/a><\/p>\n<p><!--more--><\/p>\n<p>Nun pequenu pueblu d&#8217;Asturies, nel conceyu de Vald\u00e9s, hai aut\u00e9ntica llocura polos dulces de Jonathan Gonz\u00e1lez. Tal ye asina que en Nuechebona la so adorable pasteler\u00eda, allugada n&#8217;una casona blanca con puertes y ventanes coloraes, que paez sacada d&#8217;un cuentu de Disney, lleg\u00f3 a atropar coles de m\u00e1s d&#8217;hora y media. <strong>La pasteler\u00eda Cabu Bustu, asitiada na localid\u00e1 de Bustu<\/strong>, estim\u00f3 la espera con m\u00fasica en directu y polvorones y sidra de regalu. <a href=\"https:\/\/www.instagram.com\/p\/DS5VpQDCBWe\/\">Videu<\/a> \/ <a href=\"https:\/\/www.instagram.com\/pasteleriacabobusto\">Instagram<\/a><\/p>\n<p>L&#8217;\u00e9situ d&#8217;esta pasteler\u00eda, a\u00f1u tres d&#8217;a\u00f1u, demuestra que nun fai falta tar na ciud\u00e1 para trunfar. Que dende un pueblu, nesti casu&#8217;l de <a href=\"https:\/\/www.instagram.com\/p\/DQ4hEXuiEyI\/\">Jonathan Gonz\u00e1lez<\/a>, pueden faese grandes coses. Hasta&#8217;l so coqueta pasteler\u00eda pelegrinen veceros de tolos puntos d&#8217;Espa\u00f1a.<\/p>\n<p style=\"text-align: center\"><span class=\"_ap3a _aaco _aacu _aacx _aad7 _aade\" dir=\"auto\"><em><span class=\"x193iq5w xeuugli x13faqbe x1vvkbs xt0psk2 x1i0vuye xvs91rp xo1l8bm x5n08af x10wh9bi xpm28yp x8viiok x1o7cslx x126k92a\"><span class=\"html-span xexx8yu x4uap5 x18d9i69 xkhd6sd x1hl2dhg x16tdsg8 x1vvkbs x3nfvp2 x1j61x8r x1fcty0u xdj266r xat24cr xgzva0m xhhsvwb xxymvpz xlup9mm x1kky2od\">\n<!-- iframe plugin v.6.0 wordpress.org\/plugins\/iframe\/ -->\n<iframe loading=\"lazy\" src=\"https:\/\/www.instagram.com\/p\/DSS5EQ4DM1c\/embed\" width=\"640\" height=\"540\" 0=\"\/iframe\" scrolling=\"yes\" class=\"iframe-class\" frameborder=\"0\"><\/iframe>\n<\/span><\/span><\/em><\/span><\/p>\n<p><strong>Dende 2013. <\/strong>El mozu pasteleru abri\u00f3&#8217;l so negociu en 2013 sobro la base del obrador que ten\u00eda&#8217;l so t\u00edu \u00c1ngel, col que se punxo nun principiu a faer pan y a partilo por tol Occidente cuando decidi\u00f3 volver a casa en form\u00e1ndose en Xix\u00f3n y l&#8217;estranxeru. \u00abDepu\u00e9s empec\u00e9 a faer yo bollos pre\u00f1\u00e1os, magdalenas, la xente encargaba y adulces lleg\u00f3 esto\u00bb, esplic\u00f3 nuna entrevista a LA NUEVA ESPA\u00d1A. Una pasteler\u00eda que la mayor\u00eda de d\u00edes quedaren ensin un pastel nel mostrador.<\/p>\n<p>La so fama lleg\u00f3 a tal puntu que los sos dulces v\u00e9ndense nes tiendes d&#8217;Uvi\u00e9u d&#8217;El Corte Ingl\u00e9s. Y\u00e1 s\u00eda nel obrador, nel mostrador o detr\u00e1s de la caxa rexistradora, al pie de Jonathan Gonz\u00e1lez t\u00e1n el so t\u00edu, la so madre, el so hermanu y la so muyer, Mar\u00eda Athanasiadou, d&#8217;orixe griegu y a la que conoci\u00f3 en Par\u00eds. \u00abElla oc\u00fapase de les cuentes, sobremanera. Yo del obrador\u00bb.<\/p>\n<p style=\"text-align: center\"><a href=\"https:\/\/estaticos-cdn.prensaiberica.es\/clip\/f7f179cb-3671-4b16-8699-ef887d3a7230_source-aspect-ratio_default_0.webp\"><img loading=\"lazy\" decoding=\"async\" class=\"aligncenter size-large\" src=\"https:\/\/estaticos-cdn.prensaiberica.es\/clip\/f7f179cb-3671-4b16-8699-ef887d3a7230_source-aspect-ratio_default_0.webp\" width=\"2000\" height=\"1333\" \/><\/a><\/p>\n<p>\u00a0Jontahan Gonz\u00e1lez cola so familia na pasteler\u00eda Cabu Bustu \/ FERNANDO RODRIGUEZ<\/p>\n<p>Creativid\u00e1. Jonathan Gonz\u00e1lez non solo apuesta pol bon productu, sin\u00f3n tami\u00e9n pola innovaci\u00f3n y una presentaci\u00f3n esquisita de les sos ellaboraciones, conquistando a los cielos la boca m\u00e1s esixentes. Los comentarios de los veceros n&#8217;internet son escelentes.<\/p>\n<p>&nbsp;<\/p>\n","protected":false},"excerpt":{"rendered":"<p>Llocura polos dulces d&#8217;una pasteler\u00eda d&#8217;un pequenu pueblu d&#8217;Asturies: coles d&#8217;hora y media, y m\u00fasica en directu y polvorones de regalu. L&#8217;adorable confiter\u00eda ta asitiada n&#8217;una casona blanca con puertes y ventanes coloraes que paez sacada d&#8217;un cuentu. LNE<\/p>\n","protected":false},"author":117,"featured_media":0,"comment_status":"closed","ping_status":"closed","sticky":false,"template":"","format":"standard","meta":{"footnotes":""},"categories":[153,81],"tags":[],"class_list":["post-64691","post","type-post","status-publish","format-standard","hentry","category-llambiotaes","category-nadal"],"_links":{"self":[{"href":"https:\/\/edublog.educastur.es\/ixuxu\/wp-json\/wp\/v2\/posts\/64691","targetHints":{"allow":["GET"]}}],"collection":[{"href":"https:\/\/edublog.educastur.es\/ixuxu\/wp-json\/wp\/v2\/posts"}],"about":[{"href":"https:\/\/edublog.educastur.es\/ixuxu\/wp-json\/wp\/v2\/types\/post"}],"author":[{"embeddable":true,"href":"https:\/\/edublog.educastur.es\/ixuxu\/wp-json\/wp\/v2\/users\/117"}],"replies":[{"embeddable":true,"href":"https:\/\/edublog.educastur.es\/ixuxu\/wp-json\/wp\/v2\/comments?post=64691"}],"version-history":[{"count":3,"href":"https:\/\/edublog.educastur.es\/ixuxu\/wp-json\/wp\/v2\/posts\/64691\/revisions"}],"predecessor-version":[{"id":64694,"href":"https:\/\/edublog.educastur.es\/ixuxu\/wp-json\/wp\/v2\/posts\/64691\/revisions\/64694"}],"wp:attachment":[{"href":"https:\/\/edublog.educastur.es\/ixuxu\/wp-json\/wp\/v2\/media?parent=64691"}],"wp:term":[{"taxonomy":"category","embeddable":true,"href":"https:\/\/edublog.educastur.es\/ixuxu\/wp-json\/wp\/v2\/categories?post=64691"},{"taxonomy":"post_tag","embeddable":true,"href":"https:\/\/edublog.educastur.es\/ixuxu\/wp-json\/wp\/v2\/tags?post=64691"}],"curies":[{"name":"wp","href":"https:\/\/api.w.org\/{rel}","templated":true}]}}