{"id":64728,"date":"2026-01-01T18:10:34","date_gmt":"2026-01-01T16:10:34","guid":{"rendered":"https:\/\/edublog.educastur.es\/ixuxu\/?p=64728"},"modified":"2026-01-02T13:01:15","modified_gmt":"2026-01-02T11:01:15","slug":"lanu-nuevu-trainos-tamien-actualizacion-de-los-precios","status":"publish","type":"post","link":"https:\/\/edublog.educastur.es\/ixuxu\/2026\/01\/lanu-nuevu-trainos-tamien-actualizacion-de-los-precios\/","title":{"rendered":"L&#8217;A\u00f1u Nuevu tr\u00e1inos tami\u00e9n actualizaci\u00f3n de los precios."},"content":{"rendered":"<p>L&#8217;A\u00f1u Nuevu tr\u00e1inos tami\u00e9n actualizaci\u00f3n de los precios. Vamos repasar qu\u00e9 va xubir y qu\u00e9 va baxar angua\u00f1o. Ente lo que xube, la cesta de la compra, la vivienda, los carburantes (el di\u00e9sel, en concretu) y la telefon\u00eda. <a href=\"https:\/\/www.rtpa.es\/noticias-economia-ast\/2026-01-01\/Xuben-los-precios-de-los-alimentos,-la-vivienda,-el-carburante-y-la-telefonia,-ente-otros_111767272780.html\">TPA<\/a> Xuben los precios de los alimentos, la vivienda, el carburante y la telefon\u00eda, ente otros.<\/p>\n<p style=\"text-align: center\"><img loading=\"lazy\" decoding=\"async\" class=\"aligncenter size-large\" src=\"https:\/\/www.rtpa.es\/fotos\/\/25\/11\/20251114091513_RTPA7347698.webp\" width=\"853\" height=\"480\" \/><\/p>\n<p><!--more--><\/p>\n<ul>\n<li class=\"font-size-m padding-b-20 font-weight-b margin-t-16\">Baxa la factura de la lluz y el tresporte p\u00fablicu, al caltenese les ayudes del Gobiernu.<\/li>\n<li class=\"font-size-m padding-b-20 font-weight-b margin-t-16\">Ente lo que xube, la cesta de la compra, la vivienda, el carburante (el di\u00e9sel, en concreto) y la telefon\u00eda.<\/li>\n<li class=\"font-size-m padding-b-20 font-weight-b margin-t-16\">Baxa la factura de la lluz y el tresporte p\u00fablicu, al caltenese les ayudes del Gobiernu.<\/li>\n<li class=\"font-size-m padding-b-20 font-weight-b margin-t-16\">Y no qu&#8217;afecta a<strong> les remuneraciones<\/strong>, en 2026, van xubir les pensiones: un 7% pa les m\u00ednimes y daqu\u00e9 m\u00e1s d&#8217;un 11% pa les non contributives.<\/li>\n<li class=\"font-size-m padding-b-20 font-weight-b margin-t-16\">Tami\u00e9n va xubir el salariu m\u00ednimu y el sueldu de los funcionarios.<\/li>\n<\/ul>\n","protected":false},"excerpt":{"rendered":"<p>L&#8217;A\u00f1u Nuevu tr\u00e1inos tami\u00e9n actualizaci\u00f3n de los precios. Vamos repasar qu\u00e9 va xubir y qu\u00e9 va baxar angua\u00f1o. Ente lo que xube, la cesta de la compra, la vivienda, los carburantes (el di\u00e9sel, en concretu) y la telefon\u00eda. TPA Xuben los precios de los alimentos, la vivienda, el carburante y la telefon\u00eda, ente otros.<\/p>\n","protected":false},"author":117,"featured_media":0,"comment_status":"closed","ping_status":"closed","sticky":false,"template":"","format":"standard","meta":{"footnotes":""},"categories":[271],"tags":[],"class_list":["post-64728","post","type-post","status-publish","format-standard","hentry","category-economia"],"_links":{"self":[{"href":"https:\/\/edublog.educastur.es\/ixuxu\/wp-json\/wp\/v2\/posts\/64728","targetHints":{"allow":["GET"]}}],"collection":[{"href":"https:\/\/edublog.educastur.es\/ixuxu\/wp-json\/wp\/v2\/posts"}],"about":[{"href":"https:\/\/edublog.educastur.es\/ixuxu\/wp-json\/wp\/v2\/types\/post"}],"author":[{"embeddable":true,"href":"https:\/\/edublog.educastur.es\/ixuxu\/wp-json\/wp\/v2\/users\/117"}],"replies":[{"embeddable":true,"href":"https:\/\/edublog.educastur.es\/ixuxu\/wp-json\/wp\/v2\/comments?post=64728"}],"version-history":[{"count":1,"href":"https:\/\/edublog.educastur.es\/ixuxu\/wp-json\/wp\/v2\/posts\/64728\/revisions"}],"predecessor-version":[{"id":64729,"href":"https:\/\/edublog.educastur.es\/ixuxu\/wp-json\/wp\/v2\/posts\/64728\/revisions\/64729"}],"wp:attachment":[{"href":"https:\/\/edublog.educastur.es\/ixuxu\/wp-json\/wp\/v2\/media?parent=64728"}],"wp:term":[{"taxonomy":"category","embeddable":true,"href":"https:\/\/edublog.educastur.es\/ixuxu\/wp-json\/wp\/v2\/categories?post=64728"},{"taxonomy":"post_tag","embeddable":true,"href":"https:\/\/edublog.educastur.es\/ixuxu\/wp-json\/wp\/v2\/tags?post=64728"}],"curies":[{"name":"wp","href":"https:\/\/api.w.org\/{rel}","templated":true}]}}