{"id":64736,"date":"2026-01-02T13:19:07","date_gmt":"2026-01-02T11:19:07","guid":{"rendered":"https:\/\/edublog.educastur.es\/ixuxu\/?p=64736"},"modified":"2026-01-02T13:21:21","modified_gmt":"2026-01-02T11:21:21","slug":"ultimos-dies-pa-inscribise-nel-concursu-gastronomicu-del-afuegal-pitu","status":"publish","type":"post","link":"https:\/\/edublog.educastur.es\/ixuxu\/2026\/01\/ultimos-dies-pa-inscribise-nel-concursu-gastronomicu-del-afuegal-pitu\/","title":{"rendered":"\u00daltimos d\u00edes pa inscribise nel concursu gastron\u00f3micu del Afuega&#8217;l Pitu"},"content":{"rendered":"<div class=\"html-div xdj266r x14z9mp xat24cr x1lziwak xexx8yu x1a8lsjc xf7dkkf xv54qhq\">\n<div class=\"html-div xdj266r x14z9mp xat24cr x1lziwak xexx8yu xyri2b x18d9i69 x1c1uobl x1jx94hy x78zum5 x1q0g3np\">\n<div class=\"x78zum5 xdt5ytf xz62fqu x16ldp7u\">\n<div class=\"xu06os2 x1ok221b\">\n<div class=\"html-div xdj266r x14z9mp xat24cr x1lziwak xexx8yu xyri2b x18d9i69 x1c1uobl\" data-ad-rendering-role=\"profile_name\">\n<ul>\n<li class=\"html-h3 x14z9mp xat24cr x1lziwak xexx8yu xyri2b x18d9i69 x1c1uobl x1vvkbs x1heor9g x1qlqyl8 x1pd3egz x1a2a7pz x1gslohp x1yc453h\"><span class=\"x1lliihq x6ikm8r x10wlt62 x1n2onr6\"><span class=\"xt0psk2\"><a class=\"x1i10hfl xjbqb8w x1ejq31n x18oe1m7 x1sy0etr xstzfhl x972fbf x10w94by x1qhh985 x14e42zd x9f619 x1ypdohk xt0psk2 x3ct3a4 xdj266r x14z9mp xat24cr x1lziwak xexx8yu xyri2b x18d9i69 x1c1uobl x16tdsg8 x1hl2dhg xggy1nq x1a2a7pz xkrqix3 x1sur9pj xzsf02u x1s688f\" role=\"link\" href=\"https:\/\/www.facebook.com\/DOPQuesoAfuegalPitu?__cft__[0]=AZa-iUiA-gbMcOYlRpiPuftRp7k0dmGqpzY6zAscTnzn77Bhf157MKSUXaIpabD2ibNosgsLKZoHxWdZ2iCf_u4lkqIQdGnK5Lv4mH7pxDtGkiQAseTI5nXrwlIYwvFHCL_RSPspjqQ5YQLb92v9B0alv6s_Gl5JUq000YAibWJ2scYNPUUjG0NvpFVAk1T3hRbSZv0dSWsIm7y2zN61UmJs&amp;__tn__=-UC%2CP-y-R\"><b class=\"html-b xdj266r x14z9mp xat24cr x1lziwak xexx8yu xyri2b x18d9i69 x1c1uobl x1hl2dhg x16tdsg8 x1vvkbs x1s688f\"><span class=\"html-span xdj266r x14z9mp xat24cr x1lziwak xexx8yu xyri2b x18d9i69 x1c1uobl x1hl2dhg x16tdsg8 x1vvkbs\">Queso Afuega&#8217;l Pitu<\/span><\/b><\/a><\/span><\/span><span class=\"html-span xexx8yu xyri2b x18d9i69 x1c1uobl x1hl2dhg x16tdsg8 x1vvkbs x3nfvp2 x1j61x8r x1fcty0u xdj266r xat24cr xm2jcoa x1mpyi22 xxymvpz xlup9mm x1kky2od\" style=\"font-size: 16px\"><img loading=\"lazy\" decoding=\"async\" class=\"xz74otr x15mokao x1ga7v0g x16uus16 xbiv7yw\" src=\"https:\/\/static.xx.fbcdn.net\/images\/emoji.php\/v9\/tba\/1\/16\/1f4e3.png\" alt=\"\ud83d\udce3\" width=\"16\" height=\"16\" \/><\/span> <span class=\"html-span xexx8yu xyri2b x18d9i69 x1c1uobl x1hl2dhg x16tdsg8 x1vvkbs x3nfvp2 x1j61x8r x1fcty0u xdj266r xat24cr xm2jcoa x1mpyi22 xxymvpz xlup9mm x1kky2od\" style=\"font-size: 16px\"><img loading=\"lazy\" decoding=\"async\" class=\"xz74otr x15mokao x1ga7v0g x16uus16 xbiv7yw\" src=\"https:\/\/static.xx.fbcdn.net\/images\/emoji.php\/v9\/t51\/1\/16\/1f449.png\" alt=\"\ud83d\udc49\" width=\"16\" height=\"16\" \/><\/span> <span class=\"html-span xdj266r x14z9mp xat24cr x1lziwak xexx8yu xyri2b x18d9i69 x1c1uobl x1hl2dhg x16tdsg8 x1vvkbs\" style=\"font-size: 16px\"><a class=\"x1i10hfl xjbqb8w x1ejq31n x18oe1m7 x1sy0etr xstzfhl x972fbf x10w94by x1qhh985 x14e42zd x9f619 x1ypdohk xt0psk2 x3ct3a4 xdj266r x14z9mp xat24cr x1lziwak xexx8yu xyri2b x18d9i69 x1c1uobl x16tdsg8 x1hl2dhg xggy1nq x1a2a7pz xkrqix3 x1sur9pj x1fey0fg x1s688f\" role=\"link\" href=\"https:\/\/l.facebook.com\/l.php?u=http%3A%2F%2Fwww.doafuegalpitu.es%2Fdop%3Ffbclid%3DIwZXh0bgNhZW0CMTAAYnJpZBExU1BJMFRxcEpQd0dxSTFDTnNydGMGYXBwX2lkEDIyMjAzOTE3ODgyMDA4OTIAAR75R6QQ39CmeQ7TePLlqGxcGrC2M6-XFaeym_0evbuQOZ0elqOcmUfKfJWezg_aem_lnx23BYe3cOUxzGf6_eIvA&amp;h=AT1mj-PmfFQ9ROMn-wXUVyX1kdxVRiptxfmTOILg99ukCwUi1yD9d-swgsrCTfUMLhO6sX1vZJxjyYtTX2uoyXk4TRv3zZPRc-sRKPPUQIGWKGV1-3HVc_CnAs7Oe7zxRAs363Skpt2FEA&amp;__tn__=-UK-y-R&amp;c[0]=AT3Z77SIxXV7tkOmV2td-j9DyiDYCczJY8ckm_5UQR_c2yFM7oE8FMabKehtSFoItqlCh8KynY4cQePB0VttSIAg4Sve0rs6Swe2bUDjhtESzY2b3_t-aiPyl5AOLcSxcz4IRHSkxxPFjNhj227D3sVZxfFY5tTWluBjiEjhMWh2AMY9CuauL48ClA801Z68lamtFaL8N2grAOhOfwNwmOI2Kt1kedReYWUH_gaiJgaPOhxW\" target=\"_blank\" rel=\"nofollow noopener noreferrer\">www.doafuegalpitu.es\/dop<\/a><\/span><span style=\"font-size: 16px\">.<\/span><\/li>\n<\/ul>\n<p style=\"text-align: center\"><a href=\"https:\/\/doafuegalpitu.es\/wp-content\/uploads\/2025\/12\/Afuega-Concurso-IG-1229x1536.jpg\"><img loading=\"lazy\" decoding=\"async\" class=\"aligncenter \" src=\"https:\/\/doafuegalpitu.es\/wp-content\/uploads\/2025\/12\/Afuega-Concurso-IG-1229x1536.jpg\" width=\"577\" height=\"721\" \/><\/a><\/p>\n<p>Tres l&#8217;\u00e9situ de la primer edici\u00f3n, angua\u00f1o celebramos de nuevu&#8217;l nuesu concursu gastron\u00f3micu, un homenaxe al talentu de la hosteler\u00eda asturiana y al sabor \u00fanico del Afuega\u2019l Pitu. <strong>Van almitise platos y postres, duces o salaos, siempres y cuando qu&#8217;incorporen el nuesu quesu en cualesquier de les sos variedaes.<\/strong> Inscripciones abierta dende y\u00e1 hasta&#8217;l 7 de xineru de 2026 a les 09:00 hores. Places limitaes.<\/p>\n<p><!--more--><\/p>\n<p>\u00a1An\u00edmate a participar! <a class=\"x1i10hfl xjbqb8w x1ejq31n x18oe1m7 x1sy0etr xstzfhl x972fbf x10w94by x1qhh985 x14e42zd x9f619 x1ypdohk xt0psk2 x3ct3a4 xdj266r x14z9mp xat24cr x1lziwak xexx8yu xyri2b x18d9i69 x1c1uobl x16tdsg8 x1hl2dhg xggy1nq x1a2a7pz xkrqix3 x1sur9pj x1fey0fg x1s688f\" role=\"link\" href=\"https:\/\/www.facebook.com\/aytomorcin?__cft__[0]=AZa-iUiA-gbMcOYlRpiPuftRp7k0dmGqpzY6zAscTnzn77Bhf157MKSUXaIpabD2ibNosgsLKZoHxWdZ2iCf_u4lkqIQdGnK5Lv4mH7pxDtGkiQAseTI5nXrwlIYwvFHCL_RSPspjqQ5YQLb92v9B0alv6s_Gl5JUq000YAibWJ2scYNPUUjG0NvpFVAk1T3hRbSZv0dSWsIm7y2zN61UmJs&amp;__tn__=-]K-y-R\"><span class=\"xt0psk2\"><span class=\"xjp7ctv\">Ayuntamiento de Morc\u00edn<\/span><\/span><\/a>\/<a class=\"x1i10hfl xjbqb8w x1ejq31n x18oe1m7 x1sy0etr xstzfhl x972fbf x10w94by x1qhh985 x14e42zd x9f619 x1ypdohk xt0psk2 x3ct3a4 xdj266r x14z9mp xat24cr x1lziwak xexx8yu xyri2b x18d9i69 x1c1uobl x16tdsg8 x1hl2dhg xggy1nq x1a2a7pz xkrqix3 x1sur9pj x1fey0fg x1s688f\" role=\"link\" href=\"https:\/\/www.facebook.com\/TierraAsturPoniente?__cft__[0]=AZa-iUiA-gbMcOYlRpiPuftRp7k0dmGqpzY6zAscTnzn77Bhf157MKSUXaIpabD2ibNosgsLKZoHxWdZ2iCf_u4lkqIQdGnK5Lv4mH7pxDtGkiQAseTI5nXrwlIYwvFHCL_RSPspjqQ5YQLb92v9B0alv6s_Gl5JUq000YAibWJ2scYNPUUjG0NvpFVAk1T3hRbSZv0dSWsIm7y2zN61UmJs&amp;__tn__=-]K-y-R\"><span class=\"xt0psk2\"><span class=\"xjp7ctv\">Tierra Astur<\/span><\/span><\/a>\/<a class=\"x1i10hfl xjbqb8w x1ejq31n x18oe1m7 x1sy0etr xstzfhl x972fbf x10w94by x1qhh985 x14e42zd x9f619 x1ypdohk xt0psk2 x3ct3a4 xdj266r x14z9mp xat24cr x1lziwak xexx8yu xyri2b x18d9i69 x1c1uobl x16tdsg8 x1hl2dhg xggy1nq x1a2a7pz xkrqix3 x1sur9pj x1fey0fg x1s688f\" role=\"link\" href=\"https:\/\/www.facebook.com\/profile.php?id=100064703439628&amp;__cft__[0]=AZa-iUiA-gbMcOYlRpiPuftRp7k0dmGqpzY6zAscTnzn77Bhf157MKSUXaIpabD2ibNosgsLKZoHxWdZ2iCf_u4lkqIQdGnK5Lv4mH7pxDtGkiQAseTI5nXrwlIYwvFHCL_RSPspjqQ5YQLb92v9B0alv6s_Gl5JUq000YAibWJ2scYNPUUjG0NvpFVAk1T3hRbSZv0dSWsIm7y2zN61UmJs&amp;__tn__=-]K-y-R\"><span class=\"xt0psk2\"><span class=\"xjp7ctv\">Circulo Gastron\u00f3mico de los Quesos Asturianos<\/span><\/span><\/a><\/p>\n<p>\u00a1Dende tiempos ancestrales, les esplotaciones agr\u00edcoles s&#8217;estructuraben en caser\u00edes que s&#8217;autoabastec\u00eden al travi\u00e9s de los cultivos y de los productos derivaos del gan\u00e1u vacuno y lanar; son los escedentes de la lleche llograda los que dexaron la ellaboraci\u00f3n d&#8217;estos quesos. Superada la producci\u00f3n para&#8217;l mesmu suministru, empezaron a vendese estos quesos nos distintos mercaos selmanales onde confluy\u00eden tolos quesos de la zona, y onde la meyora paulatina de les comunicaciones foi dexando una pequena espansi\u00f3n comercial.<\/p>\n<p>A partir de los a\u00f1os 80, por cuenta de les esixencies de la normativa hix\u00e9nicu sanitaria, empezaron a crease les primeres queser\u00edes profesionales dedicaes a la producci\u00f3n y comercializaci\u00f3n del mesmu.<\/p>\n<p style=\"text-align: center\"><a href=\"https:\/\/doafuegalpitu.es\/wp-content\/uploads\/2024\/11\/Ca-Sancho_Z7A3394-2048x1365.jpg\"><img loading=\"lazy\" decoding=\"async\" class=\"aligncenter size-large\" src=\"https:\/\/doafuegalpitu.es\/wp-content\/uploads\/2024\/11\/Ca-Sancho_Z7A3394-2048x1365.jpg\" width=\"2048\" height=\"1365\" \/><\/a><\/p>\n<p>La evoluci\u00f3n d&#8217;esti quesu nel tiempu llogr\u00f3 l&#8217;impulsu definitivu pola creaci\u00f3n de la Denominaci\u00f3n d&#8217;Orixe Protexida Afuega\u2019l Pitu nel a\u00f1u 2003, al travi\u00e9s de la cual se promueve y protexe la ellaboraci\u00f3n d&#8217;esti quesu nes zones xeogr\u00e1fiques tradicionalmente productores y coles t\u00e9cniques d&#8217;ellaboraci\u00f3n m\u00e1s enraigonaes d&#8217;estos llugares.<\/p>\n<\/div>\n<\/div>\n<\/div>\n<\/div>\n<\/div>\n<p>&nbsp;<\/p>\n","protected":false},"excerpt":{"rendered":"<p>Queso Afuega&#8217;l Pitu www.doafuegalpitu.es\/dop. Tres l&#8217;\u00e9situ de la primer edici\u00f3n, angua\u00f1o celebramos de nuevu&#8217;l nuesu concursu gastron\u00f3micu, un homenaxe al talentu de la hosteler\u00eda asturiana y al sabor \u00fanico del Afuega\u2019l Pitu. Van almitise platos y postres, duces o salaos, siempres y cuando qu&#8217;incorporen el nuesu quesu en cualesquier de les sos variedaes. Inscripciones abierta [&hellip;]<\/p>\n","protected":false},"author":117,"featured_media":0,"comment_status":"closed","ping_status":"closed","sticky":false,"template":"","format":"standard","meta":{"footnotes":""},"categories":[61,151],"tags":[],"class_list":["post-64736","post","type-post","status-publish","format-standard","hentry","category-concursu","category-quesos"],"_links":{"self":[{"href":"https:\/\/edublog.educastur.es\/ixuxu\/wp-json\/wp\/v2\/posts\/64736","targetHints":{"allow":["GET"]}}],"collection":[{"href":"https:\/\/edublog.educastur.es\/ixuxu\/wp-json\/wp\/v2\/posts"}],"about":[{"href":"https:\/\/edublog.educastur.es\/ixuxu\/wp-json\/wp\/v2\/types\/post"}],"author":[{"embeddable":true,"href":"https:\/\/edublog.educastur.es\/ixuxu\/wp-json\/wp\/v2\/users\/117"}],"replies":[{"embeddable":true,"href":"https:\/\/edublog.educastur.es\/ixuxu\/wp-json\/wp\/v2\/comments?post=64736"}],"version-history":[{"count":3,"href":"https:\/\/edublog.educastur.es\/ixuxu\/wp-json\/wp\/v2\/posts\/64736\/revisions"}],"predecessor-version":[{"id":64739,"href":"https:\/\/edublog.educastur.es\/ixuxu\/wp-json\/wp\/v2\/posts\/64736\/revisions\/64739"}],"wp:attachment":[{"href":"https:\/\/edublog.educastur.es\/ixuxu\/wp-json\/wp\/v2\/media?parent=64736"}],"wp:term":[{"taxonomy":"category","embeddable":true,"href":"https:\/\/edublog.educastur.es\/ixuxu\/wp-json\/wp\/v2\/categories?post=64736"},{"taxonomy":"post_tag","embeddable":true,"href":"https:\/\/edublog.educastur.es\/ixuxu\/wp-json\/wp\/v2\/tags?post=64736"}],"curies":[{"name":"wp","href":"https:\/\/api.w.org\/{rel}","templated":true}]}}