{"id":64854,"date":"2026-01-02T20:06:48","date_gmt":"2026-01-02T18:06:48","guid":{"rendered":"https:\/\/edublog.educastur.es\/ixuxu\/?p=64854"},"modified":"2026-01-02T20:08:11","modified_gmt":"2026-01-02T18:08:11","slug":"un-calendariu-llenu-didentida-rural-nel-cra-rio-cibea-cangas-del-narcea","status":"publish","type":"post","link":"https:\/\/edublog.educastur.es\/ixuxu\/2026\/01\/un-calendariu-llenu-didentida-rural-nel-cra-rio-cibea-cangas-del-narcea\/","title":{"rendered":"Un calendariu llenu d&#8217;identid\u00e1 rural nel CRA R\u00edo Cibea, Cangas del Narcea"},"content":{"rendered":"<p style=\"text-align: center\"><a href=\"https:\/\/estaticos-cdn.prensaiberica.es\/clip\/b96f2e80-6a6c-44d5-bf57-e76ad63a6c4c_source-aspect-ratio_default_0.jpg\"><img loading=\"lazy\" decoding=\"async\" class=\"aligncenter size-large\" src=\"https:\/\/estaticos-cdn.prensaiberica.es\/clip\/b96f2e80-6a6c-44d5-bf57-e76ad63a6c4c_source-aspect-ratio_default_0.jpg\" width=\"1600\" height=\"1200\" \/><\/a><\/p>\n<p>La perguapa idea de la escuela R\u00edo Cibea para dar la bienvenida a 2026:<strong> un calendariu llenu d&#8217;identid\u00e1 rural.<\/strong> Los ne\u00f1os del centru percorrieron talleres y esplotaciones del conceyu dientro del proyectu de centru para ense\u00f1a-yos les oportunidaes que-yos ufierta&#8217;l territoriu. <a href=\"https:\/\/www.lne.es\/fotos\/cangas-del-narcea\/2025\/12\/29\/imagenes-imagenes-ilustran-2026-ojos-125201009.html\"><strong>Galer\u00eda semeyes<\/strong> <\/a>\/ <a href=\"https:\/\/www.lne.es\/cangas-del-narcea\/2025\/12\/29\/preciosa-idea-escuela-rio-cibea-125192544.html\">LNE<\/a><\/p>\n<p><!--more--><\/p>\n<p>El Colexu Rural Arrexunt\u00e1u (CRA) R\u00edu Cibea, de Lim\u00e9s, da la bienvenida al 2026 con <strong>un preciosu calendariu nel que son protagonistes los escolares y los oficios y les esplotaciones asitiaes nel conceyu de Cangas al que pertenecen.<\/strong> La iniciativa enm\u00e1rcase nel proyectu que&#8217;l centru desenvuelve angua\u00f1o y que lleva por t\u00edtulu <strong>\u00abLlantando Pensamientos\u00bb<\/strong>. El so oxetivu ye claru: <em><strong>\u00abPoner en valor el nuesu patrimoniu natural y fortalecer el venceyu ente l&#8217;alumn\u00e1u y la so redolada rural, natural y cultural\u00bb.<\/strong><\/em><\/p>\n<p style=\"text-align: center\"><a href=\"https:\/\/estaticos-cdn.prensaiberica.es\/clip\/94eedb54-1e32-4c12-a607-045d90f8ced9_source-aspect-ratio_default_0.jpg\"><img loading=\"lazy\" decoding=\"async\" class=\"aligncenter size-large\" src=\"https:\/\/estaticos-cdn.prensaiberica.es\/clip\/94eedb54-1e32-4c12-a607-045d90f8ced9_source-aspect-ratio_default_0.jpg\" width=\"1600\" height=\"1200\" \/><\/a><\/p>\n<p>Por eso, los meses del a\u00f1u ilustrense con imaxes nes que los ne\u00f1os convi\u00e9rtense en madre\u00f1eros, en viticultores o en gu\u00edes de la naturaleza. Cunta la docente Sandra Fl\u00f3rez que detr\u00e1s del calendariu hai munches hores de trabayu y, am\u00e1s, fora del horariu lectivu.<\/p>\n<p style=\"text-align: center\"><a href=\"https:\/\/estaticos-cdn.prensaiberica.es\/clip\/6102ba31-41ae-4733-b0dd-dfd40851c0db_source-aspect-ratio_default_0.jpg\"><img loading=\"lazy\" decoding=\"async\" class=\"aligncenter size-large\" src=\"https:\/\/estaticos-cdn.prensaiberica.es\/clip\/6102ba31-41ae-4733-b0dd-dfd40851c0db_source-aspect-ratio_default_0.jpg\" width=\"1600\" height=\"1200\" \/><\/a><\/p>\n<p>El centru p\u00fasose en contactu con una serie d&#8217;artesanos y profesionales diversos del conceyu pa propone-yos el retu. Ellos ten\u00eden d&#8217;esplicar a los peque\u00f1os del R\u00edu Cibea en qu\u00e9 consiste&#8217;l so d\u00eda ente d\u00eda y recibilos por que lo vivieren en primer persona.<\/p>\n<p style=\"text-align: center\"><a href=\"https:\/\/estaticos-cdn.prensaiberica.es\/clip\/3e81f9f5-3716-4aad-b339-a5a9764bec77_source-aspect-ratio_default_0.jpg\"><img loading=\"lazy\" decoding=\"async\" class=\"aligncenter size-large\" src=\"https:\/\/estaticos-cdn.prensaiberica.es\/clip\/3e81f9f5-3716-4aad-b339-a5a9764bec77_source-aspect-ratio_default_0.jpg\" width=\"1600\" height=\"1200\" \/><\/a><\/p>\n<p><strong>Muncho aprendizaxe<\/strong> \u00abLa idea del calendariu siempres ye la mesma. Fic\u00edmoslo rellacion\u00e1u col proyectu del centru esi a\u00f1u\u00bb, se\u00f1ala Fl\u00f3rez.<\/p>\n<p style=\"text-align: center\"><a href=\"https:\/\/estaticos-cdn.prensaiberica.es\/clip\/08c9912a-0346-4337-8230-84011cb441c8_source-aspect-ratio_default_0.jpg\"><img loading=\"lazy\" decoding=\"async\" class=\"aligncenter size-large\" src=\"https:\/\/estaticos-cdn.prensaiberica.es\/clip\/08c9912a-0346-4337-8230-84011cb441c8_source-aspect-ratio_default_0.jpg\" width=\"1600\" height=\"1200\" \/><\/a><\/p>\n<p>Con \u00abLlantando Pensamientos\u00bb <strong>plant\u00e9gase que los alumnos esquicen, seg\u00fan espl\u00edcase n&#8217;el mesmu calendariu, \u00abcon almiraci\u00f3n y respetu\u00bb los montes y parques naturales del conceyu.<\/strong> Tami\u00e9n, qu&#8217;apriendan \u00abc\u00f3mo se xestionen los nuesos montes, entendiendo la importancia del so cuidu y la responsabilid\u00e1 que compartimos nel so caltenimientu\u00bb.<\/p>\n<p style=\"text-align: center\"><a href=\"https:\/\/estaticos-cdn.prensaiberica.es\/clip\/020f67e7-7980-46db-991c-bf38746eb363_source-aspect-ratio_default_0.jpg\"><img loading=\"lazy\" decoding=\"async\" class=\"aligncenter size-large\" src=\"https:\/\/estaticos-cdn.prensaiberica.es\/clip\/020f67e7-7980-46db-991c-bf38746eb363_source-aspect-ratio_default_0.jpg\" width=\"1600\" height=\"1200\" \/><\/a><\/p>\n<p>A lo \u00faltimo, vamos enfusar nos servicios ecosist\u00e9micos y nos oficios amestaos a la naturaleza, trabayos que nos falen d&#8217;identid\u00e1, tradici\u00f3n, resistencia, paciencia y de una forma de vida n&#8217;equilibriu con -y territoriu\u00bb. Esta \u00faltima parte ye la que s&#8217;afigura nel calendariu.<\/p>\n<p style=\"text-align: center\"><a href=\"https:\/\/estaticos-cdn.prensaiberica.es\/clip\/8451b2c2-df3f-4097-83d9-da779265c2c3_source-aspect-ratio_default_0.jpg\"><img loading=\"lazy\" decoding=\"async\" class=\"aligncenter size-large\" src=\"https:\/\/estaticos-cdn.prensaiberica.es\/clip\/8451b2c2-df3f-4097-83d9-da779265c2c3_source-aspect-ratio_default_0.jpg\" width=\"1200\" height=\"1600\" \/><\/a><\/p>\n<p>\u00abLos distintos profesionales abri\u00e9ronnos les puertes y supunxo muncho aprendizaxe pa los neninos porque conocieron los procesos de principiu a fin\u00bb, precisa Fl\u00f3rez, qu&#8217;esplica qu&#8217;estes escursiones realiz\u00e1ronse siempres fuera del horariu lectivu.<\/p>\n<p style=\"text-align: center\"><a href=\"https:\/\/estaticos-cdn.prensaiberica.es\/clip\/1ca3981a-bb58-4c76-b003-41405d3b3ddc_source-aspect-ratio_default_0.jpg\"><img loading=\"lazy\" decoding=\"async\" class=\"aligncenter size-large\" src=\"https:\/\/estaticos-cdn.prensaiberica.es\/clip\/1ca3981a-bb58-4c76-b003-41405d3b3ddc_source-aspect-ratio_default_0.jpg\" width=\"1600\" height=\"1200\" \/><\/a><\/p>\n<p>Los docentes y les families fixeron posible&#8217;l tresll\u00e1u de los peque\u00f1os a cada unu de los espacios. Asina, el calendariu abre con un xineru dedic\u00e1u al model\u00e1u de la folla; en febreru los peque\u00f1os aprienden a faer madre\u00f1es; en marzu son ganaderos per un d\u00eda y n&#8217;abril visiten xuna esplotaci\u00f3n de zrezales.<\/p>\n<p style=\"text-align: center\"><a href=\"https:\/\/estaticos-cdn.prensaiberica.es\/clip\/8b286529-d4ff-4d3e-963e-a8fb6d4fcbae_source-aspect-ratio_default_0.jpg\"><img loading=\"lazy\" decoding=\"async\" class=\"aligncenter size-large\" src=\"https:\/\/estaticos-cdn.prensaiberica.es\/clip\/8b286529-d4ff-4d3e-963e-a8fb6d4fcbae_source-aspect-ratio_default_0.jpg\" width=\"1600\" height=\"1200\" \/><\/a><\/p>\n<p style=\"text-align: center\"><a href=\"https:\/\/estaticos-cdn.prensaiberica.es\/clip\/d2eac568-1691-4a76-bfec-a1ab73871e44_source-aspect-ratio_default_0.jpg\"><img loading=\"lazy\" decoding=\"async\" class=\"aligncenter size-large\" src=\"https:\/\/estaticos-cdn.prensaiberica.es\/clip\/d2eac568-1691-4a76-bfec-a1ab73871e44_source-aspect-ratio_default_0.jpg\" width=\"1600\" height=\"1200\" \/><\/a><\/p>\n<p style=\"text-align: center\"><a href=\"https:\/\/estaticos-cdn.prensaiberica.es\/clip\/099fa80c-e5be-43cd-ba87-d66c7d69a3b3_source-aspect-ratio_default_0.jpg\"><img loading=\"lazy\" decoding=\"async\" class=\"aligncenter size-large\" src=\"https:\/\/estaticos-cdn.prensaiberica.es\/clip\/099fa80c-e5be-43cd-ba87-d66c7d69a3b3_source-aspect-ratio_default_0.jpg\" width=\"1600\" height=\"1200\" \/><\/a><\/p>\n<p style=\"text-align: center\"><a href=\"https:\/\/estaticos-cdn.prensaiberica.es\/clip\/47b50a39-921e-453c-b22f-b0c9c8ab99b5_source-aspect-ratio_default_0.jpg\"><img loading=\"lazy\" decoding=\"async\" class=\"aligncenter size-large\" src=\"https:\/\/estaticos-cdn.prensaiberica.es\/clip\/47b50a39-921e-453c-b22f-b0c9c8ab99b5_source-aspect-ratio_default_0.jpg\" width=\"1600\" height=\"1200\" \/><\/a><\/p>\n","protected":false},"excerpt":{"rendered":"<p>La perguapa idea de la escuela R\u00edo Cibea para dar la bienvenida a 2026: un calendariu llenu d&#8217;identid\u00e1 rural. Los ne\u00f1os del centru percorrieron talleres y esplotaciones del conceyu dientro del proyectu de centru para ense\u00f1a-yos les oportunidaes que-yos ufierta&#8217;l territoriu. Galer\u00eda semeyes \/ LNE<\/p>\n","protected":false},"author":117,"featured_media":0,"comment_status":"closed","ping_status":"closed","sticky":false,"template":"","format":"standard","meta":{"footnotes":""},"categories":[73],"tags":[],"class_list":["post-64854","post","type-post","status-publish","format-standard","hentry","category-calendariu"],"_links":{"self":[{"href":"https:\/\/edublog.educastur.es\/ixuxu\/wp-json\/wp\/v2\/posts\/64854","targetHints":{"allow":["GET"]}}],"collection":[{"href":"https:\/\/edublog.educastur.es\/ixuxu\/wp-json\/wp\/v2\/posts"}],"about":[{"href":"https:\/\/edublog.educastur.es\/ixuxu\/wp-json\/wp\/v2\/types\/post"}],"author":[{"embeddable":true,"href":"https:\/\/edublog.educastur.es\/ixuxu\/wp-json\/wp\/v2\/users\/117"}],"replies":[{"embeddable":true,"href":"https:\/\/edublog.educastur.es\/ixuxu\/wp-json\/wp\/v2\/comments?post=64854"}],"version-history":[{"count":1,"href":"https:\/\/edublog.educastur.es\/ixuxu\/wp-json\/wp\/v2\/posts\/64854\/revisions"}],"predecessor-version":[{"id":64855,"href":"https:\/\/edublog.educastur.es\/ixuxu\/wp-json\/wp\/v2\/posts\/64854\/revisions\/64855"}],"wp:attachment":[{"href":"https:\/\/edublog.educastur.es\/ixuxu\/wp-json\/wp\/v2\/media?parent=64854"}],"wp:term":[{"taxonomy":"category","embeddable":true,"href":"https:\/\/edublog.educastur.es\/ixuxu\/wp-json\/wp\/v2\/categories?post=64854"},{"taxonomy":"post_tag","embeddable":true,"href":"https:\/\/edublog.educastur.es\/ixuxu\/wp-json\/wp\/v2\/tags?post=64854"}],"curies":[{"name":"wp","href":"https:\/\/api.w.org\/{rel}","templated":true}]}}