{"id":649,"date":"2020-03-28T10:45:20","date_gmt":"2020-03-28T10:45:20","guid":{"rendered":"https:\/\/edublog.educastur.es\/ixuxu\/?p=649"},"modified":"2020-08-24T21:46:46","modified_gmt":"2020-08-24T21:46:46","slug":"llectures-recomendaes-deditorial-impronta","status":"publish","type":"post","link":"https:\/\/edublog.educastur.es\/ixuxu\/2020\/03\/llectures-recomendaes-deditorial-impronta\/","title":{"rendered":"Llectures recomend\u00e1es d\u00b4Editorial Impronta"},"content":{"rendered":"<div class=\"entry\">\n<p><a href=\"https:\/\/improntaeditorial.files.wordpress.com\/2017\/04\/como-en-casa-en-nengc3ban-llau-cubierta.jpg?w=947\" target=\"_blank\" rel=\"noopener noreferrer\"><img loading=\"lazy\" decoding=\"async\" class=\"\" src=\"https:\/\/improntaeditorial.files.wordpress.com\/2017\/04\/como-en-casa-en-nengc3ban-llau-cubierta.jpg?w=947\" width=\"298\" height=\"322\" \/><\/a><\/p>\n<ul>\n<li>T\u00edtulu: <a target=\"_blank\" rel=\"noopener noreferrer\"><strong><em>\u201cComo en casa en neng\u00fan llau\u201d <\/em><\/strong><\/a><\/li>\n<li>Testu: <a href=\"https:\/\/issuu.com\/carlosgonzalezespina\" target=\"_blank\" rel=\"noopener noreferrer\">Carlos Gonz\u00e1lez Espina<\/a><\/li>\n<li>Illustraciones: Mar\u00eda Perera<\/li>\n<li>Editorial IMPRONTA<\/li>\n<li><a href=\"https:\/\/improntaeditorial.wordpress.com\/como-en-casa-en-nengun-llau\/\" target=\"_blank\" rel=\"noopener noreferrer\">Ficha Editorial <\/a><\/li>\n<li>P\u00e1xines: 24<\/li>\n<li>Tama\u00f1u: 23\u00d723 cms<\/li>\n<li>ISBN: 978-84-946384-8-0<\/li>\n<li>Fecha: abril 2017<\/li>\n<li><a href=\"https:\/\/www.todostuslibros.com\/libros\/aina-y-despacio_978-84-946384-6-6\" target=\"_blank\" rel=\"noopener noreferrer\">Mercar equ\u00ed: <\/a>12 \u20ac<\/li>\n<li><a href=\"https:\/\/issuu.com\/carlosgonzalezespina\/docs\/como_en_casa_en_nengu_n_llau\" target=\"_blank\" rel=\"noopener noreferrer\"><span style=\"color: #ff0000\"><strong><em>LLEER\u00a0 EQU\u00cd! <\/em><\/strong><\/span><\/a><\/li>\n<\/ul>\n<p><span style=\"color: #999999\"><em><strong>Rese\u00f1a Editorial: <\/strong><\/em>Dende la editorial Impronta queremos ayudavos a pasar lo meyor posible esti encierru por cuenta del dichosu coronavirus. Pero vamos a miralo pel llau\u00a0 positivu: tando en casa vamos tener munchu tiempu pa lleer y pa contar cuentos a la reciella. Hasta que pod\u00e1is volver corriendo a les llibrer\u00edes y a les biblioteques, vamos dexavos lleer equ\u00ed dalg\u00fan de los cuentos infantiles ilustraos que tenemos publicao.<\/span><\/p>\n<p><!--more--><\/p>\n<p>NOVED\u00c1<\/p>\n<ul>\n<li>T\u00edtulu: \u201c<a href=\"https:\/\/issuu.com\/carlosgonzalezespina\/docs\/ai_na_y_despacio_web\"><strong><em>A\u00edna y despacio\u201d<\/em><\/strong><\/a><\/li>\n<li>Testu: Irene Riera<\/li>\n<li>Illustraciones: Alicia Varela<\/li>\n<li>Editorial IMPRONTA<\/li>\n<li><a href=\"https:\/\/improntaeditorial.wordpress.com\/como-en-casa-en-nengun-llau\/\" target=\"_blank\" rel=\"noopener noreferrer\">Ficha Editorial <\/a><\/li>\n<li>P\u00e1xines: 28<\/li>\n<li>ISBN: 978-84-946384-6-6<br \/>\nFecha: Abril 2017<\/li>\n<li><a href=\"https:\/\/www.todostuslibros.com\/libros\/aina-y-despacio_978-84-946384-6-6\" target=\"_blank\" rel=\"noopener noreferrer\">Mercar equ\u00ed\u2026<\/a><\/li>\n<li><a href=\"https:\/\/issuu.com\/carlosgonzalezespina\/docs\/ai_na_y_despacio_web\" target=\"_blank\" rel=\"noopener noreferrer\"><span style=\"color: #ff0000\"><strong><em>LLEER\u00a0 EQU\u00cd!<\/em><\/strong><\/span><\/a><\/li>\n<\/ul>\n<p><span style=\"color: #808080\"><strong><em>Rese\u00f1a editorial: <\/em><\/strong><strong><em>Delles coses hai que les facer<\/em><\/strong><\/span><span style=\"color: #808080\"><strong><em> poco a poco, espacino, pali que pali. Pero otres<\/em><\/strong><\/span><span style=\"color: #808080\"><strong><em> veces val m\u00e1s entainar tolo que seyamos a ello. <\/em><\/strong><\/span><span style=\"color: #808080\"><strong><em>D\u2019eso ye de lo que trata esti llibru, la primer gu\u00eda<\/em><\/strong><\/span><span style=\"color: #808080\"><strong><em> pa salir mundu lantre sabiendo en cada casu<\/em><\/strong><\/span><span style=\"color: #808080\"><strong><em> cu\u00e1ndo hai qu\u2019espabilar y cu\u00e1ndo hai qu\u2019aposentar.<\/em><\/strong><\/span><\/p>\n<\/div>\n","protected":false},"excerpt":{"rendered":"<p>T\u00edtulu: \u201cComo en casa en neng\u00fan llau\u201d Testu: Carlos Gonz\u00e1lez Espina Illustraciones: Mar\u00eda Perera Editorial IMPRONTA Ficha Editorial P\u00e1xines: 24 Tama\u00f1u: 23\u00d723 cms ISBN: 978-84-946384-8-0 Fecha: abril 2017 Mercar equ\u00ed: 12 \u20ac LLEER\u00a0 EQU\u00cd! Rese\u00f1a Editorial: Dende la editorial Impronta queremos ayudavos a pasar lo meyor posible esti encierru por cuenta del dichosu coronavirus. Pero [&hellip;]<\/p>\n","protected":false},"author":117,"featured_media":0,"comment_status":"closed","ping_status":"open","sticky":false,"template":"","format":"standard","meta":{"footnotes":""},"categories":[12,10],"tags":[],"class_list":["post-649","post","type-post","status-publish","format-standard","hentry","category-editoriales","category-llibros-reciella"],"_links":{"self":[{"href":"https:\/\/edublog.educastur.es\/ixuxu\/wp-json\/wp\/v2\/posts\/649","targetHints":{"allow":["GET"]}}],"collection":[{"href":"https:\/\/edublog.educastur.es\/ixuxu\/wp-json\/wp\/v2\/posts"}],"about":[{"href":"https:\/\/edublog.educastur.es\/ixuxu\/wp-json\/wp\/v2\/types\/post"}],"author":[{"embeddable":true,"href":"https:\/\/edublog.educastur.es\/ixuxu\/wp-json\/wp\/v2\/users\/117"}],"replies":[{"embeddable":true,"href":"https:\/\/edublog.educastur.es\/ixuxu\/wp-json\/wp\/v2\/comments?post=649"}],"version-history":[{"count":1,"href":"https:\/\/edublog.educastur.es\/ixuxu\/wp-json\/wp\/v2\/posts\/649\/revisions"}],"predecessor-version":[{"id":650,"href":"https:\/\/edublog.educastur.es\/ixuxu\/wp-json\/wp\/v2\/posts\/649\/revisions\/650"}],"wp:attachment":[{"href":"https:\/\/edublog.educastur.es\/ixuxu\/wp-json\/wp\/v2\/media?parent=649"}],"wp:term":[{"taxonomy":"category","embeddable":true,"href":"https:\/\/edublog.educastur.es\/ixuxu\/wp-json\/wp\/v2\/categories?post=649"},{"taxonomy":"post_tag","embeddable":true,"href":"https:\/\/edublog.educastur.es\/ixuxu\/wp-json\/wp\/v2\/tags?post=649"}],"curies":[{"name":"wp","href":"https:\/\/api.w.org\/{rel}","templated":true}]}}