{"id":65055,"date":"2026-01-04T13:25:20","date_gmt":"2026-01-04T11:25:20","guid":{"rendered":"https:\/\/edublog.educastur.es\/ixuxu\/?p=65055"},"modified":"2026-01-04T13:25:20","modified_gmt":"2026-01-04T11:25:20","slug":"el-tiempu-el-comercio-225","status":"publish","type":"post","link":"https:\/\/edublog.educastur.es\/ixuxu\/2026\/01\/el-tiempu-el-comercio-225\/","title":{"rendered":"El tiempu (El Comercio)"},"content":{"rendered":"<p style=\"text-align: center\"><a href=\"https:\/\/s3.ppllstatics.com\/elcomercio\/www\/multimedia\/2026\/01\/03\/prevision-tiempo-asturias-kDAB-U2302588077118HVD-1200x870@El%20Comercio.jpg\"><img loading=\"lazy\" decoding=\"async\" class=\"aligncenter size-large\" src=\"https:\/\/s3.ppllstatics.com\/elcomercio\/www\/multimedia\/2026\/01\/03\/prevision-tiempo-asturias-kDAB-U2302588077118HVD-1200x870@El%20Comercio.jpg\" width=\"1200\" height=\"870\" \/><\/a><\/p>\n<p><strong>A lo llargo del d\u00eda<\/strong> non solo va entrar l&#8217;aire fr\u00edo en capes medies y tami\u00e9n en capes altes de la troposfera. Tou ello ver\u00e1se traduc\u00edu n&#8217;una sensaci\u00f3n d&#8217;enforma fr\u00edu en superficie y qu&#8217;evidentemente vamos notar. Tantu<strong> les m\u00e1ximes como les m\u00ednimes<\/strong> van baxar de forma xeneralizada en tol Princip\u00e1u d&#8217;Asturies. Nun se van superar los 7 o 8 \u00baC en nenguna poblaci\u00f3n asturiana. <strong>Mientres la tarde-nueche<\/strong> les temperatures van cayer en pic\u00e1u llegando a rexistrase temperatures bien cercanes a los 0 \u00baC a medianueche en gran parte del interior. Con \u00e9ses esperamos una madrugada de domingu para llunes con xelaes xeneralizaes n&#8217;Asturies que van ser bien d\u00e9biles en puntos del prelitoral, d\u00e9biles nel restu de la met\u00e1 norte, y moderaes escontra&#8217;l sur de la rex\u00f3n. En cuanto<strong> al est\u00e1u de los cielos<\/strong>, prevense m\u00e1s claros pela ma\u00f1ana que pela tarde. Nun se refuguen delles precipitaciones bien d\u00e9biles y esvalixaes mientres la segunda parte del d\u00eda pudiendo dexar dellos falopos en cotes percima de los 300 metros na tarde-nueche all\u00e1 onde bastie. Pero ye importante aprofiar que, en ll\u00ednees xenerales, el d\u00eda va ser secu.<\/p>\n<p><!--more--><\/p>\n<p><strong>El llunes<\/strong> esperamos grandes claros nel cielu pela ma\u00f1ana, pero a partir de la tarde van aumentar la nubosidad pel oeste que va dexar precipitaciones xeneralizaes sobremanera pela nueche. Esp\u00e9ende nevaes a partir de los 300 metros, y nun se refuguen que puntualmente pueda esbarrumbase la cota sobre los 200 metros na madrugada del martes. <strong>El d\u00eda de Reyes va amanecer, siquier la met\u00e1 sur asturiana, cubierta de blancu.<\/strong><\/p>\n","protected":false},"excerpt":{"rendered":"<p>A lo llargo del d\u00eda non solo va entrar l&#8217;aire fr\u00edo en capes medies y tami\u00e9n en capes altes de la troposfera. Tou ello ver\u00e1se traduc\u00edu n&#8217;una sensaci\u00f3n d&#8217;enforma fr\u00edu en superficie y qu&#8217;evidentemente vamos notar. Tantu les m\u00e1ximes como les m\u00ednimes van baxar de forma xeneralizada en tol Princip\u00e1u d&#8217;Asturies. Nun se van superar [&hellip;]<\/p>\n","protected":false},"author":117,"featured_media":0,"comment_status":"closed","ping_status":"closed","sticky":false,"template":"","format":"standard","meta":{"footnotes":""},"categories":[5],"tags":[],"class_list":["post-65055","post","type-post","status-publish","format-standard","hentry","category-tiempu"],"_links":{"self":[{"href":"https:\/\/edublog.educastur.es\/ixuxu\/wp-json\/wp\/v2\/posts\/65055","targetHints":{"allow":["GET"]}}],"collection":[{"href":"https:\/\/edublog.educastur.es\/ixuxu\/wp-json\/wp\/v2\/posts"}],"about":[{"href":"https:\/\/edublog.educastur.es\/ixuxu\/wp-json\/wp\/v2\/types\/post"}],"author":[{"embeddable":true,"href":"https:\/\/edublog.educastur.es\/ixuxu\/wp-json\/wp\/v2\/users\/117"}],"replies":[{"embeddable":true,"href":"https:\/\/edublog.educastur.es\/ixuxu\/wp-json\/wp\/v2\/comments?post=65055"}],"version-history":[{"count":1,"href":"https:\/\/edublog.educastur.es\/ixuxu\/wp-json\/wp\/v2\/posts\/65055\/revisions"}],"predecessor-version":[{"id":65056,"href":"https:\/\/edublog.educastur.es\/ixuxu\/wp-json\/wp\/v2\/posts\/65055\/revisions\/65056"}],"wp:attachment":[{"href":"https:\/\/edublog.educastur.es\/ixuxu\/wp-json\/wp\/v2\/media?parent=65055"}],"wp:term":[{"taxonomy":"category","embeddable":true,"href":"https:\/\/edublog.educastur.es\/ixuxu\/wp-json\/wp\/v2\/categories?post=65055"},{"taxonomy":"post_tag","embeddable":true,"href":"https:\/\/edublog.educastur.es\/ixuxu\/wp-json\/wp\/v2\/tags?post=65055"}],"curies":[{"name":"wp","href":"https:\/\/api.w.org\/{rel}","templated":true}]}}