{"id":65061,"date":"2026-01-04T08:50:54","date_gmt":"2026-01-04T06:50:54","guid":{"rendered":"https:\/\/edublog.educastur.es\/ixuxu\/?p=65061"},"modified":"2026-01-04T13:46:58","modified_gmt":"2026-01-04T11:46:58","slug":"asturies-rexon-mas-afectada-pola-envernada-de-nieve-y-xelu","status":"publish","type":"post","link":"https:\/\/edublog.educastur.es\/ixuxu\/2026\/01\/asturies-rexon-mas-afectada-pola-envernada-de-nieve-y-xelu\/","title":{"rendered":"Asturies, rex\u00f3n m\u00e1s afectada pola envernada de nieve y xelu"},"content":{"rendered":"<p>Asturies, rex\u00f3n m\u00e1s afectada pola envernada de nieve y xelu: \u00e9stes son les 8 carreteres con problemes. L&#8217;AEMET preve para esti domingu n&#8217;Asturies que la cota de nieve baxe de 900 a 400-300 metros.<\/p>\n<p style=\"text-align: center\"><a href=\"https:\/\/estaticos-cdn.prensaiberica.es\/clip\/1cf0cffa-6370-49df-bca4-c2a312533aad_16-9-discover-aspect-ratio_default_0.webp\"><img loading=\"lazy\" decoding=\"async\" class=\"aligncenter \" src=\"https:\/\/estaticos-cdn.prensaiberica.es\/clip\/1cf0cffa-6370-49df-bca4-c2a312533aad_16-9-discover-aspect-ratio_default_0.webp\" width=\"789\" height=\"444\" \/><\/a><\/p>\n<div class=\"xdj266r x14z9mp xat24cr x1lziwak x1vvkbs x126k92a\">\n<div dir=\"auto\"><span class=\"html-span xexx8yu xyri2b x18d9i69 x1c1uobl x1hl2dhg x16tdsg8 x1vvkbs x3nfvp2 x1j61x8r x1fcty0u xdj266r xat24cr xm2jcoa x1mpyi22 xxymvpz xlup9mm x1kky2od\"><img loading=\"lazy\" decoding=\"async\" class=\"xz74otr x15mokao x1ga7v0g x16uus16 xbiv7yw\" src=\"https:\/\/static.xx.fbcdn.net\/images\/emoji.php\/v9\/tf0\/1\/16\/1f976.png\" alt=\"\ud83e\udd76\" width=\"16\" height=\"16\" \/><\/span>Los mapes alverten: l&#8217;aire \u00e1rtico m\u00e1s fr\u00edu va pasar el d\u00eda de Reyes sobro Espa\u00f1a; nieve y hasta -7 \u00baC en capitales. <span class=\"html-span xexx8yu xyri2b x18d9i69 x1c1uobl x1hl2dhg x16tdsg8 x1vvkbs x3nfvp2 x1j61x8r x1fcty0u xdj266r xat24cr xm2jcoa x1mpyi22 xxymvpz xlup9mm x1kky2od\"><img loading=\"lazy\" decoding=\"async\" class=\"xz74otr x15mokao x1ga7v0g x16uus16 xbiv7yw\" src=\"https:\/\/static.xx.fbcdn.net\/images\/emoji.php\/v9\/t8e\/1\/16\/1f5de.png\" alt=\"\ud83d\uddde\ufe0f\" width=\"16\" height=\"16\" \/><\/span> Pronostico de Samuel Biener: <span class=\"html-span xdj266r x14z9mp xat24cr x1lziwak xexx8yu xyri2b x18d9i69 x1c1uobl x1hl2dhg x16tdsg8 x1vvkbs\"><a class=\"x1i10hfl xjbqb8w x1ejq31n x18oe1m7 x1sy0etr xstzfhl x972fbf x10w94by x1qhh985 x14e42zd x9f619 x1ypdohk xt0psk2 x3ct3a4 xdj266r x14z9mp xat24cr x1lziwak xexx8yu xyri2b x18d9i69 x1c1uobl x16tdsg8 x1hl2dhg xggy1nq x1a2a7pz xkrqix3 x1sur9pj x1fey0fg x1s688f\" role=\"link\" href=\"https:\/\/f.mtr.cool\/ckyagxkzxr?fbclid=IwZXh0bgNhZW0CMTAAYnJpZBEwSU1NaEpFUXJFanVEZXoxYXNydGMGYXBwX2lkEDIyMjAzOTE3ODgyMDA4OTIAAR4gqrNhSQ36s9S0NvFI01qEuv1mX1X4-Um2d1RViwR5AsQj0o3cPXk9EcrFgg_aem_FZXxfVqj-84i1tN0VpAcTw\" target=\"_blank\" rel=\"nofollow noopener noreferrer\">https:\/\/f.mtr.cool\/ckyagxkzxr<\/a><\/span><\/div>\n<div dir=\"auto\"><\/div>\n<\/div>\n<p><!--more--><\/p>\n<p style=\"text-align: center\"><a href=\"https:\/\/services.meteored.com\/img\/article\/los-mapas-advierten-el-aire-artico-mas-frio-pasara-el-dia-de-reyes-sobre-espana-nieve-y-hasta-7-c-en-capitales-1767478899186_1024.png\"><img loading=\"lazy\" decoding=\"async\" class=\"aligncenter \" src=\"https:\/\/services.meteored.com\/img\/article\/los-mapas-advierten-el-aire-artico-mas-frio-pasara-el-dia-de-reyes-sobre-espana-nieve-y-hasta-7-c-en-capitales-1767478899186_1024.png\" width=\"850\" height=\"593\" \/><\/a><\/p>\n<p>El mi\u00e9rcoles la irrupci\u00f3n \u00e1rtica perder\u00eda daqu\u00e9 d&#8217;intensid\u00e1, pero&#8217;l vientu va aselar, lo que va favorecer que les xelaes s\u00edan ent\u00e1 m\u00e1s xenerales ya intenses en depresiones y valles al producise una inversi\u00f3n t\u00e9rmica m\u00e1s acusada. Curiosamente, nesta xornada va amanecer con ambiente m\u00e1s fr\u00edo nel pandu sur que nel norte, acordies con el modelu europ\u00e9u.<\/p>\n<p style=\"text-align: center\"><a href=\"https:\/\/services.meteored.com\/img\/article\/los-mapas-advierten-el-aire-artico-mas-frio-pasara-el-dia-de-reyes-sobre-espana-nieve-y-hasta-7-c-en-capitales-1767478238836_1024.png\"><img loading=\"lazy\" decoding=\"async\" class=\"aligncenter size-large\" src=\"https:\/\/services.meteored.com\/img\/article\/los-mapas-advierten-el-aire-artico-mas-frio-pasara-el-dia-de-reyes-sobre-espana-nieve-y-hasta-7-c-en-capitales-1767478238836_1024.png\" width=\"1024\" height=\"714\" \/><\/a><\/p>\n<p><strong>Nieve en cotes bien baxes nel Cant\u00e1bricu nel d\u00eda de Reyes.\u00a0<\/strong>Les precipitaciones van tender a retirase adulces del sureste y Baleares, ente que&#8217;l martes van reactivase na aguada cant\u00e1brica pol efectu llagu, con nieve a cotes bien baxes (n&#8217;Uvi\u00e9u probablemente van vese), ensin refugar la posibilid\u00e1 de qu&#8217;apaeza na mari\u00f1a nel Cant\u00e1bricu oriental. El mi\u00e9rcoles un frente debilit\u00e1u va dexar delles precipitaciones nel norte, en forma de nieve en cotes baxes de primeres.<\/p>\n<p style=\"text-align: center\"><a href=\"https:\/\/services.meteored.com\/img\/article\/los-mapas-advierten-el-aire-artico-mas-frio-pasara-el-dia-de-reyes-sobre-espana-nieve-y-hasta-7-c-en-capitales-1767478693642_1024.png\"><img loading=\"lazy\" decoding=\"async\" class=\"aligncenter size-large\" src=\"https:\/\/services.meteored.com\/img\/article\/los-mapas-advierten-el-aire-artico-mas-frio-pasara-el-dia-de-reyes-sobre-espana-nieve-y-hasta-7-c-en-capitales-1767478693642_1024.png\" width=\"1024\" height=\"714\" \/><\/a><\/p>\n","protected":false},"excerpt":{"rendered":"<p>Asturies, rex\u00f3n m\u00e1s afectada pola envernada de nieve y xelu: \u00e9stes son les 8 carreteres con problemes. L&#8217;AEMET preve para esti domingu n&#8217;Asturies que la cota de nieve baxe de 900 a 400-300 metros. Los mapes alverten: l&#8217;aire \u00e1rtico m\u00e1s fr\u00edu va pasar el d\u00eda de Reyes sobro Espa\u00f1a; nieve y hasta -7 \u00baC en [&hellip;]<\/p>\n","protected":false},"author":117,"featured_media":0,"comment_status":"closed","ping_status":"closed","sticky":false,"template":"","format":"standard","meta":{"footnotes":""},"categories":[5],"tags":[],"class_list":["post-65061","post","type-post","status-publish","format-standard","hentry","category-tiempu"],"_links":{"self":[{"href":"https:\/\/edublog.educastur.es\/ixuxu\/wp-json\/wp\/v2\/posts\/65061","targetHints":{"allow":["GET"]}}],"collection":[{"href":"https:\/\/edublog.educastur.es\/ixuxu\/wp-json\/wp\/v2\/posts"}],"about":[{"href":"https:\/\/edublog.educastur.es\/ixuxu\/wp-json\/wp\/v2\/types\/post"}],"author":[{"embeddable":true,"href":"https:\/\/edublog.educastur.es\/ixuxu\/wp-json\/wp\/v2\/users\/117"}],"replies":[{"embeddable":true,"href":"https:\/\/edublog.educastur.es\/ixuxu\/wp-json\/wp\/v2\/comments?post=65061"}],"version-history":[{"count":3,"href":"https:\/\/edublog.educastur.es\/ixuxu\/wp-json\/wp\/v2\/posts\/65061\/revisions"}],"predecessor-version":[{"id":65064,"href":"https:\/\/edublog.educastur.es\/ixuxu\/wp-json\/wp\/v2\/posts\/65061\/revisions\/65064"}],"wp:attachment":[{"href":"https:\/\/edublog.educastur.es\/ixuxu\/wp-json\/wp\/v2\/media?parent=65061"}],"wp:term":[{"taxonomy":"category","embeddable":true,"href":"https:\/\/edublog.educastur.es\/ixuxu\/wp-json\/wp\/v2\/categories?post=65061"},{"taxonomy":"post_tag","embeddable":true,"href":"https:\/\/edublog.educastur.es\/ixuxu\/wp-json\/wp\/v2\/tags?post=65061"}],"curies":[{"name":"wp","href":"https:\/\/api.w.org\/{rel}","templated":true}]}}