{"id":65065,"date":"2026-01-05T21:00:00","date_gmt":"2026-01-05T19:00:00","guid":{"rendered":"https:\/\/edublog.educastur.es\/ixuxu\/?p=65065"},"modified":"2026-01-06T13:21:19","modified_gmt":"2026-01-06T11:21:19","slug":"nueche-de-reis-magos","status":"publish","type":"post","link":"https:\/\/edublog.educastur.es\/ixuxu\/2026\/01\/nueche-de-reis-magos\/","title":{"rendered":"Nueche de Reis Magos"},"content":{"rendered":"<p style=\"text-align: center\"><a href=\"https:\/\/fotografias-2.larazon.es\/clipping\/cmsimages02\/2026\/01\/01\/BDAD0064-DDF4-4A8F-B9E2-C5947A104024\/dia-reyes-magos-tradicion-cristiana-festivo-espana-asi-como-muchos-paises-europa-resto-mundo_97.jpg?crop=2304,1296,x0,y0&amp;width=1600&amp;height=900&amp;optimize=low&amp;format=webply\"><img loading=\"lazy\" decoding=\"async\" class=\"aligncenter size-large\" src=\"https:\/\/fotografias-2.larazon.es\/clipping\/cmsimages02\/2026\/01\/01\/BDAD0064-DDF4-4A8F-B9E2-C5947A104024\/dia-reyes-magos-tradicion-cristiana-festivo-espana-asi-como-muchos-paises-europa-resto-mundo_97.jpg?crop=2304,1296,x0,y0&amp;width=1600&amp;height=900&amp;optimize=low&amp;format=webply\" width=\"1600\" height=\"900\" \/><\/a><a href=\"https:\/\/www.elcomercio.es\/oviedo\/reyes-magos-desfilan-calles-oviedo-multitud-cabalgata-20260105172534-nt.html?ref=https%3A%2F%2Fwww.elcomercio.es%2F\">El Comercio<\/a> \/ <a href=\"https:\/\/www.elcomercio.es\/oviedo\/cabalgata-reyes-magos-record-20260105211042-ga.html\"><strong>semeyes<\/strong><\/a><\/p>\n<p>Setenta y cinco mil persones rexunt\u00e1ronse esti llunes n&#8217;Uvi\u00e9u para asistir a la Cabalgata de Reyes m\u00e1s allegada de la hestoria (otres 15.000 fixeron lo propio na de La Corredoria).<\/p>\n<p style=\"text-align: center\">\n<!-- iframe plugin v.6.0 wordpress.org\/plugins\/iframe\/ -->\n<iframe loading=\"lazy\" src=\"https:\/\/www.facebook.com\/plugins\/video.php?height=229&#038;href=https%3A%2F%2Fwww.facebook.com%2Freel%2F1406924221076373%2F&#038;show_text=false&#038;width=560&#038;t=0\" width=\"560\" height=\"229\" style=\"border:none;overflow:hidden\" scrolling=\"no\" frameborder=\"0\" allowfullscreen=\"true\" allow=\"autoplay; clipboard-write; encrypted-media; picture-in-picture; web-share\" 0=\"\/iframe\" class=\"iframe-class\"><\/iframe>\n<\/p>\n<p><!--more--><\/p>\n<p style=\"text-align: center\"><a href=\"https:\/\/s2.ppllstatics.com\/elcomercio\/www\/multimedia\/2026\/01\/05\/cabalgata-reyes-oviedo%20(98).jpg\"><img loading=\"lazy\" decoding=\"async\" class=\"aligncenter size-large\" src=\"https:\/\/s2.ppllstatics.com\/elcomercio\/www\/multimedia\/2026\/01\/05\/cabalgata-reyes-oviedo%20(98).jpg\" width=\"1920\" height=\"1280\" \/><\/a><\/p>\n<p>La m\u00e1s numberosa en cuanto al p\u00fablicu y tami\u00e9n la m\u00e1s madrugadora. L&#8217;amenaza de mala meteorolox\u00eda pola umbada &#8216;Francis&#8217; oblig\u00f3 a adelantrar l&#8217;entamu del desfile una hora y media, que parti\u00f3 a los cinco en puntu de la tarde, a plena lluz del d\u00eda, y eso foi precisamente lo que la salv\u00f3 de la intensa agua qu&#8217;apaeci\u00f3 daqu\u00e9 antes de los ocho.<\/p>\n<p>&nbsp;<\/p>\n<p style=\"text-align: center\"><a href=\"https:\/\/s3.ppllstatics.com\/elcomercio\/www\/multimedia\/2026\/01\/05\/cabalgata-reyes-oviedo%20(43).jpg\"><img loading=\"lazy\" decoding=\"async\" class=\"aligncenter size-large\" src=\"https:\/\/s3.ppllstatics.com\/elcomercio\/www\/multimedia\/2026\/01\/05\/cabalgata-reyes-oviedo%20(43).jpg\" width=\"1920\" height=\"1280\" \/><\/a><\/p>\n<p>Sicas\u00ed, y con too y con eso lo anterior, la principal noved\u00e1 de la visita de los Reis Magos a Uvi\u00e9u esti acabante estrenar 2026 foi&#8217;l camb\u00e9u del percorr\u00edu. Empez\u00f3, per primer vegada, na cai Santa Susana. F\u00edzose en silenciu, cola comitiva d&#8217;Aliatar encabezando los meyores deseos de Les sos Maxestaes d&#8217;Oriente pa la capital asturiana, per delantre de la Real Banda de Gaites Ciudad d&#8217;Uvi\u00e9u, que nun empez\u00f3 a interpretar el so primer villancicu hasta la embocadura de Conde Toreno, por cuenta de que esi tramu inicial taba acut\u00e1u pa los ne\u00f1os con hipersensibilidad ac\u00fastica.<\/p>\n<p style=\"text-align: center\"><a href=\"https:\/\/s3.ppllstatics.com\/elcomercio\/www\/multimedia\/2026\/01\/05\/cabalgata-reyes-oviedo%20(8).jpg\"><img loading=\"lazy\" decoding=\"async\" class=\"aligncenter size-large\" src=\"https:\/\/s3.ppllstatics.com\/elcomercio\/www\/multimedia\/2026\/01\/05\/cabalgata-reyes-oviedo%20(8).jpg\" width=\"1280\" height=\"1920\" \/><\/a><\/p>\n","protected":false},"excerpt":{"rendered":"<p>El Comercio \/ semeyes Setenta y cinco mil persones rexunt\u00e1ronse esti llunes n&#8217;Uvi\u00e9u para asistir a la Cabalgata de Reyes m\u00e1s allegada de la hestoria (otres 15.000 fixeron lo propio na de La Corredoria).<\/p>\n","protected":false},"author":117,"featured_media":0,"comment_status":"closed","ping_status":"closed","sticky":false,"template":"","format":"standard","meta":{"footnotes":""},"categories":[81],"tags":[],"class_list":["post-65065","post","type-post","status-publish","format-standard","hentry","category-nadal"],"_links":{"self":[{"href":"https:\/\/edublog.educastur.es\/ixuxu\/wp-json\/wp\/v2\/posts\/65065","targetHints":{"allow":["GET"]}}],"collection":[{"href":"https:\/\/edublog.educastur.es\/ixuxu\/wp-json\/wp\/v2\/posts"}],"about":[{"href":"https:\/\/edublog.educastur.es\/ixuxu\/wp-json\/wp\/v2\/types\/post"}],"author":[{"embeddable":true,"href":"https:\/\/edublog.educastur.es\/ixuxu\/wp-json\/wp\/v2\/users\/117"}],"replies":[{"embeddable":true,"href":"https:\/\/edublog.educastur.es\/ixuxu\/wp-json\/wp\/v2\/comments?post=65065"}],"version-history":[{"count":8,"href":"https:\/\/edublog.educastur.es\/ixuxu\/wp-json\/wp\/v2\/posts\/65065\/revisions"}],"predecessor-version":[{"id":65254,"href":"https:\/\/edublog.educastur.es\/ixuxu\/wp-json\/wp\/v2\/posts\/65065\/revisions\/65254"}],"wp:attachment":[{"href":"https:\/\/edublog.educastur.es\/ixuxu\/wp-json\/wp\/v2\/media?parent=65065"}],"wp:term":[{"taxonomy":"category","embeddable":true,"href":"https:\/\/edublog.educastur.es\/ixuxu\/wp-json\/wp\/v2\/categories?post=65065"},{"taxonomy":"post_tag","embeddable":true,"href":"https:\/\/edublog.educastur.es\/ixuxu\/wp-json\/wp\/v2\/tags?post=65065"}],"curies":[{"name":"wp","href":"https:\/\/api.w.org\/{rel}","templated":true}]}}