{"id":65072,"date":"2026-01-04T08:52:24","date_gmt":"2026-01-04T06:52:24","guid":{"rendered":"https:\/\/edublog.educastur.es\/ixuxu\/?p=65072"},"modified":"2026-01-04T14:01:50","modified_gmt":"2026-01-04T12:01:50","slug":"nevaes-nel-norte-despana-dendel-domingu","status":"publish","type":"post","link":"https:\/\/edublog.educastur.es\/ixuxu\/2026\/01\/nevaes-nel-norte-despana-dendel-domingu\/","title":{"rendered":"Nevaes nel norte d&#8217;Espa\u00f1a dende&#8217;l domingu"},"content":{"rendered":"<p style=\"text-align: center\"><a href=\"https:\/\/www.meteovigo.es\/wp-content\/uploads\/2026\/01\/Llunevas.webp\"><img loading=\"lazy\" decoding=\"async\" class=\"size-large\" src=\"https:\/\/www.meteovigo.es\/wp-content\/uploads\/2026\/01\/Llunevas.webp\" width=\"1400\" height=\"817\" \/><\/a><\/p>\n<p><!--more--><\/p>\n<p>La escala de colores dibuxa les precipitaciones totales que, seg\u00fan el modelu van recoyese en toa Espa\u00f1a mientres los pr\u00f3ximos 7 d\u00edes. Los acumulaos m\u00e1s marcaos r\u00e1rense en zones del Noroeste peninsular, Cant\u00e1bricu, Pirineos, zones del sur peninsular y partes del Mediterr\u00e1neu, incluy\u00edu l&#8217;archipi\u00e9lagu balear.<\/p>\n<p style=\"text-align: center\"><a href=\"https:\/\/www.meteovigo.es\/wp-content\/uploads\/2026\/01\/xx_model-en-338-0_moddeu_2026010312_168_14_157.png\"><img loading=\"lazy\" decoding=\"async\" class=\"aligncenter size-large\" src=\"https:\/\/www.meteovigo.es\/wp-content\/uploads\/2026\/01\/xx_model-en-338-0_moddeu_2026010312_168_14_157.png\" width=\"760\" height=\"760\" \/><\/a><\/p>\n<p>Tamos \u00e9nte un episodiu que tien probabilidaes de dexar nieve a nivel del mar en zones del norte peninsular.<\/p>\n<p style=\"text-align: center\"><a href=\"https:\/\/www.meteovigo.es\/wp-content\/uploads\/2026\/01\/Screenshot_20260103_165705_Windy.jpg\"><img loading=\"lazy\" decoding=\"async\" class=\"aligncenter size-large\" src=\"https:\/\/www.meteovigo.es\/wp-content\/uploads\/2026\/01\/Screenshot_20260103_165705_Windy.jpg\" width=\"1080\" height=\"886\" \/><\/a><\/p>\n<p style=\"text-align: center\">Consulta los <a href=\"https:\/\/www.aemet.es\/es\/eltiempo\/prediccion\/avisos?w=mna\">avisos de la AEMET<\/a> y los \u00faltimos partes meteorol\u00f3xicos.<\/p>\n<p style=\"text-align: center\"><a href=\"https:\/\/www.meteovigo.es\/wp-content\/uploads\/2026\/01\/nieve-cota-peni83.webp\"><img loading=\"lazy\" decoding=\"async\" class=\"aligncenter size-large\" src=\"https:\/\/www.meteovigo.es\/wp-content\/uploads\/2026\/01\/nieve-cota-peni83.webp\" width=\"920\" height=\"838\" \/><\/a><\/p>\n<p style=\"text-align: center\"><a href=\"https:\/\/services.meteored.com\/img\/article\/nieve-entre-el-domingo-y-el-lunes-el-choque-de-francis-con-el-aire-polar-incrementa-las-opciones-en-estas-comunidades-1767343326026_1024.png\"><img loading=\"lazy\" decoding=\"async\" class=\"aligncenter size-large\" src=\"https:\/\/services.meteored.com\/img\/article\/nieve-entre-el-domingo-y-el-lunes-el-choque-de-francis-con-el-aire-polar-incrementa-las-opciones-en-estas-comunidades-1767343326026_1024.png\" width=\"1024\" height=\"714\" \/><\/a><\/p>\n<p style=\"text-align: center\"><a href=\"https:\/\/services.meteored.com\/img\/article\/nieve-entre-el-domingo-y-el-lunes-el-choque-de-francis-con-el-aire-polar-incrementa-las-opciones-en-estas-comunidades-1767343411244_1024.png\"><img loading=\"lazy\" decoding=\"async\" class=\"aligncenter size-large\" src=\"https:\/\/services.meteored.com\/img\/article\/nieve-entre-el-domingo-y-el-lunes-el-choque-de-francis-con-el-aire-polar-incrementa-las-opciones-en-estas-comunidades-1767343411244_1024.png\" width=\"1024\" height=\"714\" \/><\/a><\/p>\n<p style=\"text-align: center\"><a href=\"https:\/\/services.meteored.com\/img\/article\/nieve-entre-el-domingo-y-el-lunes-el-choque-de-francis-con-el-aire-polar-incrementa-las-opciones-en-estas-comunidades-1767343050491_1024.png\"><img loading=\"lazy\" decoding=\"async\" class=\"aligncenter size-large\" src=\"https:\/\/services.meteored.com\/img\/article\/nieve-entre-el-domingo-y-el-lunes-el-choque-de-francis-con-el-aire-polar-incrementa-las-opciones-en-estas-comunidades-1767343050491_1024.png\" width=\"1024\" height=\"714\" \/><\/a><\/p>\n","protected":false},"excerpt":{"rendered":"","protected":false},"author":117,"featured_media":0,"comment_status":"closed","ping_status":"closed","sticky":false,"template":"","format":"standard","meta":{"footnotes":""},"categories":[5],"tags":[],"class_list":["post-65072","post","type-post","status-publish","format-standard","hentry","category-tiempu"],"_links":{"self":[{"href":"https:\/\/edublog.educastur.es\/ixuxu\/wp-json\/wp\/v2\/posts\/65072","targetHints":{"allow":["GET"]}}],"collection":[{"href":"https:\/\/edublog.educastur.es\/ixuxu\/wp-json\/wp\/v2\/posts"}],"about":[{"href":"https:\/\/edublog.educastur.es\/ixuxu\/wp-json\/wp\/v2\/types\/post"}],"author":[{"embeddable":true,"href":"https:\/\/edublog.educastur.es\/ixuxu\/wp-json\/wp\/v2\/users\/117"}],"replies":[{"embeddable":true,"href":"https:\/\/edublog.educastur.es\/ixuxu\/wp-json\/wp\/v2\/comments?post=65072"}],"version-history":[{"count":6,"href":"https:\/\/edublog.educastur.es\/ixuxu\/wp-json\/wp\/v2\/posts\/65072\/revisions"}],"predecessor-version":[{"id":65082,"href":"https:\/\/edublog.educastur.es\/ixuxu\/wp-json\/wp\/v2\/posts\/65072\/revisions\/65082"}],"wp:attachment":[{"href":"https:\/\/edublog.educastur.es\/ixuxu\/wp-json\/wp\/v2\/media?parent=65072"}],"wp:term":[{"taxonomy":"category","embeddable":true,"href":"https:\/\/edublog.educastur.es\/ixuxu\/wp-json\/wp\/v2\/categories?post=65072"},{"taxonomy":"post_tag","embeddable":true,"href":"https:\/\/edublog.educastur.es\/ixuxu\/wp-json\/wp\/v2\/tags?post=65072"}],"curies":[{"name":"wp","href":"https:\/\/api.w.org\/{rel}","templated":true}]}}