{"id":65087,"date":"2026-01-04T08:58:46","date_gmt":"2026-01-04T06:58:46","guid":{"rendered":"https:\/\/edublog.educastur.es\/ixuxu\/?p=65087"},"modified":"2026-01-04T17:39:20","modified_gmt":"2026-01-04T15:39:20","slug":"traficu-pide-adelantar-la-vuelta-del-fin-de-selmana-al-domingu-pela-manana","status":"publish","type":"post","link":"https:\/\/edublog.educastur.es\/ixuxu\/2026\/01\/traficu-pide-adelantar-la-vuelta-del-fin-de-selmana-al-domingu-pela-manana\/","title":{"rendered":"Tr\u00e1ficu pide adelantar la vuelta del fin de selmana al domingu pela ma\u00f1ana"},"content":{"rendered":"<p class=\"font-size-xxl margin-b-5 font-weight-b color-b-050 letter-spacing--1 fuente-corporativa\">Tr\u00e1ficu pide adelantar la vuelta del fin de selmana al domingu pela ma\u00f1ana. La \u00f1eve pue afectar a la circulaci\u00f3n non solo de les v\u00edes comarcales y locales.<\/p>\n<p style=\"text-align: center\"><a href=\"https:\/\/www.rtpa.es\/fotos\/\/25\/01\/20250130135410_RTPA6123152.webp\"><img loading=\"lazy\" decoding=\"async\" class=\"aligncenter size-large\" src=\"https:\/\/www.rtpa.es\/fotos\/\/25\/01\/20250130135410_RTPA6123152.webp\" width=\"853\" height=\"480\" \/><\/a><\/p>\n<p><!--more--><\/p>\n<p>La Direcci\u00f3n Xeneral de Tr\u00e1ficu (DXT) pidi\u00f3 a los conductores que vuelven de fin de selmana ma\u00f1ana domingu que lo fagan nes primeres hores del d\u00eda y non pela tarde, por mor de les males condiciones meteorol\u00f3xiques derivaes del pasu de la borrasca Francis, que traer\u00e1 lluvia y \u00f1eve al so pasu pela pen\u00ednsula.<\/p>\n<p>Tr\u00e1ficu recomienda a los conductores que planifiquen bien el so viaxe y que s\u2019informen del estau de les carreteres y del tiempu enantes de ponese al volante.<\/p>\n<p>Y aconseya a los que tengan que desplazase\u2019l domingu peles zones afectaes por \u00f1eve, que lo fagan pela ma\u00f1ana de ma\u00f1ana. La DXT recuerda que la mayor probabilid\u00e1 de \u00f1evaes y lluvia fuerte ta prevista pal domingu, d\u00eda de regresu del fin de selmana y pal llunes, v\u00edspora de Reis.<\/p>\n","protected":false},"excerpt":{"rendered":"<p>Tr\u00e1ficu pide adelantar la vuelta del fin de selmana al domingu pela ma\u00f1ana. La \u00f1eve pue afectar a la circulaci\u00f3n non solo de les v\u00edes comarcales y locales.<\/p>\n","protected":false},"author":117,"featured_media":0,"comment_status":"closed","ping_status":"closed","sticky":false,"template":"","format":"standard","meta":{"footnotes":""},"categories":[1],"tags":[],"class_list":["post-65087","post","type-post","status-publish","format-standard","hentry","category-sin-categoria"],"_links":{"self":[{"href":"https:\/\/edublog.educastur.es\/ixuxu\/wp-json\/wp\/v2\/posts\/65087","targetHints":{"allow":["GET"]}}],"collection":[{"href":"https:\/\/edublog.educastur.es\/ixuxu\/wp-json\/wp\/v2\/posts"}],"about":[{"href":"https:\/\/edublog.educastur.es\/ixuxu\/wp-json\/wp\/v2\/types\/post"}],"author":[{"embeddable":true,"href":"https:\/\/edublog.educastur.es\/ixuxu\/wp-json\/wp\/v2\/users\/117"}],"replies":[{"embeddable":true,"href":"https:\/\/edublog.educastur.es\/ixuxu\/wp-json\/wp\/v2\/comments?post=65087"}],"version-history":[{"count":1,"href":"https:\/\/edublog.educastur.es\/ixuxu\/wp-json\/wp\/v2\/posts\/65087\/revisions"}],"predecessor-version":[{"id":65088,"href":"https:\/\/edublog.educastur.es\/ixuxu\/wp-json\/wp\/v2\/posts\/65087\/revisions\/65088"}],"wp:attachment":[{"href":"https:\/\/edublog.educastur.es\/ixuxu\/wp-json\/wp\/v2\/media?parent=65087"}],"wp:term":[{"taxonomy":"category","embeddable":true,"href":"https:\/\/edublog.educastur.es\/ixuxu\/wp-json\/wp\/v2\/categories?post=65087"},{"taxonomy":"post_tag","embeddable":true,"href":"https:\/\/edublog.educastur.es\/ixuxu\/wp-json\/wp\/v2\/tags?post=65087"}],"curies":[{"name":"wp","href":"https:\/\/api.w.org\/{rel}","templated":true}]}}