{"id":65089,"date":"2026-01-04T17:40:42","date_gmt":"2026-01-04T15:40:42","guid":{"rendered":"https:\/\/edublog.educastur.es\/ixuxu\/?p=65089"},"modified":"2026-01-04T17:40:55","modified_gmt":"2026-01-04T15:40:55","slug":"llucha-nos-xulgaos-pola-propieda-dun-traxe-de-llanisca","status":"publish","type":"post","link":"https:\/\/edublog.educastur.es\/ixuxu\/2026\/01\/llucha-nos-xulgaos-pola-propieda-dun-traxe-de-llanisca\/","title":{"rendered":"Llucha nos xulgaos pola propied\u00e1 d&#8217;un traxe de llanisca."},"content":{"rendered":"<div class=\"padding-t-35\">\n<p class=\"font-size-xxl margin-b-5 font-weight-b color-b-050 letter-spacing--1 fuente-corporativa\">Madre y f\u00eda lluchen nos xulgaos pola propied\u00e1 d&#8217;un traxe de llanisca. La madre denunci\u00f3 a la so f\u00eda pa reclama-y el paxellu tradicional. El desalcuerdu pola propied\u00e1 d&#8217;un traxe de llanisca enfrent\u00f3 a una madre y a una f\u00eda nos xulgaos.<\/p>\n<p style=\"text-align: center\"><a href=\"https:\/\/www.rtpa.es\/fotos\/\/26\/01\/20260103141419_RTPA7545028.webp\"><img loading=\"lazy\" decoding=\"async\" class=\"alignnone size-large\" src=\"https:\/\/www.rtpa.es\/fotos\/\/26\/01\/20260103141419_RTPA7545028.webp\" width=\"853\" height=\"480\" \/><\/a><\/p>\n<p>&nbsp;<\/p>\n<\/div>\n<p><!--more--><\/p>\n<div id=\"noticiacompleta\" class=\"parragraph-padding font-c-conent\">\n<p>La denunciante reclama a la so f\u00eda la propied\u00e1 d&#8217;un traxe de llanisca valor\u00e1u en 6.000 euros qu&#8217;ella mesma, como reconoci\u00f3 \u00e9nte la xueza, regalara a la so f\u00eda va delles d\u00e9cades. El conflictu entam\u00f3 nel branu del 2024 cuando la nieta de la muyer que demand\u00f3 a la so f\u00eda nun pudo vistise pa una de les tres fiestes de la capital del valle de San Xurde.<\/p>\n<p>La madre yera la que curiaba&#8217;l traxe de llanisca, pero a partir d&#8217;esi d\u00eda la f\u00eda decidi\u00f3 llevalu a la so casa, y\u00e1 que se trataba d&#8217;un regalu que-y fixeren sos padres cuando yera una adolescente. La xueza, finalmente, dio-y la raz\u00f3n a la f\u00eda, anque so madre inda pue presentar un recursu \u00e9nte l&#8217;Audiencia Provincial d&#8217;Asturies.<\/p>\n<\/div>\n","protected":false},"excerpt":{"rendered":"<p>Madre y f\u00eda lluchen nos xulgaos pola propied\u00e1 d&#8217;un traxe de llanisca. La madre denunci\u00f3 a la so f\u00eda pa reclama-y el paxellu tradicional. El desalcuerdu pola propied\u00e1 d&#8217;un traxe de llanisca enfrent\u00f3 a una madre y a una f\u00eda nos xulgaos. &nbsp;<\/p>\n","protected":false},"author":117,"featured_media":0,"comment_status":"closed","ping_status":"closed","sticky":false,"template":"","format":"standard","meta":{"footnotes":""},"categories":[210],"tags":[],"class_list":["post-65089","post","type-post","status-publish","format-standard","hentry","category-indumentaria"],"_links":{"self":[{"href":"https:\/\/edublog.educastur.es\/ixuxu\/wp-json\/wp\/v2\/posts\/65089","targetHints":{"allow":["GET"]}}],"collection":[{"href":"https:\/\/edublog.educastur.es\/ixuxu\/wp-json\/wp\/v2\/posts"}],"about":[{"href":"https:\/\/edublog.educastur.es\/ixuxu\/wp-json\/wp\/v2\/types\/post"}],"author":[{"embeddable":true,"href":"https:\/\/edublog.educastur.es\/ixuxu\/wp-json\/wp\/v2\/users\/117"}],"replies":[{"embeddable":true,"href":"https:\/\/edublog.educastur.es\/ixuxu\/wp-json\/wp\/v2\/comments?post=65089"}],"version-history":[{"count":1,"href":"https:\/\/edublog.educastur.es\/ixuxu\/wp-json\/wp\/v2\/posts\/65089\/revisions"}],"predecessor-version":[{"id":65090,"href":"https:\/\/edublog.educastur.es\/ixuxu\/wp-json\/wp\/v2\/posts\/65089\/revisions\/65090"}],"wp:attachment":[{"href":"https:\/\/edublog.educastur.es\/ixuxu\/wp-json\/wp\/v2\/media?parent=65089"}],"wp:term":[{"taxonomy":"category","embeddable":true,"href":"https:\/\/edublog.educastur.es\/ixuxu\/wp-json\/wp\/v2\/categories?post=65089"},{"taxonomy":"post_tag","embeddable":true,"href":"https:\/\/edublog.educastur.es\/ixuxu\/wp-json\/wp\/v2\/tags?post=65089"}],"curies":[{"name":"wp","href":"https:\/\/api.w.org\/{rel}","templated":true}]}}