{"id":65099,"date":"2026-01-04T17:53:53","date_gmt":"2026-01-04T15:53:53","guid":{"rendered":"https:\/\/edublog.educastur.es\/ixuxu\/?p=65099"},"modified":"2026-01-04T18:14:53","modified_gmt":"2026-01-04T16:14:53","slug":"discutiniu-nuvieu-pol-botellon-de-nuechevieya-nel-campo-san-francisco","status":"publish","type":"post","link":"https:\/\/edublog.educastur.es\/ixuxu\/2026\/01\/discutiniu-nuvieu-pol-botellon-de-nuechevieya-nel-campo-san-francisco\/","title":{"rendered":"Discutiniu n&#8217;Uvi\u00e9u pol botell\u00f3n de Nuechevieya n&#8217;El Campo San Francisco"},"content":{"rendered":"<p class=\"font-size-xxl margin-b-5 font-weight-b color-b-050 letter-spacing--1 fuente-corporativa\">Discutiniu n&#8217;Uvi\u00e9u pol botell\u00f3n de Nuechevieya n&#8217;El Campo San Francisco. Toos coinciden na necesid\u00e1 de respetar y protexer el patrimoniu de tolos uvie\u00ednos. El PSOE pide que se tomen mid\u00edes a IX plantega un plan que recueya delles mid\u00edes.<\/p>\n<p style=\"text-align: center\"><a href=\"https:\/\/www.rtpa.es\/fotos\/\/26\/01\/20260102141729_RTPA7542494.webp\"><img loading=\"lazy\" decoding=\"async\" class=\"aligncenter size-large\" src=\"https:\/\/www.rtpa.es\/fotos\/\/26\/01\/20260102141729_RTPA7542494.webp\" width=\"853\" height=\"480\" \/><\/a><\/p>\n<div id=\"noticiacompleta\" class=\"parragraph-padding font-c-conent\">\n<h2 class=\"font-size-m padding-b-20 font-weight-b margin-t-16\"><!--more--><\/h2>\n<p>El Campo San Francisco espert\u00f3 enllenu de botelles de cristal, lates y residuos tres el botell\u00f3n protagoniz\u00e1u por cientos de persones na celebraci\u00f3n de la Nuechevieya.<\/p>\n<p><strong>Dende&#8217;l PSOE<\/strong> critiquen que sol Gobiernu d&#8217;Alfredo Canteli, el parque convirti\u00f3se nun espaciu avez\u00e1u pa celebrar estos eventos se\u00f1ala Carlos Llaneza, conceyal del Grupu Municipal Socialista del Conceyu d&#8217;Uvi\u00e9u.<\/p>\n<p><strong>Izquierda Xunida<\/strong> con distinta postura encamienta que s&#8217;apruebe un plan qu&#8217;estableza normes pa garantizar un control afayadizu apunta Gaspar Llamazares, conceyal d&#8217;Izquierda Xunida d&#8217;Uvi\u00e9u.<\/p>\n<p><strong>L&#8217;equipu de gobiernu<\/strong> nun lu considera un botell\u00f3n y mengua\u2019l problema, y rellaci\u00f3nalu cola acumuladura de basura que se xener\u00f3 na San Silvestre asegura Jos\u00e9 Ram\u00f3n Prado, conceyal de Gobiernu de Segurid\u00e1 Ciudadana del Conceyu d&#8217;Uvi\u00e9u.<\/p>\n<p>&nbsp;<\/p>\n<\/div>\n<p>&nbsp;<\/p>\n","protected":false},"excerpt":{"rendered":"<p>Discutiniu n&#8217;Uvi\u00e9u pol botell\u00f3n de Nuechevieya n&#8217;El Campo San Francisco. Toos coinciden na necesid\u00e1 de respetar y protexer el patrimoniu de tolos uvie\u00ednos. El PSOE pide que se tomen mid\u00edes a IX plantega un plan que recueya delles mid\u00edes.<\/p>\n","protected":false},"author":117,"featured_media":0,"comment_status":"closed","ping_status":"closed","sticky":false,"template":"","format":"standard","meta":{"footnotes":""},"categories":[33],"tags":[],"class_list":["post-65099","post","type-post","status-publish","format-standard","hentry","category-uvieu"],"_links":{"self":[{"href":"https:\/\/edublog.educastur.es\/ixuxu\/wp-json\/wp\/v2\/posts\/65099","targetHints":{"allow":["GET"]}}],"collection":[{"href":"https:\/\/edublog.educastur.es\/ixuxu\/wp-json\/wp\/v2\/posts"}],"about":[{"href":"https:\/\/edublog.educastur.es\/ixuxu\/wp-json\/wp\/v2\/types\/post"}],"author":[{"embeddable":true,"href":"https:\/\/edublog.educastur.es\/ixuxu\/wp-json\/wp\/v2\/users\/117"}],"replies":[{"embeddable":true,"href":"https:\/\/edublog.educastur.es\/ixuxu\/wp-json\/wp\/v2\/comments?post=65099"}],"version-history":[{"count":1,"href":"https:\/\/edublog.educastur.es\/ixuxu\/wp-json\/wp\/v2\/posts\/65099\/revisions"}],"predecessor-version":[{"id":65100,"href":"https:\/\/edublog.educastur.es\/ixuxu\/wp-json\/wp\/v2\/posts\/65099\/revisions\/65100"}],"wp:attachment":[{"href":"https:\/\/edublog.educastur.es\/ixuxu\/wp-json\/wp\/v2\/media?parent=65099"}],"wp:term":[{"taxonomy":"category","embeddable":true,"href":"https:\/\/edublog.educastur.es\/ixuxu\/wp-json\/wp\/v2\/categories?post=65099"},{"taxonomy":"post_tag","embeddable":true,"href":"https:\/\/edublog.educastur.es\/ixuxu\/wp-json\/wp\/v2\/tags?post=65099"}],"curies":[{"name":"wp","href":"https:\/\/api.w.org\/{rel}","templated":true}]}}