{"id":65164,"date":"2026-03-27T18:00:51","date_gmt":"2026-03-27T16:00:51","guid":{"rendered":"https:\/\/edublog.educastur.es\/ixuxu\/?p=65164"},"modified":"2026-01-25T21:58:55","modified_gmt":"2026-01-25T19:58:55","slug":"65164","status":"publish","type":"post","link":"https:\/\/edublog.educastur.es\/ixuxu\/2026\/03\/65164\/","title":{"rendered":""},"content":{"rendered":"<div class=\"xdj266r x14z9mp xat24cr x1lziwak x1vvkbs x126k92a\">\n<div dir=\"auto\" style=\"text-align: center\"><span style=\"color: #800080\"><em><span style=\"font-size: 28px\">\u201cEse ansielu de superaci\u00f3n,<br \/>\nde cultura, de cultivu ye, seique, <\/span><\/em><\/span><br \/>\n<span style=\"color: #800080\"><em><span style=\"font-size: 28px\">la empresa m\u00e1s necesaria n&#8217;una coleutivid\u00e1,<br \/>\nn&#8217;una \u00abpolis\u00bb y na so memoria.<br \/>\n<\/span><\/em><\/span><br \/>\n<span style=\"color: #800080\"><em><span style=\"font-size: 28px\">Nella, <strong>nesa educaci\u00f3n de la llibert\u00e1,<\/strong><br \/>\n<strong>afala&#8217;l futuru, <\/strong><\/span><span style=\"font-size: 28px\"><strong>el de la verd\u00e1,<\/strong><br \/>\n<strong>el de la llucha pola iguald\u00e1,<\/strong><br \/>\n<strong>pola xusticia, pola intelixencia<\/strong>\u201d.<br \/>\n<\/span><\/em><\/span><br \/>\nFragmentu del discursu d&#8217;Emilio Lled\u00f3, Premio Princesa d&#8217;Asturies<br \/>\nde Comunicaci\u00f3n y Humanidaes 2015, mientres la entrega. <span class=\"html-span xdj266r x14z9mp xat24cr x1lziwak xexx8yu xyri2b x18d9i69 x1c1uobl x1hl2dhg x16tdsg8 x1vvkbs\"><a class=\"x1i10hfl xjbqb8w x1ejq31n x18oe1m7 x1sy0etr xstzfhl x972fbf x10w94by x1qhh985 x14e42zd x9f619 x1ypdohk xt0psk2 x3ct3a4 xdj266r x14z9mp xat24cr x1lziwak xexx8yu xyri2b x18d9i69 x1c1uobl x16tdsg8 x1hl2dhg xggy1nq x1a2a7pz xkrqix3 x1sur9pj x1fey0fg x1s688f\" role=\"link\" href=\"https:\/\/bit.ly\/DiscursoLled%C3%B32015?fbclid=IwZXh0bgNhZW0CMTAAYnJpZBExZkN3NnZpbHZJcUlFUGN4V3NydGMGYXBwX2lkEDIyMjAzOTE3ODgyMDA4OTIAAR6h1KrTqOJZaIooH-JyrKM307Ks_kITgw9AE26vlJ-PXJWYCDIxURyrPsBecA_aem_BtVllZCWTxxbsT2729MPrw\" target=\"_blank\" rel=\"nofollow noopener noreferrer\">bit.ly\/DiscursoLled\u00f32015<\/a><\/span><\/div>\n<\/div>\n<div class=\"x14z9mp xat24cr x1lziwak x1vvkbs xtlvy1s x126k92a\">\n<div dir=\"auto\" style=\"text-align: center\"><span class=\"html-span xdj266r x14z9mp xat24cr x1lziwak xexx8yu xyri2b x18d9i69 x1c1uobl x1hl2dhg x16tdsg8 x1vvkbs\"><a class=\"x1i10hfl xjbqb8w x1ejq31n x18oe1m7 x1sy0etr xstzfhl x972fbf x10w94by x1qhh985 x14e42zd x9f619 x1ypdohk xt0psk2 x3ct3a4 xdj266r x14z9mp xat24cr x1lziwak xexx8yu xyri2b x18d9i69 x1c1uobl x16tdsg8 x1hl2dhg xggy1nq x1a2a7pz xkrqix3 x1sur9pj x1fey0fg x1s688f\" role=\"link\" href=\"https:\/\/www.facebook.com\/hashtag\/premiosprincesadeasturias?__eep__=6&amp;__cft__[0]=AZakb94bqdqPgU_kKxy7mKfCFnosgKivm0TaJbg4gnZsAIn2_B2Nm__mUZVD4K9MPDH-iLU4NEs4EEWbSeAqQMc64NHR_yRyd0vmiDE3AFAh6WXeQH8myT6JtnGEeiDybRmzl--sibl-tznhafmGkNxrfNZMDTrS9OQPeDkydBgYMiKOGaCe5irnoYToOKvQvzQ&amp;__tn__=*NKH-R\">#PremiosPrincesadeAsturias<\/a><\/span><\/div>\n<div dir=\"auto\" style=\"text-align: center\">\n<!-- iframe plugin v.6.0 wordpress.org\/plugins\/iframe\/ -->\n<iframe loading=\"lazy\" src=\"https:\/\/www.facebook.com\/plugins\/post.php?href=https%3A%2F%2Fwww.facebook.com%2Ffpa%2Fposts%2Fpfbid025Yzt5hPPP4BNPKJQVrNmndADWDJ837wrtxEDCF8wRimximJSzS71zvi34RDv1pRVl&#038;show_text=false&#038;width=500\" width=\"500\" height=\"498\" style=\"border:none;overflow:hidden\" scrolling=\"no\" frameborder=\"0\" allowfullscreen=\"true\" allow=\"autoplay; clipboard-write; encrypted-media; picture-in-picture; web-share\" 0=\"\/iframe\" class=\"iframe-class\"><\/iframe>\n<\/div>\n<\/div>\n","protected":false},"excerpt":{"rendered":"<p>\u201cEse ansielu de superaci\u00f3n, de cultura, de cultivu ye, seique, la empresa m\u00e1s necesaria n&#8217;una coleutivid\u00e1, n&#8217;una \u00abpolis\u00bb y na so memoria. Nella, nesa educaci\u00f3n de la llibert\u00e1, afala&#8217;l futuru, el de la verd\u00e1, el de la llucha pola iguald\u00e1, pola xusticia, pola intelixencia\u201d. Fragmentu del discursu d&#8217;Emilio Lled\u00f3, Premio Princesa d&#8217;Asturies de Comunicaci\u00f3n y [&hellip;]<\/p>\n","protected":false},"author":117,"featured_media":0,"comment_status":"closed","ping_status":"closed","sticky":false,"template":"","format":"quote","meta":{"footnotes":""},"categories":[1],"tags":[],"class_list":["post-65164","post","type-post","status-publish","format-quote","hentry","category-sin-categoria","post_format-post-format-quote"],"_links":{"self":[{"href":"https:\/\/edublog.educastur.es\/ixuxu\/wp-json\/wp\/v2\/posts\/65164","targetHints":{"allow":["GET"]}}],"collection":[{"href":"https:\/\/edublog.educastur.es\/ixuxu\/wp-json\/wp\/v2\/posts"}],"about":[{"href":"https:\/\/edublog.educastur.es\/ixuxu\/wp-json\/wp\/v2\/types\/post"}],"author":[{"embeddable":true,"href":"https:\/\/edublog.educastur.es\/ixuxu\/wp-json\/wp\/v2\/users\/117"}],"replies":[{"embeddable":true,"href":"https:\/\/edublog.educastur.es\/ixuxu\/wp-json\/wp\/v2\/comments?post=65164"}],"version-history":[{"count":4,"href":"https:\/\/edublog.educastur.es\/ixuxu\/wp-json\/wp\/v2\/posts\/65164\/revisions"}],"predecessor-version":[{"id":66705,"href":"https:\/\/edublog.educastur.es\/ixuxu\/wp-json\/wp\/v2\/posts\/65164\/revisions\/66705"}],"wp:attachment":[{"href":"https:\/\/edublog.educastur.es\/ixuxu\/wp-json\/wp\/v2\/media?parent=65164"}],"wp:term":[{"taxonomy":"category","embeddable":true,"href":"https:\/\/edublog.educastur.es\/ixuxu\/wp-json\/wp\/v2\/categories?post=65164"},{"taxonomy":"post_tag","embeddable":true,"href":"https:\/\/edublog.educastur.es\/ixuxu\/wp-json\/wp\/v2\/tags?post=65164"}],"curies":[{"name":"wp","href":"https:\/\/api.w.org\/{rel}","templated":true}]}}