{"id":65170,"date":"2026-01-03T12:10:24","date_gmt":"2026-01-03T10:10:24","guid":{"rendered":"https:\/\/edublog.educastur.es\/ixuxu\/?p=65170"},"modified":"2026-01-04T23:28:58","modified_gmt":"2026-01-04T21:28:58","slug":"estaos-xunios-captura-a-presidente-de-venezuela","status":"publish","type":"post","link":"https:\/\/edublog.educastur.es\/ixuxu\/2026\/01\/estaos-xunios-captura-a-presidente-de-venezuela\/","title":{"rendered":"Estaos Xun\u00edos captura a presidente de Venezuela"},"content":{"rendered":"<p>La captura del presidente venezolanu Nicol\u00e1s Maduro per parte d&#8217;Estaos Xun\u00edos non solo marca un finxu na pol\u00edtica esterior estadounidense, sin\u00f3n qu&#8217;abre una nueva fase definida pola alministraci\u00f3n directa del pa\u00eds suramericanu per parte de Washington, siquier de forma temporal. <a href=\"https:\/\/www.rtpa.es\/noticias-internacional\/2026-01-04\/Maduro-duerme-recluido-en-Brooklyn-mientras-Delcy-Rodriguez-asume-su-puesto-en-\">Videu TPA<\/a><\/p>\n<p style=\"text-align: center\"><a href=\"https:\/\/www.periodicocubano.com\/wp-content\/uploads\/2026\/01\/TRump-y-Maduro.jpg\"><img loading=\"lazy\" decoding=\"async\" class=\"aligncenter \" src=\"https:\/\/www.periodicocubano.com\/wp-content\/uploads\/2026\/01\/TRump-y-Maduro.jpg\" width=\"524\" height=\"295\" \/><\/a><\/p>\n<p>Maduro y la so esposa van comparecer el llunes \u00e9nte un tribunal federal de Nueva York.\u00a0Maduro ta acus\u00e1u n&#8217;Estaos Xun\u00edos de cuatro cargos federales: <strong>conspiraci\u00f3n de narcoterrorismo, para la importaci\u00f3n de coca\u00edna, posesi\u00f3n d&#8217;ametralladores y dispositivos destructivos, y conspiraci\u00f3n para tener esos mesmos artefactos en sofitu d&#8217;actividaes criminales, lo mesmo que de collaborar con organizaciones criminales calificaes como terroristes per Washington<\/strong>.<\/p>\n<p><!--more--><\/p>\n<p style=\"text-align: center\"><a href=\"https:\/\/s3.ppllstatics.com\/rc\/www\/multimedia\/2026\/01\/04\/1504745889-k1JG-U2407438917527iF-1200x840@RC.jpg\"><img loading=\"lazy\" decoding=\"async\" class=\"aligncenter size-large\" src=\"https:\/\/s3.ppllstatics.com\/rc\/www\/multimedia\/2026\/01\/04\/1504745889-k1JG-U2407438917527iF-1200x840@RC.jpg\" width=\"1200\" height=\"840\" \/><\/a><\/p>\n<p>&nbsp;<\/p>\n<p>Les acusaciones, formulaes en 2020 pola Fiscal\u00eda del Distritu Sur de Nueva York y confirmaes el s\u00e1badu, sostienen que&#8217;l <strong>presidente venezolanu liderar\u00eda mientres a\u00f1os una rede qu&#8217;utiliz\u00f3&#8217;l tr\u00e1ficu de drogues como arma contra Estaos Xun\u00edos.<\/strong><\/p>\n<p>Cilia Flores, pela so parte, enfrenta cargos venceyaos a presuntes operaciones de sofitu lox\u00edsticu y financieru a la mesma estructura criminal, seg\u00fan documentos xudiciales citaos per medios estadounidenses.<\/p>\n<p>En casos similares, los acusaos suelen ser presentaos primeramente \u00e9nte un xuez pa la llectura formal de los cargos, la verificaci\u00f3n de la so identid\u00e1 y la definici\u00f3n d&#8217;aspeutos preliminares como la detenci\u00f3n preventiva o la designaci\u00f3n d&#8217;abogaos.<\/p>\n<p>&nbsp;<\/p>\n<p>Unu de les pilastres del plan anunci\u00e1u por Trump pasa pola industria petrolera, principal fonte d&#8217;ingresos de Venezuela. El presidente adelantr\u00f3 que compa\u00f1\u00edes estadounidenses van faese cargu de la xesti\u00f3n del sector enerx\u00e9ticu mientres la transici\u00f3n, una decisi\u00f3n que s&#8217;enmarca na estratexa de presi\u00f3n econ\u00f3mica que Washington intensific\u00f3 nos \u00faltimos meses.<\/p>\n<p>&nbsp;<\/p>\n<p style=\"text-align: center\"><a href=\"https:\/\/a57.foxnews.com\/static.foxnews.com\/foxnews.com\/content\/uploads\/2025\/12\/1200\/675\/donald-trump-nicolas-maduro.jpg?ve=1&amp;tl=1\"><img loading=\"lazy\" decoding=\"async\" class=\"aligncenter \" src=\"https:\/\/a57.foxnews.com\/static.foxnews.com\/foxnews.com\/content\/uploads\/2025\/12\/1200\/675\/donald-trump-nicolas-maduro.jpg?ve=1&amp;tl=1\" width=\"469\" height=\"264\" \/><\/a><\/p>\n<p>\u00bfPor qu\u00e9 importa tanto Venezuela n&#8217;Espa\u00f1a? Los mapes y gr\u00e1ficos de la so di\u00e1spora. Casi 700.000 venezolanos viven en territoriu espa\u00f1ol, cuando&#8217;l restu de pa\u00edses de la Uni\u00f3n Europea suma unos 100.000. <a href=\"https:\/\/www.elcomercio.es\/internacional\/america-latina\/importa-venezuela-espana-mapas-graficos-diaspora-20260104161106-ntrc.html\">El Comercio MAPA<\/a><\/p>\n<p>Cuando recibimos la noticia de la ofensiva de Trump en Venezuela y l&#8217;arrestu a Maduruo, quiciabes te alcordar\u00edes del to amigu, compa\u00f1eru de trabayu o familiar nac\u00edu en Venezuela pero residente n&#8217;Espa\u00f1a. Nun ye estra\u00f1u que, magar los kil\u00f3metros que dixebren Espa\u00f1a y Venezuela, estos acontecimientos llamaren l&#8217;atenci\u00f3n. Les cifres de poblaci\u00f3n espliquen esto.<\/p>\n<p style=\"text-align: center\"><a href=\"https:\/\/th.bing.com\/th\/id\/R.84a0862155c41c1ee71498e3cad8c31e?rik=aOi6pl1WWxadIw&amp;riu=http%3a%2f%2fcdn.statcdn.com%2fInfographic%2fimages%2fnormal%2f15214.jpeg&amp;ehk=fvZd8jzYCya2b3KQB1pvEYtVcIAC%2bkaICNvupEH5%2f9A%3d&amp;risl=&amp;pid=ImgRaw&amp;r=0\"><img loading=\"lazy\" decoding=\"async\" class=\"aligncenter \" src=\"https:\/\/th.bing.com\/th\/id\/R.84a0862155c41c1ee71498e3cad8c31e?rik=aOi6pl1WWxadIw&amp;riu=http%3a%2f%2fcdn.statcdn.com%2fInfographic%2fimages%2fnormal%2f15214.jpeg&amp;ehk=fvZd8jzYCya2b3KQB1pvEYtVcIAC%2bkaICNvupEH5%2f9A%3d&amp;risl=&amp;pid=ImgRaw&amp;r=0\" width=\"726\" height=\"726\" \/><\/a><\/p>\n","protected":false},"excerpt":{"rendered":"<p>La captura del presidente venezolanu Nicol\u00e1s Maduro per parte d&#8217;Estaos Xun\u00edos non solo marca un finxu na pol\u00edtica esterior estadounidense, sin\u00f3n qu&#8217;abre una nueva fase definida pola alministraci\u00f3n directa del pa\u00eds suramericanu per parte de Washington, siquier de forma temporal. Videu TPA Maduro y la so esposa van comparecer el llunes \u00e9nte un tribunal federal [&hellip;]<\/p>\n","protected":false},"author":117,"featured_media":0,"comment_status":"closed","ping_status":"closed","sticky":false,"template":"","format":"standard","meta":{"footnotes":""},"categories":[496],"tags":[],"class_list":["post-65170","post","type-post","status-publish","format-standard","hentry","category-internacional"],"_links":{"self":[{"href":"https:\/\/edublog.educastur.es\/ixuxu\/wp-json\/wp\/v2\/posts\/65170","targetHints":{"allow":["GET"]}}],"collection":[{"href":"https:\/\/edublog.educastur.es\/ixuxu\/wp-json\/wp\/v2\/posts"}],"about":[{"href":"https:\/\/edublog.educastur.es\/ixuxu\/wp-json\/wp\/v2\/types\/post"}],"author":[{"embeddable":true,"href":"https:\/\/edublog.educastur.es\/ixuxu\/wp-json\/wp\/v2\/users\/117"}],"replies":[{"embeddable":true,"href":"https:\/\/edublog.educastur.es\/ixuxu\/wp-json\/wp\/v2\/comments?post=65170"}],"version-history":[{"count":6,"href":"https:\/\/edublog.educastur.es\/ixuxu\/wp-json\/wp\/v2\/posts\/65170\/revisions"}],"predecessor-version":[{"id":65191,"href":"https:\/\/edublog.educastur.es\/ixuxu\/wp-json\/wp\/v2\/posts\/65170\/revisions\/65191"}],"wp:attachment":[{"href":"https:\/\/edublog.educastur.es\/ixuxu\/wp-json\/wp\/v2\/media?parent=65170"}],"wp:term":[{"taxonomy":"category","embeddable":true,"href":"https:\/\/edublog.educastur.es\/ixuxu\/wp-json\/wp\/v2\/categories?post=65170"},{"taxonomy":"post_tag","embeddable":true,"href":"https:\/\/edublog.educastur.es\/ixuxu\/wp-json\/wp\/v2\/tags?post=65170"}],"curies":[{"name":"wp","href":"https:\/\/api.w.org\/{rel}","templated":true}]}}