{"id":65181,"date":"2026-01-03T19:00:03","date_gmt":"2026-01-03T17:00:03","guid":{"rendered":"https:\/\/edublog.educastur.es\/ixuxu\/?p=65181"},"modified":"2026-01-04T23:11:47","modified_gmt":"2026-01-04T21:11:47","slug":"nun-me-chisques-trae-un-analis-de-la-informacion-xuvenil-mas-relevante","status":"publish","type":"post","link":"https:\/\/edublog.educastur.es\/ixuxu\/2026\/01\/nun-me-chisques-trae-un-analis-de-la-informacion-xuvenil-mas-relevante\/","title":{"rendered":"&#8216;Nun me Chisques&#8217; trae un anal\u00eds de la informaci\u00f3n xuvenil m\u00e1s relevante."},"content":{"rendered":"<p>&#8216;Nun me Chisques&#8217; trae un anal\u00eds non-stop de la informaci\u00f3n xuvenil m\u00e1s relevante. Les noticies tr\u00e1tanse dende un puntu de vista nuevu, apurriendo una perspeutiva cr\u00edtica. Esta nueche, a les 21:00, en <span class=\"html-span xdj266r x14z9mp xat24cr x1lziwak xexx8yu xyri2b x18d9i69 x1c1uobl x1hl2dhg x16tdsg8 x1vvkbs\"><a class=\"x1i10hfl xjbqb8w x1ejq31n x18oe1m7 x1sy0etr xstzfhl x972fbf x10w94by x1qhh985 x14e42zd x9f619 x1ypdohk xt0psk2 x3ct3a4 xdj266r x14z9mp xat24cr x1lziwak xexx8yu xyri2b x18d9i69 x1c1uobl x16tdsg8 x1hl2dhg xggy1nq x1a2a7pz xkrqix3 x1sur9pj x1fey0fg x1s688f\" role=\"link\" href=\"https:\/\/www.facebook.com\/hashtag\/rpa?__eep__=6&amp;__cft__[0]=AZYEdKppjSexOBgETs4qZQv4Uuz88ZH928-0KjrONXbcOVF6mAkxncMtn_qyNLlVClC_whqAVTPlYBEJZvnml_8N3XzwrMEa2_pAaDniRnJSOyT7kiYaHqaDf-kIL4F-1cfvaxqJhE_InRG7OAnASQqNsbAfpMo_zAOvnsz4Wj-kfrep2i6ZNBjeOvnuTHeuYv4&amp;__tn__=*NK-R\">#RPA<\/a><\/span><\/p>\n<p style=\"text-align: center\"><a href=\"https:\/\/www.rtpa.es\/fotos\/\/26\/01\/871767364742_fr-nun-me-chisques.png\"><img loading=\"lazy\" decoding=\"async\" class=\"aligncenter \" src=\"https:\/\/www.rtpa.es\/fotos\/\/26\/01\/871767364742_fr-nun-me-chisques.png\" width=\"850\" height=\"478\" \/><\/a><\/p>\n<p>\u00a0Esti espaciu incl\u00fai alderiques francos y histories de xente moza innovadora. <strong>Tou&#8217;l conten\u00edu em\u00edtese en llingua asturiana. <\/strong>Nesti primer programa de \u2018Nun me Chisques\u2019, Marina y Elena narren c\u00f3mo se conocieron y c\u00f3mo surde\u2019l binomiu pol que tol mundu les conoz: \u201cLes Asturxules\u201d. <a href=\"https:\/\/www.rtpa.es\/audio:Nun-me-Chisques_1767519393.html\">Enllaz<\/a><\/p>\n","protected":false},"excerpt":{"rendered":"<p>&#8216;Nun me Chisques&#8217; trae un anal\u00eds non-stop de la informaci\u00f3n xuvenil m\u00e1s relevante. Les noticies tr\u00e1tanse dende un puntu de vista nuevu, apurriendo una perspeutiva cr\u00edtica. Esta nueche, a les 21:00, en #RPA \u00a0Esti espaciu incl\u00fai alderiques francos y histories de xente moza innovadora. Tou&#8217;l conten\u00edu em\u00edtese en llingua asturiana. Nesti primer programa de \u2018Nun [&hellip;]<\/p>\n","protected":false},"author":117,"featured_media":0,"comment_status":"closed","ping_status":"closed","sticky":false,"template":"","format":"standard","meta":{"footnotes":""},"categories":[59],"tags":[],"class_list":["post-65181","post","type-post","status-publish","format-standard","hentry","category-rtpa"],"_links":{"self":[{"href":"https:\/\/edublog.educastur.es\/ixuxu\/wp-json\/wp\/v2\/posts\/65181","targetHints":{"allow":["GET"]}}],"collection":[{"href":"https:\/\/edublog.educastur.es\/ixuxu\/wp-json\/wp\/v2\/posts"}],"about":[{"href":"https:\/\/edublog.educastur.es\/ixuxu\/wp-json\/wp\/v2\/types\/post"}],"author":[{"embeddable":true,"href":"https:\/\/edublog.educastur.es\/ixuxu\/wp-json\/wp\/v2\/users\/117"}],"replies":[{"embeddable":true,"href":"https:\/\/edublog.educastur.es\/ixuxu\/wp-json\/wp\/v2\/comments?post=65181"}],"version-history":[{"count":6,"href":"https:\/\/edublog.educastur.es\/ixuxu\/wp-json\/wp\/v2\/posts\/65181\/revisions"}],"predecessor-version":[{"id":65187,"href":"https:\/\/edublog.educastur.es\/ixuxu\/wp-json\/wp\/v2\/posts\/65181\/revisions\/65187"}],"wp:attachment":[{"href":"https:\/\/edublog.educastur.es\/ixuxu\/wp-json\/wp\/v2\/media?parent=65181"}],"wp:term":[{"taxonomy":"category","embeddable":true,"href":"https:\/\/edublog.educastur.es\/ixuxu\/wp-json\/wp\/v2\/categories?post=65181"},{"taxonomy":"post_tag","embeddable":true,"href":"https:\/\/edublog.educastur.es\/ixuxu\/wp-json\/wp\/v2\/tags?post=65181"}],"curies":[{"name":"wp","href":"https:\/\/api.w.org\/{rel}","templated":true}]}}