{"id":65189,"date":"2026-01-05T08:25:03","date_gmt":"2026-01-05T06:25:03","guid":{"rendered":"https:\/\/edublog.educastur.es\/ixuxu\/?p=65189"},"modified":"2026-01-04T23:27:32","modified_gmt":"2026-01-04T21:27:32","slug":"el-tiempu-el-comercio-226","status":"publish","type":"post","link":"https:\/\/edublog.educastur.es\/ixuxu\/2026\/01\/el-tiempu-el-comercio-226\/","title":{"rendered":"El tiempu (El Comercio)"},"content":{"rendered":"<p style=\"text-align: center\"><a href=\"https:\/\/s3.ppllstatics.com\/elcomercio\/www\/multimedia\/2026\/01\/04\/prevision-tiempo-asturias-kyVC-U2302588077118HVD-1200x870@El%20Comercio.jpg\"><img loading=\"lazy\" decoding=\"async\" class=\"aligncenter size-large\" src=\"https:\/\/s3.ppllstatics.com\/elcomercio\/www\/multimedia\/2026\/01\/04\/prevision-tiempo-asturias-kyVC-U2302588077118HVD-1200x870@El%20Comercio.jpg\" width=\"1200\" height=\"870\" \/><\/a><\/p>\n<p><strong>Va ser<\/strong> un d\u00eda realmente bien fr\u00edu en tol Princip\u00e1u. La masa d&#8217;aire fr\u00edo d&#8217;orixe \u00e1rticu entra de llenu y, am\u00e1s, cargada de mugor. <strong>La ma\u00f1ana<\/strong> va presentase bien estable con cielos inclusive pocu nublos o estenos en gran parte de la rex\u00f3n.<strong> Pasaes les 14:00 hores<\/strong> va entrar nubosid\u00e1 pol lladral occidental y va dise estendiendo escontra l&#8217;oriente y escontra el sur. <strong>Estes nubes<\/strong> van dexar precipitaciones que van dir de menos a m\u00e1s y van acabar afectando a tola Comunid\u00e1, pero especialmente na mari\u00f1a y tami\u00e9n nel sector occidental onde s&#8217;esperen les primeres nevaes del d\u00eda a partir de los 400 metros d&#8217;altor. <strong>Conforme meyora la tarde<\/strong> les precipitaciones tami\u00e9n van ganar protagonismu n&#8217;otros puntos del Princip\u00e1u onde van ser en forma de nieve a partir de los 400 metros, pudiendo baxar hasta los 300 metros. Poro, les Cabalgates del oeste asturianu van tar marcaes poles precipitaciones llibr\u00e1ndose de la inestabilid\u00e1 les del oriente cuidao que van tardar les ag\u00fces un poco m\u00e1s en llegar. Seya como quier, van ser unes Cabalgates bien fr\u00edes con temperatures ente los 4 y los 6 \u00baC a les 18:00 hores en pr\u00e1cticamente cualquier puntu d&#8217;Asturies.<\/p>\n<p><!--more--><\/p>\n<p><strong> Mientres la pr\u00f3xima madrugada<\/strong> les precipitaciones ent\u00e1 van tar presentes y podr\u00eden dexar nieve a partir de los 300 metros. Dependiendo de les condiciones del momentu, nun se refuga que pueda vese dalg\u00fan falopu en cotes inferiores pero ensin consistencia. A lo llargo del d\u00eda de Reyes la inestabilid\u00e1 va unviar pero, igualmente, va ser un d\u00eda xelador.<\/p>\n","protected":false},"excerpt":{"rendered":"<p>Va ser un d\u00eda realmente bien fr\u00edu en tol Princip\u00e1u. La masa d&#8217;aire fr\u00edo d&#8217;orixe \u00e1rticu entra de llenu y, am\u00e1s, cargada de mugor. La ma\u00f1ana va presentase bien estable con cielos inclusive pocu nublos o estenos en gran parte de la rex\u00f3n. Pasaes les 14:00 hores va entrar nubosid\u00e1 pol lladral occidental y va [&hellip;]<\/p>\n","protected":false},"author":117,"featured_media":0,"comment_status":"closed","ping_status":"closed","sticky":false,"template":"","format":"standard","meta":{"footnotes":""},"categories":[5],"tags":[],"class_list":["post-65189","post","type-post","status-publish","format-standard","hentry","category-tiempu"],"_links":{"self":[{"href":"https:\/\/edublog.educastur.es\/ixuxu\/wp-json\/wp\/v2\/posts\/65189","targetHints":{"allow":["GET"]}}],"collection":[{"href":"https:\/\/edublog.educastur.es\/ixuxu\/wp-json\/wp\/v2\/posts"}],"about":[{"href":"https:\/\/edublog.educastur.es\/ixuxu\/wp-json\/wp\/v2\/types\/post"}],"author":[{"embeddable":true,"href":"https:\/\/edublog.educastur.es\/ixuxu\/wp-json\/wp\/v2\/users\/117"}],"replies":[{"embeddable":true,"href":"https:\/\/edublog.educastur.es\/ixuxu\/wp-json\/wp\/v2\/comments?post=65189"}],"version-history":[{"count":1,"href":"https:\/\/edublog.educastur.es\/ixuxu\/wp-json\/wp\/v2\/posts\/65189\/revisions"}],"predecessor-version":[{"id":65190,"href":"https:\/\/edublog.educastur.es\/ixuxu\/wp-json\/wp\/v2\/posts\/65189\/revisions\/65190"}],"wp:attachment":[{"href":"https:\/\/edublog.educastur.es\/ixuxu\/wp-json\/wp\/v2\/media?parent=65189"}],"wp:term":[{"taxonomy":"category","embeddable":true,"href":"https:\/\/edublog.educastur.es\/ixuxu\/wp-json\/wp\/v2\/categories?post=65189"},{"taxonomy":"post_tag","embeddable":true,"href":"https:\/\/edublog.educastur.es\/ixuxu\/wp-json\/wp\/v2\/tags?post=65189"}],"curies":[{"name":"wp","href":"https:\/\/api.w.org\/{rel}","templated":true}]}}