{"id":65194,"date":"2026-01-04T21:00:07","date_gmt":"2026-01-04T19:00:07","guid":{"rendered":"https:\/\/edublog.educastur.es\/ixuxu\/?p=65194"},"modified":"2026-01-05T15:47:33","modified_gmt":"2026-01-05T13:47:33","slug":"65194","status":"publish","type":"post","link":"https:\/\/edublog.educastur.es\/ixuxu\/2026\/01\/65194\/","title":{"rendered":""},"content":{"rendered":"<p style=\"text-align: center\"><span style=\"color: #800080\"><strong><em><span style=\"font-size: 28px\">\u00abNun hai m\u00e1s realid\u00e1<br \/>\nque la que tenemos dientro. <\/span><\/em><\/strong><\/span><br \/>\n<span style=\"color: #800080\"><strong><em><span style=\"font-size: 28px\">Por eso la mayor\u00eda de los seres humanos <\/span><\/em><\/strong><\/span><br \/>\n<span style=\"color: #800080\"><strong><em><span style=\"font-size: 28px\">viven tan irrealmente, <\/span><\/em><\/strong><\/span><br \/>\n<span style=\"color: #800080\"><strong><em><span style=\"font-size: 28px\">porque creen que les imaxes esteriores<br \/>\nson la realid\u00e1 <\/span><\/em><\/strong><\/span><br \/>\n<span style=\"color: #800080\"><strong><em><span style=\"font-size: 28px\">y nun dexen al so propiu mundu interior<br \/>\nmanifestase. <\/span><\/em><\/strong><\/span><\/p>\n<p style=\"text-align: center\"><span style=\"color: #800080\"><strong><em><span style=\"font-size: 28px\">Puede sese bien feliz asina. <\/span><\/em><\/strong><\/span><br \/>\n<span style=\"color: #800080\"><strong><em><span style=\"font-size: 28px\">Pero cuando se conoci\u00f3 lo otru <\/span><\/em><\/strong><\/span><br \/>\n<span style=\"color: #800080\"><strong><em><span style=\"font-size: 28px\">y\u00e1 non puede escoyese el cam\u00edn de la mayor\u00eda, <\/span><\/em><\/strong><\/span><br \/>\n<span style=\"color: #800080\"><strong><em><span style=\"font-size: 28px\">el cam\u00edn de la mayor\u00eda ye tan f\u00e1cil,<\/span><\/em><\/strong><\/span><br \/>\n<span style=\"color: #800080\"><strong><em><span style=\"font-size: 28px\"> como dif\u00edcil ye&#8217;l nuesu, caminemos.\u201d<\/span><\/em><\/strong><\/span><br \/>\nHermann Hesse | Demian.<\/p>\n","protected":false},"excerpt":{"rendered":"<p>\u00abNun hai m\u00e1s realid\u00e1 que la que tenemos dientro. Por eso la mayor\u00eda de los seres humanos viven tan irrealmente, porque creen que les imaxes esteriores son la realid\u00e1 y nun dexen al so propiu mundu interior manifestase. Puede sese bien feliz asina. Pero cuando se conoci\u00f3 lo otru y\u00e1 non puede escoyese el cam\u00edn [&hellip;]<\/p>\n","protected":false},"author":117,"featured_media":0,"comment_status":"closed","ping_status":"closed","sticky":false,"template":"","format":"quote","meta":{"footnotes":""},"categories":[1],"tags":[],"class_list":["post-65194","post","type-post","status-publish","format-quote","hentry","category-sin-categoria","post_format-post-format-quote"],"_links":{"self":[{"href":"https:\/\/edublog.educastur.es\/ixuxu\/wp-json\/wp\/v2\/posts\/65194","targetHints":{"allow":["GET"]}}],"collection":[{"href":"https:\/\/edublog.educastur.es\/ixuxu\/wp-json\/wp\/v2\/posts"}],"about":[{"href":"https:\/\/edublog.educastur.es\/ixuxu\/wp-json\/wp\/v2\/types\/post"}],"author":[{"embeddable":true,"href":"https:\/\/edublog.educastur.es\/ixuxu\/wp-json\/wp\/v2\/users\/117"}],"replies":[{"embeddable":true,"href":"https:\/\/edublog.educastur.es\/ixuxu\/wp-json\/wp\/v2\/comments?post=65194"}],"version-history":[{"count":3,"href":"https:\/\/edublog.educastur.es\/ixuxu\/wp-json\/wp\/v2\/posts\/65194\/revisions"}],"predecessor-version":[{"id":65197,"href":"https:\/\/edublog.educastur.es\/ixuxu\/wp-json\/wp\/v2\/posts\/65194\/revisions\/65197"}],"wp:attachment":[{"href":"https:\/\/edublog.educastur.es\/ixuxu\/wp-json\/wp\/v2\/media?parent=65194"}],"wp:term":[{"taxonomy":"category","embeddable":true,"href":"https:\/\/edublog.educastur.es\/ixuxu\/wp-json\/wp\/v2\/categories?post=65194"},{"taxonomy":"post_tag","embeddable":true,"href":"https:\/\/edublog.educastur.es\/ixuxu\/wp-json\/wp\/v2\/tags?post=65194"}],"curies":[{"name":"wp","href":"https:\/\/api.w.org\/{rel}","templated":true}]}}