{"id":65206,"date":"2026-01-05T08:50:35","date_gmt":"2026-01-05T06:50:35","guid":{"rendered":"https:\/\/edublog.educastur.es\/ixuxu\/?p=65206"},"modified":"2026-01-05T15:52:31","modified_gmt":"2026-01-05T13:52:31","slug":"estau-del-tiempu-llunes-5-de-xineru-2026","status":"publish","type":"post","link":"https:\/\/edublog.educastur.es\/ixuxu\/2026\/01\/estau-del-tiempu-llunes-5-de-xineru-2026\/","title":{"rendered":"Est\u00e1u del tiempu: llunes 5 de xineru 2026"},"content":{"rendered":"<div class=\"html-div xdj266r x14z9mp xat24cr x1lziwak xexx8yu xyri2b x18d9i69 x1c1uobl\">\n<div class=\"html-div xdj266r x14z9mp x1lziwak x18d9i69 x1cy8zhl x78zum5 x1q0g3np xod5an3 xz9dl7a x1g0dm76 xpdmqnj\">\n<div class=\"html-div xdj266r x14z9mp xat24cr x1lziwak xexx8yu xyri2b x18d9i69 x1c1uobl x1iyjqo2 xeuugli\">\n<div class=\"x78zum5 xdt5ytf xz62fqu x16ldp7u\">\n<div class=\"xu06os2 x1ok221b\">\n<div class=\"html-div xdj266r x14z9mp xat24cr x1lziwak xexx8yu xyri2b x18d9i69 x1c1uobl\" data-ad-rendering-role=\"profile_name\">\n<ul>\n<li id=\"_r_tr_\" class=\"html-h2 x14z9mp xat24cr x1lziwak xexx8yu xyri2b x18d9i69 x1c1uobl x1vvkbs x1heor9g x1qlqyl8 x1pd3egz x1a2a7pz x1gslohp x1yc453h\"><span class=\"x78zum5 x1q0g3np\"><span class=\"x1lliihq x6ikm8r x10wlt62 x1n2onr6 xlyipyv xuxw1ft\"><span class=\"xt0psk2\"><a class=\"x1i10hfl xjbqb8w x1ejq31n x18oe1m7 x1sy0etr xstzfhl x972fbf x10w94by x1qhh985 x14e42zd x9f619 x1ypdohk xt0psk2 x3ct3a4 xdj266r x14z9mp xat24cr x1lziwak xexx8yu xyri2b x18d9i69 x1c1uobl x16tdsg8 x1hl2dhg xggy1nq x1a2a7pz xkrqix3 x1sur9pj xzsf02u x1s688f\" role=\"link\" href=\"https:\/\/www.facebook.com\/eltiempuenasturies?__cft__[0]=AZbi74AvB8e_6vAIviakSO1stRcamDIsJ206UalfIHMFKtbyKW7U7J42f9UVWBCnBNhpoYecmSQLhHlyFjR-Nvrgffa2B1eKxL0Pr9KcPX-yUcex9WLGQSGzMxf6TObvmrRBsraOuI7y-85i4Mp0yn5WG6HmJh9VIshC-bxj1JGnCxf1DGxFyH-26Si1y1auvRs&amp;__tn__=-UC%2CP-R\"><b class=\"html-b xdj266r x14z9mp xat24cr x1lziwak xexx8yu xyri2b x18d9i69 x1c1uobl x1hl2dhg x16tdsg8 x1vvkbs x1s688f\"><span class=\"html-span xdj266r x14z9mp xat24cr x1lziwak xexx8yu xyri2b x18d9i69 x1c1uobl x1hl2dhg x16tdsg8 x1vvkbs\">El Tiempu n&#8217;Asturies.<\/span><\/b><\/a><\/span><\/span><\/span>\/ Semeya d&#8217;archivu coyida pela rede de Pablo Ruiz Photography<\/li>\n<\/ul>\n<\/div>\n<\/div>\n<div class=\"xu06os2 x1ok221b\"><\/div>\n<\/div>\n<\/div>\n<\/div>\n<\/div>\n<div class=\"html-div xdj266r x14z9mp xat24cr x1lziwak xexx8yu xyri2b x18d9i69 x1c1uobl\">\n<div class=\"html-div xdj266r x14z9mp xat24cr x1lziwak xexx8yu xyri2b x18d9i69 x1c1uobl\" dir=\"auto\">\n<div class=\"html-div xdj266r x14z9mp xat24cr x1lziwak xexx8yu xyri2b x18d9i69 x1c1uobl\" data-ad-rendering-role=\"story_message\">\n<div id=\"_r_tt_\" class=\"x1l90r2v x1iorvi4 x1g0dm76 xpdmqnj\" data-ad-comet-preview=\"message\" data-ad-preview=\"message\">\n<div class=\"x78zum5 xdt5ytf xz62fqu x16ldp7u\">\n<div class=\"xu06os2 x1ok221b\">\n<div class=\"html-div xdj266r x14z9mp xat24cr x1lziwak xexx8yu xyri2b x18d9i69 x1c1uobl\">\n<div class=\"x14z9mp xat24cr x1lziwak x1vvkbs xtlvy1s x126k92a\">\n<div dir=\"auto\" style=\"text-align: center\">\n<!-- iframe plugin v.6.0 wordpress.org\/plugins\/iframe\/ -->\n<iframe loading=\"lazy\" src=\"https:\/\/www.facebook.com\/plugins\/post.php?href=https%3A%2F%2Fwww.facebook.com%2Feltiempuenasturies%2Fposts%2Fpfbid02xRkJx3rEgQYA21vpJs1q1K6cKY8RWAwPx8YP5rmHStCMe1DpAEL6tivdZ7DjhM3el&#038;show_text=false&#038;width=500\" width=\"500\" height=\"288\" style=\"border:none;overflow:hidden\" scrolling=\"no\" frameborder=\"0\" allowfullscreen=\"true\" allow=\"autoplay; clipboard-write; encrypted-media; picture-in-picture; web-share\" 0=\"\/iframe\" class=\"iframe-class\"><\/iframe>\n<\/div>\n<\/div>\n<div class=\"x14z9mp xat24cr x1lziwak x1vvkbs xtlvy1s x126k92a\">\n<ul>\n<li dir=\"auto\"><strong><span style=\"color: #008080\">Alborecemos<\/span><\/strong> con nubosid\u00e1 estratificada ya con unes temperatures que tan alrodiu de los 3\u00baC, rexistr\u00e1ndose nel puirtu Payares -6,3\u00baC.<\/li>\n<\/ul>\n<\/div>\n<div class=\"x14z9mp xat24cr x1lziwak x1vvkbs xtlvy1s x126k92a\">\n<ul>\n<li dir=\"auto\"><strong><span style=\"color: #008080\">G\u00fcei<\/span> <\/strong>vamos tener nubosid\u00e1 estratificada entemecida ente dellos claros o abancios con aumentu de la nubosid\u00e1 pela tarde que mos dexar\u00e1 precipitaciones moderaes al finar el d\u00eda con truena y xarazu nel llitoral y nieve perriba de los 300-400m nos valles de la met\u00e1 sur d&#8217;Asturies, tando la cota m\u00e1s alta na fastera central y llitoral d&#8217;Asturies. L&#8217;aire sedr\u00e1 del nord\u00e9s rolando y arreciando a componente norte pela tarde.<\/li>\n<\/ul>\n<p><!--more--><\/p>\n<\/div>\n<div class=\"x14z9mp xat24cr x1lziwak x1vvkbs xtlvy1s x126k92a\">\n<ul>\n<li dir=\"auto\"><strong><span style=\"color: #008080\">Durante&#8217;l pr\u00f3simu riscar<\/span><\/strong> seguiremos con precipitaciones y xarabatos xeneralizaos ya con nieve en zones baxes pero de los valles del interior y ye qu&#8217;una peque\u00f1a depresi\u00f3n que ta form\u00e1ndose por mor del contautu del fr\u00edu n&#8217;altor y el mar Cant\u00e1bricu va apurrinos una ventolera considerable barriendo l&#8217;aire fr\u00edu en capes medies y baxes y apuri\u00e9ndonos un par de graos de m\u00e1s na fastera central y llitoral vinientes del mar, situaci\u00f3n que nun llega afeutar a los valles del interior al tar m\u00e1s abellugaos de la marina y onde la persistencia de les precipitaciones provocar\u00e1 desplomes de la cota de nieve.<\/li>\n<li dir=\"auto\"><strong><span style=\"color: #008080\">Al alborecer<\/span> <\/strong>tender\u00e1n a remitir y dir\u00e1n abri\u00e9ndose dellos claros o abancios pa dexanos el cielu poco nuboso pela tarde. Les temperatures van camudar poco y l&#8217;ambiente sedr\u00e1 puramente ivernal.<\/li>\n<\/ul>\n<\/div>\n<div class=\"x14z9mp xat24cr x1lziwak x1vvkbs xtlvy1s x126k92a\">\n<ul>\n<li dir=\"auto\"><strong><span style=\"color: #008080\">El mi\u00e9rcoles<\/span><\/strong> dempu\u00e9s de xelar tola nueche aumentar\u00e1 la nubosid\u00e1 ya podremos tener dalguna gotera o xarabat\u00edn a primeres hores que sedr\u00e1 de nieve en cotes baxes al principiu, pa subir r\u00e1pidamente una vegada qu&#8217;avance la ma\u00f1ana, templando l&#8217;ambiente cola entrada de vientu gallegu. Durante&#8217;l d\u00eda seguir\u00e1 l&#8217;ambiente nuboso pero sin malpenes precipitaciones.<\/li>\n<\/ul>\n<\/div>\n<div class=\"x14z9mp xat24cr x1lziwak x1vvkbs xtlvy1s x126k92a\">\n<div dir=\"auto\"><\/div>\n<\/div>\n<div class=\"x14z9mp xat24cr x1lziwak x1vvkbs xtlvy1s x126k92a\">\n<div dir=\"auto\"><\/div>\n<\/div>\n<\/div>\n<\/div>\n<\/div>\n<\/div>\n<\/div>\n<\/div>\n<\/div>\n<p>&nbsp;<\/p>\n","protected":false},"excerpt":{"rendered":"<p>El Tiempu n&#8217;Asturies.\/ Semeya d&#8217;archivu coyida pela rede de Pablo Ruiz Photography Alborecemos con nubosid\u00e1 estratificada ya con unes temperatures que tan alrodiu de los 3\u00baC, rexistr\u00e1ndose nel puirtu Payares -6,3\u00baC. G\u00fcei vamos tener nubosid\u00e1 estratificada entemecida ente dellos claros o abancios con aumentu de la nubosid\u00e1 pela tarde que mos dexar\u00e1 precipitaciones moderaes al [&hellip;]<\/p>\n","protected":false},"author":117,"featured_media":0,"comment_status":"closed","ping_status":"closed","sticky":false,"template":"","format":"standard","meta":{"footnotes":""},"categories":[5],"tags":[],"class_list":["post-65206","post","type-post","status-publish","format-standard","hentry","category-tiempu"],"_links":{"self":[{"href":"https:\/\/edublog.educastur.es\/ixuxu\/wp-json\/wp\/v2\/posts\/65206","targetHints":{"allow":["GET"]}}],"collection":[{"href":"https:\/\/edublog.educastur.es\/ixuxu\/wp-json\/wp\/v2\/posts"}],"about":[{"href":"https:\/\/edublog.educastur.es\/ixuxu\/wp-json\/wp\/v2\/types\/post"}],"author":[{"embeddable":true,"href":"https:\/\/edublog.educastur.es\/ixuxu\/wp-json\/wp\/v2\/users\/117"}],"replies":[{"embeddable":true,"href":"https:\/\/edublog.educastur.es\/ixuxu\/wp-json\/wp\/v2\/comments?post=65206"}],"version-history":[{"count":1,"href":"https:\/\/edublog.educastur.es\/ixuxu\/wp-json\/wp\/v2\/posts\/65206\/revisions"}],"predecessor-version":[{"id":65207,"href":"https:\/\/edublog.educastur.es\/ixuxu\/wp-json\/wp\/v2\/posts\/65206\/revisions\/65207"}],"wp:attachment":[{"href":"https:\/\/edublog.educastur.es\/ixuxu\/wp-json\/wp\/v2\/media?parent=65206"}],"wp:term":[{"taxonomy":"category","embeddable":true,"href":"https:\/\/edublog.educastur.es\/ixuxu\/wp-json\/wp\/v2\/categories?post=65206"},{"taxonomy":"post_tag","embeddable":true,"href":"https:\/\/edublog.educastur.es\/ixuxu\/wp-json\/wp\/v2\/tags?post=65206"}],"curies":[{"name":"wp","href":"https:\/\/api.w.org\/{rel}","templated":true}]}}