{"id":65214,"date":"2026-01-05T11:58:25","date_gmt":"2026-01-05T09:58:25","guid":{"rendered":"https:\/\/edublog.educastur.es\/ixuxu\/?p=65214"},"modified":"2026-01-05T16:00:46","modified_gmt":"2026-01-05T14:00:46","slug":"la-historia-de-los-reis-magos-cuntada-al-travies-de-la-pintura-ta-nel-museu-del-prado","status":"publish","type":"post","link":"https:\/\/edublog.educastur.es\/ixuxu\/2026\/01\/la-historia-de-los-reis-magos-cuntada-al-travies-de-la-pintura-ta-nel-museu-del-prado\/","title":{"rendered":"La historia de los Reis Magos cuntada al travi\u00e9s de la pintura ta nel Mus\u00e9u del Prado"},"content":{"rendered":"<p>Hai munchos detalles interesantes detr\u00e1s de la hestoria de los Reis Magos que pueden conocese al travi\u00e9s de distintes obres nel Mus\u00e9u del Prau. Empezando pola del Retablu del arzobispu don Sancho de Coloraes, onde vemos que y\u00e1 s&#8217;estremen poles sos edaes se\u00f1ala Fernando P\u00e9rez Suescun, xefe de Conten\u00edos Did\u00e1cticos del Mus\u00e9u del Prau. <a href=\"https:\/\/www.rtpa.es\/noticias-sociedad\/2026-01-04\/La-historia-de-los-Reyes-Magos-contada-a-traves-de-la-pintura-esta-en-el-Museo-del-Prado_111767530653.html?fbclid=IwY2xjawPIoz5leHRuA2FlbQIxMQBzcnRjBmFwcF9pZBAyMjIwMzkxNzg4MjAwODkyAAEeyevM6h_OrklDyA7L0QTpUnUTmGJl5h2ou3UMhwe_HROhOLNSdgWEbrHd9gU_aem_1BbwxABlUjTNk_HFh8e_Kw\">RTPA<\/a><\/p>\n<p style=\"text-align: center\"><a href=\"https:\/\/www.rtpa.es\/fotos\/\/26\/01\/20260104134308_RTPA7547041.webp\"><img loading=\"lazy\" decoding=\"async\" class=\"aligncenter size-large\" src=\"https:\/\/www.rtpa.es\/fotos\/\/26\/01\/20260104134308_RTPA7547041.webp\" width=\"853\" height=\"480\" \/><\/a><\/p>\n<p><!--more--><\/p>\n<section class=\"contenido \">\n<div class=\"container\">\n<div class=\"row\">\n<div class=\"col-lg-8 col-md-12 col-xs-12\" role=\"main\" aria-label=\"Bloque del titular, texto imagen o v\u00eddeo de la noticia\">\n<div id=\"noticiacompleta\" class=\"parragraph-padding font-c-conent\">\n<p class=\"font-size-m padding-b-20 font-weight-b margin-t-16\">Nel Retablu del arzobispu don Sancho de Rojas los tres Reis dist\u00ednguense pola ed\u00e1.<\/p>\n<p>Hai munchos detalles interesantes tres de la historia de los Reis Magos que se puen conocer al travi\u00e9s de diferentes obres nel Mus\u00e9u del Prado. Entamando pela del &#8216;Retablo del arzobispo don Sancho de Rojas&#8217;, onde vemos que y\u00e1 se distinguen pola ed\u00e1 se\u00f1ala Fernando P\u00e9rez Suescun, xefe de Conten\u00edos Did\u00e1cticos del Mus\u00e9u del Prado.<\/p>\n<p>Nesta primer obra tami\u00e9n descubrimos que Baltasar nun siempres foi negru. Sicas\u00ed, unos a\u00f1os m\u00e1s p\u2019alantre esto entama a camudar nes sos representaciones.<\/p>\n<p>Pa rematar, nel Bosco, una de les obres m\u00e1s visitaes del mus\u00e9u, y\u00e1 vemos a los Reis m\u00e1s sofisticaos y con detalles m\u00e1s llamativos como la representaci\u00f3n de la ropa o los regalos que dan al ne\u00f1u Xes\u00fas.<\/p>\n<p>Tampoco se sabe si son m\u00e1s de tres, hai fontes que falen de que yeren 12 como los ap\u00f3stoles. Enagora, recibiremos a los m\u00e1s conoc\u00edos, Melchor, Gaspar y Baltasar, el llunes viniente nes nuestres cases.<\/p>\n<\/div>\n<\/div>\n<div class=\"col-lg-4 col-md-12 col-xs-12 padding-t-20 padding-b-20\">\n<div class=\"utiles bg-contenido-destacado border-radius-8\" role=\"group\" aria-label=\"Informaci\u00f3n de subt\u00edtulos y bloque para compartir la noticia en redes sociales\">\n<div class=\"display-b padding-t-10 padding-b-10 border-b-1 border-solid border-c-clear-blue padding-l-10 padding-r-10\"><\/div>\n<\/div>\n<div class=\"margin-t-20 margin-b-20\">\n<section class=\"padding-t-20 color-w-0100\">\n<div class=\"row text-align-c padding-t-30 padding-b-30 padding-l-10 padding-r-10 hidden-md-down\" aria-hidden=\"true\">\n<div class=\"col-xs-12\">\n<div id=\"div-rtpa-right1\" class=\"text-align-c\" data-google-query-id=\"CMGir63H9JEDFeBZ9ggdCdMm6g\">\n<div id=\"google_ads_iframe_\/22526134856\/rtpa\/right1_0__container__\"><\/div>\n<\/div>\n<\/div>\n<\/div>\n<\/section>\n<\/div>\n<\/div>\n<\/div>\n<\/div>\n<\/section>\n<p>&nbsp;<\/p>\n<section class=\" color-w-0100 \">\n<div class=\"row text-align-c padding-t-20 padding-b-20 padding-l-10 padding-r-10 hidden-md-down width-0100\" aria-hidden=\"true\">\n<div class=\"col-xs-12\"><\/div>\n<\/div>\n<\/section>\n","protected":false},"excerpt":{"rendered":"<p>Hai munchos detalles interesantes detr\u00e1s de la hestoria de los Reis Magos que pueden conocese al travi\u00e9s de distintes obres nel Mus\u00e9u del Prau. Empezando pola del Retablu del arzobispu don Sancho de Coloraes, onde vemos que y\u00e1 s&#8217;estremen poles sos edaes se\u00f1ala Fernando P\u00e9rez Suescun, xefe de Conten\u00edos Did\u00e1cticos del Mus\u00e9u del Prau. RTPA<\/p>\n","protected":false},"author":117,"featured_media":0,"comment_status":"closed","ping_status":"closed","sticky":false,"template":"","format":"standard","meta":{"footnotes":""},"categories":[15,81],"tags":[],"class_list":["post-65214","post","type-post","status-publish","format-standard","hentry","category-museos","category-nadal"],"_links":{"self":[{"href":"https:\/\/edublog.educastur.es\/ixuxu\/wp-json\/wp\/v2\/posts\/65214","targetHints":{"allow":["GET"]}}],"collection":[{"href":"https:\/\/edublog.educastur.es\/ixuxu\/wp-json\/wp\/v2\/posts"}],"about":[{"href":"https:\/\/edublog.educastur.es\/ixuxu\/wp-json\/wp\/v2\/types\/post"}],"author":[{"embeddable":true,"href":"https:\/\/edublog.educastur.es\/ixuxu\/wp-json\/wp\/v2\/users\/117"}],"replies":[{"embeddable":true,"href":"https:\/\/edublog.educastur.es\/ixuxu\/wp-json\/wp\/v2\/comments?post=65214"}],"version-history":[{"count":2,"href":"https:\/\/edublog.educastur.es\/ixuxu\/wp-json\/wp\/v2\/posts\/65214\/revisions"}],"predecessor-version":[{"id":65216,"href":"https:\/\/edublog.educastur.es\/ixuxu\/wp-json\/wp\/v2\/posts\/65214\/revisions\/65216"}],"wp:attachment":[{"href":"https:\/\/edublog.educastur.es\/ixuxu\/wp-json\/wp\/v2\/media?parent=65214"}],"wp:term":[{"taxonomy":"category","embeddable":true,"href":"https:\/\/edublog.educastur.es\/ixuxu\/wp-json\/wp\/v2\/categories?post=65214"},{"taxonomy":"post_tag","embeddable":true,"href":"https:\/\/edublog.educastur.es\/ixuxu\/wp-json\/wp\/v2\/tags?post=65214"}],"curies":[{"name":"wp","href":"https:\/\/api.w.org\/{rel}","templated":true}]}}