{"id":65230,"date":"2026-01-05T13:34:30","date_gmt":"2026-01-05T11:34:30","guid":{"rendered":"https:\/\/edublog.educastur.es\/ixuxu\/?p=65230"},"modified":"2026-01-05T22:35:52","modified_gmt":"2026-01-05T20:35:52","slug":"gaites-nel-huca-panimar-a-los-enfermos","status":"publish","type":"post","link":"https:\/\/edublog.educastur.es\/ixuxu\/2026\/01\/gaites-nel-huca-panimar-a-los-enfermos\/","title":{"rendered":"Gaites nel HUCA p&#8217;animar a los enfermos"},"content":{"rendered":"<div class=\"padding-t-35\">\n<p class=\"font-size-xxl margin-b-5 font-weight-b color-b-050 letter-spacing--1 fuente-corporativa\" style=\"text-align: center\">&#8216;Sonrisas de Fe&#8217; lleva les gaites al HUCA p&#8217;animar a los enfermos.<\/p>\n<\/div>\n<div class=\"padding-t-0 padding-b-20\"><\/div>\n<div id=\"area_imagen_ac\"><\/div>\n<div id=\"multimedia\" class=\"capa_imagen_player img-det-not\">\n<div id=\"mediaplayer\">\n<div id=\"video-a-reproducir8423982739\" class=\"video-js vjs-default-skin vjs-16-9 vjs-big-play-centered vjs-paused vjs-fluid video-a-reproducir8423982739-dimensions vjs-controls-enabled vjs-workinghover vjs-v8 vjs-user-active vjs-layout-medium vjs-hls-quality-selector\" lang=\"es\" role=\"region\" aria-label=\"Reproductor de Video\">\n<div class=\"vjs-poster\"><img decoding=\"async\" class=\"aligncenter\" src=\"https:\/\/www.rtpa.es\/fotos\/\/26\/01\/20260105133819_RTPA7550307.webp\" alt=\"\" \/><\/div>\n<div class=\"vjs-text-track-display\" aria-live=\"off\">\n<div><\/div>\n<\/div>\n<p>Sestu a\u00f1u sigu\u00edu del conciertu navidiegu solidariu frente al hospital asturianu.\u00a0La Real Banda de Gaites Ciud\u00e1 d\u2019Uvi\u00e9u da por sestu a\u00f1u sigu\u00edu un conciertu navidiegu a les puertes d\u2019hospitalizaci\u00f3n del HUCA. Les gaites llevaron alegr\u00eda y entretenimientu a los pacientes ingresaos y tami\u00e9n a trabayadores nesta vi\u00e9spora de Reis tocando villancicos. <strong>Una iniciativa de la ONG &#8216;Sonrisas de Fe&#8217; que, aseguren, ayuda a la sal\u00fa mental de los ingresaos nestes feches tan se\u00f1alaes.<\/strong><\/div>\n<\/div>\n<\/div>\n","protected":false},"excerpt":{"rendered":"<p>&#8216;Sonrisas de Fe&#8217; lleva les gaites al HUCA p&#8217;animar a los enfermos. Sestu a\u00f1u sigu\u00edu del conciertu navidiegu solidariu frente al hospital asturianu.\u00a0La Real Banda de Gaites Ciud\u00e1 d\u2019Uvi\u00e9u da por sestu a\u00f1u sigu\u00edu un conciertu navidiegu a les puertes d\u2019hospitalizaci\u00f3n del HUCA. Les gaites llevaron alegr\u00eda y entretenimientu a los pacientes ingresaos y tami\u00e9n [&hellip;]<\/p>\n","protected":false},"author":117,"featured_media":0,"comment_status":"closed","ping_status":"closed","sticky":false,"template":"","format":"standard","meta":{"footnotes":""},"categories":[425],"tags":[],"class_list":["post-65230","post","type-post","status-publish","format-standard","hentry","category-gaita"],"_links":{"self":[{"href":"https:\/\/edublog.educastur.es\/ixuxu\/wp-json\/wp\/v2\/posts\/65230","targetHints":{"allow":["GET"]}}],"collection":[{"href":"https:\/\/edublog.educastur.es\/ixuxu\/wp-json\/wp\/v2\/posts"}],"about":[{"href":"https:\/\/edublog.educastur.es\/ixuxu\/wp-json\/wp\/v2\/types\/post"}],"author":[{"embeddable":true,"href":"https:\/\/edublog.educastur.es\/ixuxu\/wp-json\/wp\/v2\/users\/117"}],"replies":[{"embeddable":true,"href":"https:\/\/edublog.educastur.es\/ixuxu\/wp-json\/wp\/v2\/comments?post=65230"}],"version-history":[{"count":1,"href":"https:\/\/edublog.educastur.es\/ixuxu\/wp-json\/wp\/v2\/posts\/65230\/revisions"}],"predecessor-version":[{"id":65231,"href":"https:\/\/edublog.educastur.es\/ixuxu\/wp-json\/wp\/v2\/posts\/65230\/revisions\/65231"}],"wp:attachment":[{"href":"https:\/\/edublog.educastur.es\/ixuxu\/wp-json\/wp\/v2\/media?parent=65230"}],"wp:term":[{"taxonomy":"category","embeddable":true,"href":"https:\/\/edublog.educastur.es\/ixuxu\/wp-json\/wp\/v2\/categories?post=65230"},{"taxonomy":"post_tag","embeddable":true,"href":"https:\/\/edublog.educastur.es\/ixuxu\/wp-json\/wp\/v2\/tags?post=65230"}],"curies":[{"name":"wp","href":"https:\/\/api.w.org\/{rel}","templated":true}]}}