{"id":65242,"date":"2026-01-06T08:30:06","date_gmt":"2026-01-06T06:30:06","guid":{"rendered":"https:\/\/edublog.educastur.es\/ixuxu\/?p=65242"},"modified":"2026-01-06T12:56:07","modified_gmt":"2026-01-06T10:56:07","slug":"el-tiempu-el-comercio-227","status":"publish","type":"post","link":"https:\/\/edublog.educastur.es\/ixuxu\/2026\/01\/el-tiempu-el-comercio-227\/","title":{"rendered":"El tiempu (El Comercio)"},"content":{"rendered":"<p style=\"text-align: center\"><a href=\"https:\/\/s2.ppllstatics.com\/elcomercio\/www\/multimedia\/2026\/01\/05\/prevision-tiempo-asturias-ko7E-U2302588077118HVD-1200x870@El%20Comercio.jpg\"><img loading=\"lazy\" decoding=\"async\" class=\"aligncenter size-large\" src=\"https:\/\/s2.ppllstatics.com\/elcomercio\/www\/multimedia\/2026\/01\/05\/prevision-tiempo-asturias-ko7E-U2302588077118HVD-1200x870@El%20Comercio.jpg\" width=\"1200\" height=\"870\" \/><\/a><\/p>\n<p>Esperamos ent\u00e1 precipitaciones, especialmente,<strong> mientres la ma\u00f1ana.<\/strong> La cota de nieve va rondar los 400 metros anque, a primeres hores del d\u00eda, nun se refuga que pueda nevar sobro los 300 metros. De tarde la inestabilid\u00e1 y\u00e1 va ser muncho m\u00e1s d\u00e9bil con nieve a partir de los 500 metros y, finalmente, van acabar unviando les precipitaciones pudiendo abrise delles escamplaes inclusive. <strong>Les temperatures m\u00e1ximes<\/strong> van baxar hasta 2 o 3 \u00baC menos al respective de a les anotaes el llunes. <strong>Les m\u00ednimes<\/strong> van caltenese o, s\u00eda que non, podr\u00eden xubir llixeramente nel terciu occidental. Con \u00e9ses vamos encarar una xornada de Reyes bien fr\u00eda en tol Princip\u00e1u, con precipitaciones m\u00e1s frecuentes mientres la ma\u00f1ana que va dexar nieve en cotes relativamente baxes pola mor tami\u00e9n del fr\u00edu acumulao.<\/p>\n<p><!--more--><\/p>\n<p><strong>El mi\u00e9rcoles<\/strong> va ser un d\u00eda lluviosu en tola Comunid\u00e1 Aut\u00f3noma. La cota de nieve y\u00e1 va tar m\u00e1s alta, va asitiase sobro los 900 o 1000 metros de primeres y, conforme vaiga avanzando la xornada, va siguir xubiendo hasta los 1200 metros. Les temperatures van xubir de forma bien significativa en caos de les m\u00e1ximes, y moderadamente nel de les m\u00ednimes.<\/p>\n","protected":false},"excerpt":{"rendered":"<p>Esperamos ent\u00e1 precipitaciones, especialmente, mientres la ma\u00f1ana. La cota de nieve va rondar los 400 metros anque, a primeres hores del d\u00eda, nun se refuga que pueda nevar sobro los 300 metros. De tarde la inestabilid\u00e1 y\u00e1 va ser muncho m\u00e1s d\u00e9bil con nieve a partir de los 500 metros y, finalmente, van acabar unviando [&hellip;]<\/p>\n","protected":false},"author":117,"featured_media":0,"comment_status":"closed","ping_status":"closed","sticky":false,"template":"","format":"standard","meta":{"footnotes":""},"categories":[5],"tags":[],"class_list":["post-65242","post","type-post","status-publish","format-standard","hentry","category-tiempu"],"_links":{"self":[{"href":"https:\/\/edublog.educastur.es\/ixuxu\/wp-json\/wp\/v2\/posts\/65242","targetHints":{"allow":["GET"]}}],"collection":[{"href":"https:\/\/edublog.educastur.es\/ixuxu\/wp-json\/wp\/v2\/posts"}],"about":[{"href":"https:\/\/edublog.educastur.es\/ixuxu\/wp-json\/wp\/v2\/types\/post"}],"author":[{"embeddable":true,"href":"https:\/\/edublog.educastur.es\/ixuxu\/wp-json\/wp\/v2\/users\/117"}],"replies":[{"embeddable":true,"href":"https:\/\/edublog.educastur.es\/ixuxu\/wp-json\/wp\/v2\/comments?post=65242"}],"version-history":[{"count":1,"href":"https:\/\/edublog.educastur.es\/ixuxu\/wp-json\/wp\/v2\/posts\/65242\/revisions"}],"predecessor-version":[{"id":65243,"href":"https:\/\/edublog.educastur.es\/ixuxu\/wp-json\/wp\/v2\/posts\/65242\/revisions\/65243"}],"wp:attachment":[{"href":"https:\/\/edublog.educastur.es\/ixuxu\/wp-json\/wp\/v2\/media?parent=65242"}],"wp:term":[{"taxonomy":"category","embeddable":true,"href":"https:\/\/edublog.educastur.es\/ixuxu\/wp-json\/wp\/v2\/categories?post=65242"},{"taxonomy":"post_tag","embeddable":true,"href":"https:\/\/edublog.educastur.es\/ixuxu\/wp-json\/wp\/v2\/tags?post=65242"}],"curies":[{"name":"wp","href":"https:\/\/api.w.org\/{rel}","templated":true}]}}