{"id":65250,"date":"2026-01-06T11:32:41","date_gmt":"2026-01-06T09:32:41","guid":{"rendered":"https:\/\/edublog.educastur.es\/ixuxu\/?p=65250"},"modified":"2026-01-06T13:51:10","modified_gmt":"2026-01-06T11:51:10","slug":"nel-villanueva-el-maestru-de-tradiciones","status":"publish","type":"post","link":"https:\/\/edublog.educastur.es\/ixuxu\/2026\/01\/nel-villanueva-el-maestru-de-tradiciones\/","title":{"rendered":"Nel Villanueva, el maestru de tradiciones"},"content":{"rendered":"<p>Nel Villanueva, el maestru de tradiciones que despolvori\u00f3 les panderetes y el baille para reivindicar l&#8217;arguyu asturiano. Cola muerte de la so t\u00eda&#8217;l silenciu enllantose na so casa, pero \u00e9l precisaba siguir cantando y baillando: form\u00f3&#8217;l primer grupu de pandereteros asturianos y agora ense\u00f1a a quien quieren aprender la m\u00fasica tradicional y rescatar los sones casi perd\u00edos. <a href=\"https:\/\/www.eldiario.es\/asturias\/nel-villanueva-maestro-tradiciones-desempolvo-panderetas-baile-reivindicar-orgullo-asturiano_1_12878198.amp.html?fbclid=IwY2xjawPJzNxleHRuA2FlbQIxMQBzcnRjBmFwcF9pZBAyMjIwMzkxNzg4MjAwODkyAAEeBbQ4oVGXbgUAsMSA4w1TP_dtRG7i_8R_zbjbhkJNq6MW4vzx_k61_Tj6cnw_aem_g66wsUb3wPZcYG6hHcgTig\">El Diario<\/a><\/p>\n<p style=\"text-align: center\"><a href=\"https:\/\/static.eldiario.es\/clip\/797e30c6-57b4-407b-a3b2-2d9a5318ef60_16-9-discover-aspect-ratio_default_0.jpg\"><img loading=\"lazy\" decoding=\"async\" class=\"aligncenter size-large\" src=\"https:\/\/static.eldiario.es\/clip\/797e30c6-57b4-407b-a3b2-2d9a5318ef60_16-9-discover-aspect-ratio_default_0.jpg\" width=\"1200\" height=\"675\" \/><\/a><\/p>\n<p><!--more--><\/p>\n<p>Cuando Nel\u00a0 (Avil\u00e9s, 1984) camina, fizo\u00a0 como si la m\u00fasica marc\u00e1ra-y el comp\u00e1s. Ye daqu\u00e9 innatu y que quiciabes nun percibe, igual que lo ye la so media sorrisa, que siempres-y acompa\u00f1a <strong>cuando entra a impartir les clases de m\u00fasica tradicional y baille nos distintos pueblos d&#8217;Asturies, recuperando la ilusi\u00f3n y les ganes d&#8217;homes y muyeres de volver a los sones d&#8217;antes.<\/strong><\/p>\n<p>Nel concibe la m\u00fasica, el baille y tocar los preseos siempres como una forma de pasalo bien, d&#8217;esfrutar, y ye ende onde consigue que cada vez s\u00edan m\u00e1s los sos alumnos y alumnes.<\/p>\n<p><strong>Col palu d&#8217;una escoba<\/strong> Se cri\u00f3 n&#8217;Avil\u00e9s y escond\u00edase pa cantar Alejandro Sanz na habitaci\u00f3n, col palu de la escoba de micr\u00f3fonu. \u201cSolo sab\u00eda la mio hermana, yo yera bien reserv\u00e1u\u201d, esplica, mientres la so madre tarareaba a Roc\u00edo Xur\u00e1u na cocina. Pero naquella familia tan musical f\u00edxose&#8217;l silenciu de s\u00f3pitu, y Nel sent\u00eda qu&#8217;aquellos silencios afog\u00e1ben-y. Foi una traxedia la qu&#8217;apag\u00f3 la m\u00fasica: la muerte d&#8217;una t\u00eda. \u201cCola muerte de la so hermana, la mio madre dex\u00f3 de cantar y yo apunt\u00e9 al coru de la ilesia porque nun pod\u00eda vivir en silenciu\u201d, rellata.<\/p>\n<p>\u201cTen\u00edamos un peque\u00f1u casete y grab\u00e1bame colos cantares de la d\u00f3mina. Yo ten\u00eda perclaru que quer\u00eda ser cantante; al igual qu&#8217;otros quer\u00eden ser astronautes o m\u00e9dicos, yo quer\u00eda cantar\u201d, recuerda Nel, se\u00f1alando c\u00f3mo dende ne\u00f1u la m\u00fasica convirtiose nel so oxetivu y el so cam\u00edn.<\/p>\n<p style=\"text-align: center\"><a href=\"https:\/\/static.eldiario.es\/clip\/b37c02eb-9f23-44da-b555-8560499b391d_9-16-aspect-ratio_default_0.jpg\"><img loading=\"lazy\" decoding=\"async\" class=\"aligncenter size-large\" src=\"https:\/\/static.eldiario.es\/clip\/b37c02eb-9f23-44da-b555-8560499b391d_9-16-aspect-ratio_default_0.jpg\" width=\"495\" height=\"880\" \/><\/a><\/p>\n<p style=\"text-align: center\">Nel Villanueva vist\u00edu col traxe tradicional asturianu. N.V.<\/p>\n<p><strong>Rimada d&#8217;aru y aire gayolero<\/strong> Cuesta imaxinase a Nel, cola so rimada d&#8217;aru, el so pelo siempres espelurci\u00e1u y el so aire gayolero, cantando nun coru d&#8217;ilesia, pero f\u00edzolo y guarda bien bones alcordances d&#8217;aquel llugar. \u201cYo y\u00e1 me metiera nel coru del institutu tami\u00e9n, pas\u00e1bame la vida tocando: Estopa, Extremoduro\u2026 Cuando d\u00edbamos a Trasona a pasar la tarde nel merenderu, yo siempres llevaba la mio guitarra\u2026\u201d y sonri, y paez que suene dalguna m\u00fasica de fondu, porque a esti m\u00fasicu apasion\u00e1u pocos preseos aguanten.<\/p>\n<p>Nel sigui\u00f3 la tradici\u00f3n familiar y matricul\u00f3se n&#8217;eletricid\u00e1 col enfotu de trabayar na industria avilesino, al igual que lo fixeron el so padre y el so g\u00fcelu. Pero nunca s&#8217;escaeci\u00f3 de la m\u00fasica nin quixo faelo. Al pie de unos colegues rompi\u00f3 la idea de que les panderetes yeren solo cosa de muyeres: \u201cXunt\u00e1monos cola idea de tocar la pandereta, \u00bfpor qu\u00e9 non? Ten\u00edamos munches moliciones y ficimoslo\u201d. Asina nacieron los primeros <strong>Pandereteros d\u2019Angua\u00f1o<\/strong>, abriendo&#8217;l cam\u00edn pa tolos que vinieron detr\u00e1s.<\/p>\n<p>&nbsp;<\/p>\n<p>Nel, col so proyectu personal: Leirana. N.V.<br \/>\nNesa mesma visi\u00f3n tami\u00e9n nacen Los Dalton, colos que grab\u00f3 un discu completu de m\u00fasica asturiana pa baillar de forma tradicional. \u201cEl baille ye lo m\u00e1s prestoso qu&#8217;hai y nesti mundu del folclore pasamos d&#8217;una cosa a otra: del baille a la pandereta, de la pandereta al acordi\u00f3n, a la gaita\u2026\u201d, esplica Nel, convenc\u00edu de qu&#8217;agora ta nel llugar correctu, siendo maestru de m\u00fasica tradicional y baille, esfrutando al cien per cien d&#8217;un trabayu que siempres fuera afici\u00f3n.<\/p>\n<p style=\"text-align: center\">\n<!-- iframe plugin v.6.0 wordpress.org\/plugins\/iframe\/ -->\n<iframe loading=\"lazy\" width=\"100%\" height=\"466\" src=\"https:\/\/www.youtube.com\/embed\/U8Tww9CbyRY\" title=\"Leirana a\u00f1ada y corral\u00edn con Satur Vega\" frameborder=\"0\" allow=\"accelerometer; autoplay; clipboard-write; encrypted-media; gyroscope; picture-in-picture; web-share\" referrerpolicy=\"strict-origin-when-cross-origin\" 0=\"allowfullscreen\" 1=\"\/iframe\" scrolling=\"yes\" class=\"iframe-class\"><\/iframe>\n<\/p>\n<p>Am\u00e1s, forma parte del d\u00fao Xarr\u00e9 y de la Bandina Los Llerones, ya imparti\u00f3 talleres en llugares como&#8217;l Mus\u00e9u Etnogr\u00e1ficu de Grandas de Salime o en festivales de m\u00fasica folk. Agora&#8217;l so proyectu personal lleva nome propiu: <strong>Leirana, n&#8217;homenaxe a les muyeres que marcaron la so vida<\/strong> y ente les que se cri\u00f3 nesa tribu preciosa que tienen les families de los pueblos, como la d&#8217;\u00e9l, que foi emigrante a Avil\u00e9s, a esa ciud\u00e1 onde hab\u00eda trabayu y la familia siempres se caltuvo xunida. Con Leriana, Nel da un pasu m\u00e1s \u201ctoco tolos palos de la m\u00fasica tradicional asturiana, non solo la del baille\u201d<\/p>\n<p>Villanueva concibe la m\u00fasica tradicional como daqu\u00e9 vivu: \u201cPor practicid\u00e1 tami\u00e9n te toca evolucionalo a los tiempos de g\u00fcei, tantu colos preseos por que s\u00eda m\u00e1s curiosu, como col ritmu de vida que llevamos, que ye muncho m\u00e1s r\u00e1pido. Nun podemos aprender a baillar como antes, que baill\u00e1bamos tol tiempu y cantabes tol tiempu y peg\u00e1bate ; agora ye tou muncho m\u00e1s r\u00e1pido y afaese a lo que faemos agora y a les cualidaes d&#8217;agora. Pero s\u00ed qu&#8217;estudiu, s\u00ed que me gusta saber \u00f3nde vien y que lo sepan les mios alumnes tami\u00e9n\u201d.<\/p>\n<p style=\"text-align: center\"><a href=\"https:\/\/static.eldiario.es\/clip\/6de9e272-87b7-4d7d-a2f9-77fd0f16838f_4-3-aspect-ratio_default_0.jpg\"><img loading=\"lazy\" decoding=\"async\" class=\"aligncenter size-large\" src=\"https:\/\/static.eldiario.es\/clip\/6de9e272-87b7-4d7d-a2f9-77fd0f16838f_4-3-aspect-ratio_default_0.jpg\" width=\"880\" height=\"660\" \/><\/a><\/p>\n<p>\u201cHai qu&#8217;educar a la xente, y la cultura tami\u00e9n hai qu&#8217;educala. Ye patrimoniu nuesu. Si nun nos sentimos arguyosos de la nuesa cultura, \u00bfqui\u00e9n lo va a faer? Y si nun lu conoces, nun la vas querer\u201d. Cavilga Villanueva sobro la visibilid\u00e1 de los artistes: \u201cNun puede ser qu&#8217;un t\u00edu como Rodrigo Cueves non toque nos mayores conceyos d&#8217;Asturies\u201d, reclama&#8217;l m\u00fasicu, qu&#8217;agora vive na casa familiar, en Pumar\u00edn (Grau), el sitiu onde atop\u00f3 la inspiraci\u00f3n perenne, y onde siempres siente l&#8217;abrazu de la so g\u00fcela. <strong>Nel volvi\u00f3 a los or\u00edxenes.<\/strong><\/p>\n<p><strong>Vivir d&#8217;esto<\/strong> Y recuerda les torgues que tuvo pa dedicase a la m\u00fasica: \u201cTuvi que tar esplic\u00e1ndome con un vec\u00edn que quer\u00eda echar un gabitu pa buscame una empresa na que trabayar. Tuvi que tar xustific\u00e1ndome que taba ganando un sueldu. Nun creen que puedas vivir d&#8217;esto. Imax\u00ednate c\u00f3mo pueden validar el to proyectu personal\u201d. Sobro les tonaes, Nel diz: \u201cLa primer vegada que cantes tonada cu\u00e9state, ye un cantar dif\u00edcil. Pero vas aprendiendo y vas am\u00e1ndola cuando teenteru lo complexo que ye, d&#8217;\u00f3nde vien y lo distintu que ye. Cuando lo vas estudiando acabes entendi\u00e9ndolo\u201d.<\/p>\n<p>La vida y el so enfotu personal fix\u00e9ron-y concentrar tolos sos esfuerzos en <strong>ser m\u00fasicu y maestru de m\u00fasica tradicional y baille, una virt\u00fa que se fai fuerte en cada clase, cuando decenes de panderos y panderetes toquen al ritmu qu&#8217;\u00e9l marca.<\/strong> La so filosof\u00eda ye clara: esfrutar, compartir y crear rede. Asina tami\u00e9n ense\u00f1a nos chigres nes sos clases de \u201ccantares de chigre\u201d, despolvoriando cantares de la memoria de los pueblos.<\/p>\n","protected":false},"excerpt":{"rendered":"<p>Nel Villanueva, el maestru de tradiciones que despolvori\u00f3 les panderetes y el baille para reivindicar l&#8217;arguyu asturiano. Cola muerte de la so t\u00eda&#8217;l silenciu enllantose na so casa, pero \u00e9l precisaba siguir cantando y baillando: form\u00f3&#8217;l primer grupu de pandereteros asturianos y agora ense\u00f1a a quien quieren aprender la m\u00fasica tradicional y rescatar los sones [&hellip;]<\/p>\n","protected":false},"author":117,"featured_media":0,"comment_status":"closed","ping_status":"closed","sticky":false,"template":"","format":"standard","meta":{"footnotes":""},"categories":[35],"tags":[],"class_list":["post-65250","post","type-post","status-publish","format-standard","hentry","category-musica"],"_links":{"self":[{"href":"https:\/\/edublog.educastur.es\/ixuxu\/wp-json\/wp\/v2\/posts\/65250","targetHints":{"allow":["GET"]}}],"collection":[{"href":"https:\/\/edublog.educastur.es\/ixuxu\/wp-json\/wp\/v2\/posts"}],"about":[{"href":"https:\/\/edublog.educastur.es\/ixuxu\/wp-json\/wp\/v2\/types\/post"}],"author":[{"embeddable":true,"href":"https:\/\/edublog.educastur.es\/ixuxu\/wp-json\/wp\/v2\/users\/117"}],"replies":[{"embeddable":true,"href":"https:\/\/edublog.educastur.es\/ixuxu\/wp-json\/wp\/v2\/comments?post=65250"}],"version-history":[{"count":3,"href":"https:\/\/edublog.educastur.es\/ixuxu\/wp-json\/wp\/v2\/posts\/65250\/revisions"}],"predecessor-version":[{"id":65253,"href":"https:\/\/edublog.educastur.es\/ixuxu\/wp-json\/wp\/v2\/posts\/65250\/revisions\/65253"}],"wp:attachment":[{"href":"https:\/\/edublog.educastur.es\/ixuxu\/wp-json\/wp\/v2\/media?parent=65250"}],"wp:term":[{"taxonomy":"category","embeddable":true,"href":"https:\/\/edublog.educastur.es\/ixuxu\/wp-json\/wp\/v2\/categories?post=65250"},{"taxonomy":"post_tag","embeddable":true,"href":"https:\/\/edublog.educastur.es\/ixuxu\/wp-json\/wp\/v2\/tags?post=65250"}],"curies":[{"name":"wp","href":"https:\/\/api.w.org\/{rel}","templated":true}]}}