{"id":65274,"date":"2026-01-04T10:00:14","date_gmt":"2026-01-04T08:00:14","guid":{"rendered":"https:\/\/edublog.educastur.es\/ixuxu\/?p=65274"},"modified":"2026-01-06T13:40:27","modified_gmt":"2026-01-06T11:40:27","slug":"feliz-cumpleanos-75-rosa-montero","status":"publish","type":"post","link":"https:\/\/edublog.educastur.es\/ixuxu\/2026\/01\/feliz-cumpleanos-75-rosa-montero\/","title":{"rendered":"\u00a1Feliz cumplea\u00f1os 75, Rosa Montero!"},"content":{"rendered":"<p>\u00a1Feliz cumplea\u00f1os 75, Rosa Montero! \ud83c\udf89\ud83d\udcd6Entrevistadora aguda, columnista comprometida y reportera incansable, defendi\u00f3 de forma constante los derechos de les muyeres y el respetu a los animales, construyendo una voz cr\u00edtica imprescindible del periodismu y la lliteratura n&#8217;espa\u00f1ol. <a href=\"https:\/\/es.wikipedia.org\/wiki\/Rosa_Montero\">Wiki<\/a> \/ <a href=\"https:\/\/www.rosamontero.es\">web<\/a><\/p>\n<p style=\"text-align: center\">\n<!-- iframe plugin v.6.0 wordpress.org\/plugins\/iframe\/ -->\n<iframe loading=\"lazy\" src=\"https:\/\/www.facebook.com\/plugins\/post.php?href=https%3A%2F%2Fwww.facebook.com%2FCultura.UNAM.pagina%2Fposts%2Fpfbid02pL9LKp8SXio4CoLorkLbTsTJUzB86xgxhbe5DW8NmUEsDpC7SRJV41iKynV52fG5l&#038;show_text=false&#038;width=500\" width=\"500\" height=\"498\" style=\"border:none;overflow:hidden\" scrolling=\"no\" frameborder=\"0\" allowfullscreen=\"true\" allow=\"autoplay; clipboard-write; encrypted-media; picture-in-picture; web-share\" 0=\"\/iframe\" class=\"iframe-class\"><\/iframe>\n<\/p>\n<p><!--more--><\/p>\n<p style=\"text-align: center\"><a href=\"https:\/\/upload.wikimedia.org\/wikipedia\/commons\/0\/00\/Rosa_Montero_en_la_Feria_del_Libro_de_Madrid_2007.jpg\"><img loading=\"lazy\" decoding=\"async\" class=\"aligncenter size-large\" src=\"https:\/\/upload.wikimedia.org\/wikipedia\/commons\/0\/00\/Rosa_Montero_en_la_Feria_del_Libro_de_Madrid_2007.jpg\" width=\"875\" height=\"1111\" \/><\/a><\/p>\n","protected":false},"excerpt":{"rendered":"<p>\u00a1Feliz cumplea\u00f1os 75, Rosa Montero! \ud83c\udf89\ud83d\udcd6Entrevistadora aguda, columnista comprometida y reportera incansable, defendi\u00f3 de forma constante los derechos de les muyeres y el respetu a los animales, construyendo una voz cr\u00edtica imprescindible del periodismu y la lliteratura n&#8217;espa\u00f1ol. Wiki \/ web<\/p>\n","protected":false},"author":117,"featured_media":0,"comment_status":"closed","ping_status":"closed","sticky":false,"template":"","format":"standard","meta":{"footnotes":""},"categories":[107,32],"tags":[],"class_list":["post-65274","post","type-post","status-publish","format-standard","hentry","category-aniversariu","category-escritores"],"_links":{"self":[{"href":"https:\/\/edublog.educastur.es\/ixuxu\/wp-json\/wp\/v2\/posts\/65274","targetHints":{"allow":["GET"]}}],"collection":[{"href":"https:\/\/edublog.educastur.es\/ixuxu\/wp-json\/wp\/v2\/posts"}],"about":[{"href":"https:\/\/edublog.educastur.es\/ixuxu\/wp-json\/wp\/v2\/types\/post"}],"author":[{"embeddable":true,"href":"https:\/\/edublog.educastur.es\/ixuxu\/wp-json\/wp\/v2\/users\/117"}],"replies":[{"embeddable":true,"href":"https:\/\/edublog.educastur.es\/ixuxu\/wp-json\/wp\/v2\/comments?post=65274"}],"version-history":[{"count":2,"href":"https:\/\/edublog.educastur.es\/ixuxu\/wp-json\/wp\/v2\/posts\/65274\/revisions"}],"predecessor-version":[{"id":65276,"href":"https:\/\/edublog.educastur.es\/ixuxu\/wp-json\/wp\/v2\/posts\/65274\/revisions\/65276"}],"wp:attachment":[{"href":"https:\/\/edublog.educastur.es\/ixuxu\/wp-json\/wp\/v2\/media?parent=65274"}],"wp:term":[{"taxonomy":"category","embeddable":true,"href":"https:\/\/edublog.educastur.es\/ixuxu\/wp-json\/wp\/v2\/categories?post=65274"},{"taxonomy":"post_tag","embeddable":true,"href":"https:\/\/edublog.educastur.es\/ixuxu\/wp-json\/wp\/v2\/tags?post=65274"}],"curies":[{"name":"wp","href":"https:\/\/api.w.org\/{rel}","templated":true}]}}