{"id":653,"date":"2020-03-24T09:48:09","date_gmt":"2020-03-24T09:48:09","guid":{"rendered":"https:\/\/edublog.educastur.es\/ixuxu\/?p=653"},"modified":"2020-08-24T21:49:09","modified_gmt":"2020-08-24T21:49:09","slug":"asterix-nasturianu","status":"publish","type":"post","link":"https:\/\/edublog.educastur.es\/ixuxu\/2020\/03\/asterix-nasturianu\/","title":{"rendered":"Ast\u00e9rix n\u00b4asturianu"},"content":{"rendered":"<div class=\"entry\">\n<p><img loading=\"lazy\" decoding=\"async\" class=\"\" src=\"https:\/\/www.lavanguardia.com\/r\/GODO\/LV\/p7\/Cultura\/2020\/03\/24\/Recortada\/img_xayen_20200324-170631_imagenes_lv_terceros_asterix14-068-kefC-U4882456249kpB-992x558@LaVanguardia-Web.jpg\" width=\"441\" height=\"248\" \/><\/p>\n<p>La <a href=\"https:\/\/www.lavozdeasturias.es\/noticia\/agora\/2020\/03\/24\/asterix-vieyu-amigu-llingua-asturiana\/00031585068918391981541.htm?fbclid=IwAR3MqxcQ7cZTnL9ugFwdqrnWw4RQPseeotlMvts531RkNiv7k8NrIPk-ny0\" target=\"_blank\" rel=\"noopener noreferrer\">revista \u00c1gora esplubliza un interesante art\u00edculu\u00a0<\/a>a ra\u00eds de la muerte d\u00b4un de los creadores d\u00b4Axterix. <a href=\"https:\/\/www.lavozdeasturias.es\/noticia\/agora\/2020\/03\/24\/asterix-vieyu-amigu-llingua-asturiana\/00031585068918391981541.htm?fbclid=IwAR3MqxcQ7cZTnL9ugFwdqrnWw4RQPseeotlMvts531RkNiv7k8NrIPk-ny0\" target=\"_blank\" rel=\"noopener noreferrer\"><em>\u201cAst\u00e9rix, vieyu amigu de la llingua asturiana\u201d<\/em><\/a><\/p>\n<p>Ver<a href=\"https:\/\/www.lavozdeasturias.es\/noticia\/agora\/2020\/03\/24\/asterix-vieyu-amigu-llingua-asturiana\/00031585068918391981541.htm?fbclid=IwAR3MqxcQ7cZTnL9ugFwdqrnWw4RQPseeotlMvts531RkNiv7k8NrIPk-ny0\" target=\"_blank\" rel=\"noopener noreferrer\"> art\u00edculu!!!<\/a><\/p>\n<p><em>Releo: Ast\u00e9rix y Ob\u00e9lix tienen un v\u00ednculu que vien de vieyo\u00a0 cola cultura asturiana, porque ye un de los pocos\u00a0 c\u00f3mics de fama mundial de los qu\u2019existe una traducci\u00f3n n\u2019asturianu. <\/em><em>La Xunta pola Defensa de la Llingua Asturiana destac\u00f3\u2019l\u00a0 c\u00f3mic como <strong>\u00abs\u00edmbolu del procesu de normalizaci\u00f3n.<\/strong><\/em><\/p>\n<p>La XDLA llamentaba esti martes el fallecimientu d\u2019Albert Uderzo <span style=\"color: #808080\"><em>\u201cdibuxante d\u2019unos personaxes que son iconu de la cultura europea y, dende\u2019l 2013, un s\u00edmbolu del procesu de normalizaci\u00f3n de la llingua asturiana\u201d.<\/em><\/span><\/p>\n<\/div>\n","protected":false},"excerpt":{"rendered":"<p>La revista \u00c1gora esplubliza un interesante art\u00edculu\u00a0a ra\u00eds de la muerte d\u00b4un de los creadores d\u00b4Axterix. \u201cAst\u00e9rix, vieyu amigu de la llingua asturiana\u201d Ver art\u00edculu!!! Releo: Ast\u00e9rix y Ob\u00e9lix tienen un v\u00ednculu que vien de vieyo\u00a0 cola cultura asturiana, porque ye un de los pocos\u00a0 c\u00f3mics de fama mundial de los qu\u2019existe una traducci\u00f3n n\u2019asturianu. [&hellip;]<\/p>\n","protected":false},"author":117,"featured_media":0,"comment_status":"closed","ping_status":"open","sticky":false,"template":"","format":"standard","meta":{"footnotes":""},"categories":[7,9,10],"tags":[],"class_list":["post-653","post","type-post","status-publish","format-standard","hentry","category-cuentos","category-libros-adultos","category-llibros-reciella"],"_links":{"self":[{"href":"https:\/\/edublog.educastur.es\/ixuxu\/wp-json\/wp\/v2\/posts\/653","targetHints":{"allow":["GET"]}}],"collection":[{"href":"https:\/\/edublog.educastur.es\/ixuxu\/wp-json\/wp\/v2\/posts"}],"about":[{"href":"https:\/\/edublog.educastur.es\/ixuxu\/wp-json\/wp\/v2\/types\/post"}],"author":[{"embeddable":true,"href":"https:\/\/edublog.educastur.es\/ixuxu\/wp-json\/wp\/v2\/users\/117"}],"replies":[{"embeddable":true,"href":"https:\/\/edublog.educastur.es\/ixuxu\/wp-json\/wp\/v2\/comments?post=653"}],"version-history":[{"count":2,"href":"https:\/\/edublog.educastur.es\/ixuxu\/wp-json\/wp\/v2\/posts\/653\/revisions"}],"predecessor-version":[{"id":655,"href":"https:\/\/edublog.educastur.es\/ixuxu\/wp-json\/wp\/v2\/posts\/653\/revisions\/655"}],"wp:attachment":[{"href":"https:\/\/edublog.educastur.es\/ixuxu\/wp-json\/wp\/v2\/media?parent=653"}],"wp:term":[{"taxonomy":"category","embeddable":true,"href":"https:\/\/edublog.educastur.es\/ixuxu\/wp-json\/wp\/v2\/categories?post=653"},{"taxonomy":"post_tag","embeddable":true,"href":"https:\/\/edublog.educastur.es\/ixuxu\/wp-json\/wp\/v2\/tags?post=653"}],"curies":[{"name":"wp","href":"https:\/\/api.w.org\/{rel}","templated":true}]}}