{"id":65345,"date":"2026-01-07T11:00:01","date_gmt":"2026-01-07T09:00:01","guid":{"rendered":"https:\/\/edublog.educastur.es\/ixuxu\/?p=65345"},"modified":"2026-01-07T13:29:13","modified_gmt":"2026-01-07T11:29:13","slug":"el-gobiernu-remata-la-norma-sobre-la-esposicion-de-menores-en-redes-sociales","status":"publish","type":"post","link":"https:\/\/edublog.educastur.es\/ixuxu\/2026\/01\/el-gobiernu-remata-la-norma-sobre-la-esposicion-de-menores-en-redes-sociales\/","title":{"rendered":"El Gobiernu remata la norma sobre la esposici\u00f3n de menores en redes sociales"},"content":{"rendered":"<p class=\"font-size-xxl margin-b-5 font-weight-b color-b-050 letter-spacing--1 fuente-corporativa\">El Gobiernu remata la norma sobre la esposici\u00f3n de menores en redes sociales. <a href=\"https:\/\/www.rtpa.es\/noticias-ciencia-ast\/2026-01-06\/El-Gobiernu-remata-la-norma-sobre-la-esposicion-de-menores-en-redes-sociales_111767703346.html\">RTPA\u00a0<\/a><\/p>\n<p style=\"text-align: center\"><a href=\"https:\/\/www.rtpa.es\/fotos\/\/26\/01\/20260106133608_RTPA7553186.webp\"><img loading=\"lazy\" decoding=\"async\" class=\"aligncenter size-large\" src=\"https:\/\/www.rtpa.es\/fotos\/\/26\/01\/20260106133608_RTPA7553186.webp\" width=\"853\" height=\"480\" \/><\/a><\/p>\n<section class=\"contenido \">\n<div class=\"container\">\n<div class=\"row\">\n<div class=\"col-lg-8 col-md-12 col-xs-12\" role=\"main\" aria-label=\"Bloque del titular, texto imagen o v\u00eddeo de la noticia\">\n<div id=\"noticiacompleta\" class=\"parragraph-padding font-c-conent\">\n<p class=\"font-size-m padding-b-20 font-weight-b margin-t-16\">M\u00e1s del 80% de los \u00f1\u00e1caros t\u00e1n presentes nes redes enantes de los 6 meses.<\/p>\n<p><!--more--><\/p>\n<p>El Ministeriu de Moced\u00e1 y Infancia remata la norma pa regular la esposici\u00f3n de los menores en redes sociales y plataformes polos sos padres o d\u2019otros adultos y espera tenela llista nel primer trimestre de 2026<\/p>\n<p>M\u00e1s del 80% de los \u00f1\u00e1caros t\u00e1n presentes nes redes enantes de los 6 meses y ye que compartir semeyes y v\u00eddeos de menores n\u2019internet ye una pr\u00e1ctica cada vegada m\u00e1s avezada.<\/p>\n<p>Precisamente por ello, el gobiernu prep\u00e1rase pa regular esta pr\u00e1ctica conocida como &#8216;sharenting&#8217;. L\u2019oxetivu ye caltener la intimid\u00e1 de los menores, pero tami\u00e9n protexelos d\u2019otros riesgos.<\/p>\n<p>El proyectu de llei plantegar\u00eda pautes pa la formaci\u00f3n de les families pero tami\u00e9n afitar\u00eda obligaciones pa les plataformes dixitales. Tami\u00e9n marcar\u00eda llendes a los qu\u2019usen la imaxe de los menores pa xenerar beneficios econ\u00f3micos.<\/p>\n<p>La norma, que podr\u00eda aprobase nel primer trimestre del a\u00f1u, tami\u00e9n prop\u00f3n regular la esposici\u00f3n de los menores a les pantalles pa prevenir adicciones o problemes de sal\u00fa mental.<\/p>\n<p>Fortalecer los sistemes de verificaci\u00f3n d\u2019ed\u00e1 pa entrar a les plataformes dixitales o inxertar alvertencies nel etiquet\u00e1u de los productos son dalgunes de les mid\u00edes que se planteguen.<\/p>\n<\/div>\n<\/div>\n<div class=\"col-lg-4 col-md-12 col-xs-12 padding-t-20 padding-b-20\">\n<div class=\"utiles bg-contenido-destacado border-radius-8\" role=\"group\" aria-label=\"Informaci\u00f3n de subt\u00edtulos y bloque para compartir la noticia en redes sociales\">\n<div class=\"display-b padding-t-10 padding-b-10 border-b-1 border-solid border-c-clear-blue padding-l-10 padding-r-10\"><\/div>\n<\/div>\n<div class=\"margin-t-20 margin-b-20\">\n<section class=\"padding-t-20 color-w-0100\">\n<div class=\"row text-align-c padding-t-30 padding-b-30 padding-l-10 padding-r-10 hidden-md-down\" aria-hidden=\"true\">\n<div class=\"col-xs-12\">\n<div id=\"div-rtpa-right1\" class=\"text-align-c\" data-google-query-id=\"CNaWvqmp-ZEDFRVE9ggdN0w21g\">\n<div id=\"google_ads_iframe_\/22526134856\/rtpa\/right1_0__container__\"><\/div>\n<\/div>\n<\/div>\n<\/div>\n<\/section>\n<\/div>\n<\/div>\n<\/div>\n<\/div>\n<\/section>\n<p>&nbsp;<\/p>\n","protected":false},"excerpt":{"rendered":"<p>El Gobiernu remata la norma sobre la esposici\u00f3n de menores en redes sociales. RTPA\u00a0 M\u00e1s del 80% de los \u00f1\u00e1caros t\u00e1n presentes nes redes enantes de los 6 meses.<\/p>\n","protected":false},"author":117,"featured_media":0,"comment_status":"closed","ping_status":"closed","sticky":false,"template":"","format":"standard","meta":{"footnotes":""},"categories":[1],"tags":[],"class_list":["post-65345","post","type-post","status-publish","format-standard","hentry","category-sin-categoria"],"_links":{"self":[{"href":"https:\/\/edublog.educastur.es\/ixuxu\/wp-json\/wp\/v2\/posts\/65345","targetHints":{"allow":["GET"]}}],"collection":[{"href":"https:\/\/edublog.educastur.es\/ixuxu\/wp-json\/wp\/v2\/posts"}],"about":[{"href":"https:\/\/edublog.educastur.es\/ixuxu\/wp-json\/wp\/v2\/types\/post"}],"author":[{"embeddable":true,"href":"https:\/\/edublog.educastur.es\/ixuxu\/wp-json\/wp\/v2\/users\/117"}],"replies":[{"embeddable":true,"href":"https:\/\/edublog.educastur.es\/ixuxu\/wp-json\/wp\/v2\/comments?post=65345"}],"version-history":[{"count":1,"href":"https:\/\/edublog.educastur.es\/ixuxu\/wp-json\/wp\/v2\/posts\/65345\/revisions"}],"predecessor-version":[{"id":65346,"href":"https:\/\/edublog.educastur.es\/ixuxu\/wp-json\/wp\/v2\/posts\/65345\/revisions\/65346"}],"wp:attachment":[{"href":"https:\/\/edublog.educastur.es\/ixuxu\/wp-json\/wp\/v2\/media?parent=65345"}],"wp:term":[{"taxonomy":"category","embeddable":true,"href":"https:\/\/edublog.educastur.es\/ixuxu\/wp-json\/wp\/v2\/categories?post=65345"},{"taxonomy":"post_tag","embeddable":true,"href":"https:\/\/edublog.educastur.es\/ixuxu\/wp-json\/wp\/v2\/tags?post=65345"}],"curies":[{"name":"wp","href":"https:\/\/api.w.org\/{rel}","templated":true}]}}