{"id":65351,"date":"2026-01-07T08:32:48","date_gmt":"2026-01-07T06:32:48","guid":{"rendered":"https:\/\/edublog.educastur.es\/ixuxu\/?p=65351"},"modified":"2026-01-07T21:25:27","modified_gmt":"2026-01-07T19:25:27","slug":"el-tiempu-el-comercio-228","status":"publish","type":"post","link":"https:\/\/edublog.educastur.es\/ixuxu\/2026\/01\/el-tiempu-el-comercio-228\/","title":{"rendered":"El tiempu (El Comercio)"},"content":{"rendered":"<p style=\"text-align: center\"><a href=\"https:\/\/s1.ppllstatics.com\/elcomercio\/www\/multimedia\/2026\/01\/06\/tiempo-asturias-miercoles-7-enero-kENF-U2302588077118HVD-1200x870@El%20Comercio.jpg\"><img loading=\"lazy\" decoding=\"async\" class=\"aligncenter size-large\" src=\"https:\/\/s1.ppllstatics.com\/elcomercio\/www\/multimedia\/2026\/01\/06\/tiempo-asturias-miercoles-7-enero-kENF-U2302588077118HVD-1200x870@El%20Comercio.jpg\" width=\"1200\" height=\"870\" \/><\/a><\/p>\n<p>Esperamos abondosa nubosid\u00e1 que va dexar precipitaciones part\u00edes por tol Princip\u00e1u. Polo xeneral vamos tar falando de lluvia pero, a partir de los 900\/1000 metros, prevense nevaes a primeres hores del d\u00eda con encl\u00edn a xubir la cota hasta los 1400 o 1500 metros conforme trescurra la xornada. <strong>Los vientos<\/strong> van predominar de componente oeste con momentos nos que podr\u00eden soplar de suroeste. <strong>Estos vientos<\/strong> van provocar un ascensu de les temperatures y, con ello, tami\u00e9n de la cota de nieve. Con \u00e9ses <strong>les m\u00e1ximes<\/strong> van xubir hasta 6 \u00baC al respective de les anotaes el martes, ente que <strong>les m\u00ednimes<\/strong> van xubir 2 o 3 \u00baC na met\u00e1 occidental y van caltenese ensin cambeos importantes nel restu d&#8217;Asturies.<\/p>\n<p style=\"text-align: center\"><a href=\"https:\/\/s2.ppllstatics.com\/elcomercio\/www\/multimedia\/2026\/01\/05\/Muneco-de-nieve-refugio-Urriellu-Rp17NGwmSUvv4fFiLDZbYnJ-1200x840@El%20Comercio.jpg\"><img loading=\"lazy\" decoding=\"async\" class=\"aligncenter \" src=\"https:\/\/s2.ppllstatics.com\/elcomercio\/www\/multimedia\/2026\/01\/05\/Muneco-de-nieve-refugio-Urriellu-Rp17NGwmSUvv4fFiLDZbYnJ-1200x840@El%20Comercio.jpg\" width=\"778\" height=\"545\" \/><\/a><\/p>\n<p><!--more--><\/p>\n<p><strong>El xueves<\/strong> el protagonista del d\u00eda va ser el vientu. Vamos Tener fuertes raches de vientu de suroeste que podr\u00eden algamar los 90 km\/h sobremanera nel occidente y nel cordal. Igualmente, los vientos van ser importantes tami\u00e9n n&#8217;otros puntos de la rex\u00f3n. Poro, van siguir xubiendo les temperatures. Les m\u00e1ximes volver\u00e1n xubir otros 5 y 6 \u00baC m\u00e1s (hasta 12 \u00baC en 48 hores) y les m\u00ednimes, nesti casu, van #facer tami\u00e9n de forma bien notable.<\/p>\n<p style=\"text-align: center\">\n<!-- iframe plugin v.6.0 wordpress.org\/plugins\/iframe\/ -->\n<iframe loading=\"lazy\" src=\"https:\/\/www.facebook.com\/plugins\/video.php?height=314&#038;href=https%3A%2F%2Fwww.facebook.com%2Freel%2F1967606824099003%2F&#038;show_text=false&#038;width=560&#038;t=0\" width=\"560\" height=\"314\" style=\"border:none;overflow:hidden\" scrolling=\"no\" frameborder=\"0\" allowfullscreen=\"true\" allow=\"autoplay; clipboard-write; encrypted-media; picture-in-picture; web-share\" 0=\"\/iframe\" class=\"iframe-class\"><\/iframe>\n<\/p>\n","protected":false},"excerpt":{"rendered":"<p>Esperamos abondosa nubosid\u00e1 que va dexar precipitaciones part\u00edes por tol Princip\u00e1u. Polo xeneral vamos tar falando de lluvia pero, a partir de los 900\/1000 metros, prevense nevaes a primeres hores del d\u00eda con encl\u00edn a xubir la cota hasta los 1400 o 1500 metros conforme trescurra la xornada. Los vientos van predominar de componente oeste [&hellip;]<\/p>\n","protected":false},"author":117,"featured_media":0,"comment_status":"closed","ping_status":"closed","sticky":false,"template":"","format":"standard","meta":{"footnotes":""},"categories":[5],"tags":[],"class_list":["post-65351","post","type-post","status-publish","format-standard","hentry","category-tiempu"],"_links":{"self":[{"href":"https:\/\/edublog.educastur.es\/ixuxu\/wp-json\/wp\/v2\/posts\/65351","targetHints":{"allow":["GET"]}}],"collection":[{"href":"https:\/\/edublog.educastur.es\/ixuxu\/wp-json\/wp\/v2\/posts"}],"about":[{"href":"https:\/\/edublog.educastur.es\/ixuxu\/wp-json\/wp\/v2\/types\/post"}],"author":[{"embeddable":true,"href":"https:\/\/edublog.educastur.es\/ixuxu\/wp-json\/wp\/v2\/users\/117"}],"replies":[{"embeddable":true,"href":"https:\/\/edublog.educastur.es\/ixuxu\/wp-json\/wp\/v2\/comments?post=65351"}],"version-history":[{"count":3,"href":"https:\/\/edublog.educastur.es\/ixuxu\/wp-json\/wp\/v2\/posts\/65351\/revisions"}],"predecessor-version":[{"id":65411,"href":"https:\/\/edublog.educastur.es\/ixuxu\/wp-json\/wp\/v2\/posts\/65351\/revisions\/65411"}],"wp:attachment":[{"href":"https:\/\/edublog.educastur.es\/ixuxu\/wp-json\/wp\/v2\/media?parent=65351"}],"wp:term":[{"taxonomy":"category","embeddable":true,"href":"https:\/\/edublog.educastur.es\/ixuxu\/wp-json\/wp\/v2\/categories?post=65351"},{"taxonomy":"post_tag","embeddable":true,"href":"https:\/\/edublog.educastur.es\/ixuxu\/wp-json\/wp\/v2\/tags?post=65351"}],"curies":[{"name":"wp","href":"https:\/\/api.w.org\/{rel}","templated":true}]}}