{"id":65356,"date":"2026-01-07T11:38:51","date_gmt":"2026-01-07T09:38:51","guid":{"rendered":"https:\/\/edublog.educastur.es\/ixuxu\/?p=65356"},"modified":"2026-01-07T13:55:42","modified_gmt":"2026-01-07T11:55:42","slug":"asturies-afita-la-meyora-del-mercau-llaboral","status":"publish","type":"post","link":"https:\/\/edublog.educastur.es\/ixuxu\/2026\/01\/asturies-afita-la-meyora-del-mercau-llaboral\/","title":{"rendered":"Asturies afita la meyora del merc\u00e1u llaboral"},"content":{"rendered":"<p style=\"text-align: center\"><a href=\"https:\/\/actualidad.asturias.es\/documents\/537115\/3009402\/T%C3%ADtulo+%281%29.jpg\/589d5a14-3654-5096-ce18-8f74818c012a?t=1767613764329\"><img loading=\"lazy\" decoding=\"async\" class=\"aligncenter size-large\" src=\"https:\/\/actualidad.asturias.es\/documents\/537115\/3009402\/T%C3%ADtulo+%281%29.jpg\/589d5a14-3654-5096-ce18-8f74818c012a?t=1767613764329\" width=\"940\" height=\"788\" \/><\/a><\/p>\n<p><a href=\"https:\/\/actualidad.asturias.es\/-\/asturias-afianza-la-mejora-del-mercado-laboral-inicia-2026-con-8.321-personas-m\u00e1s-con-trabajo-y-casi-2.000-menos-en-paro-que-hace-un-a\u00f1o?redirect=%2F\">Actualid\u00e1<\/a> \/\u00a0Asturies afita la meyora del merc\u00e1u llaboral: empecipia 2026 con 8.321 persones m\u00e1s con trabayu y casi 2.000 menos en paru que va un a\u00f1u 05<br \/>\nde xineru de 2026. El Princip\u00e1u rexistra n&#8217;avientu la cifra m\u00e1s baxa de desempl\u00e9u de tola serie hist\u00f3rica y el mayor n\u00famberu d&#8217;afiliaciones dende 2008.<\/p>\n<p><!--more--><\/p>\n<p>Asturies afit\u00f3 la meyora del merc\u00e1u llaboral a lo llargo del \u00faltimu a\u00f1u. Colos \u00faltimos datos oficiales, el Princip\u00e1u empecipia 2026 con 51.197 persones en paru, la cantid\u00e1 m\u00e1s baxa de tola serie hist\u00f3rica. Les afiliaciones foron 395.403, el mayor n\u00famberu dende 2008.<\/p>\n<p>Con estos n\u00famberos, <strong>Asturies empieza xineru con 8.321 persones m\u00e1s con trabayu y unos\u00a0 2.000 paraes menos que va un a\u00f1u.<\/strong> Estos datos son positivos pese al llixeru repique del paru (201 persones, un 0.39%) rexistr\u00e1u&#8217;l mes pas\u00e1u al respective de payares: la comparancia intera\u00f1al constata que&#8217;l <strong>n\u00famberu de paraos n&#8217;Asturies suma y\u00e1 57 meses consecutivos de descensos<\/strong> y av\u00e9rase a cinco a\u00f1os de baxaes ensin interrupci\u00f3n.<\/p>\n<p>La meyora del merc\u00e1u llaboral en 2025 foi xeneralizada: en dambos sexos, en tolos grupos d&#8217;ed\u00e1 y para tolos sectores d&#8217;activid\u00e1, incluy\u00edu&#8217;l colectivu de quien apuerten per primer vegada a un empl\u00e9u. <strong>Nel mes d&#8217;avientu, la mayor baxada de paru rexistrose nel colectivu de muyeres y menores de 25 a\u00f1os.<\/strong><\/p>\n<p>La directora xeneral del Sepepa, Bego\u00f1a L\u00f3pez, valor\u00f3 de forma positiva esta meyora. L\u00f3pez destac\u00f3 especialmente qu&#8217;avientu rexistrara&#8217;l menor n\u00famberu de persones en paru de la serie hist\u00f3rica y que l&#8217;afiliaci\u00f3n a la Segurid\u00e1 Social siga avanzando escontra los 400.000 emplegaos.<\/p>\n<p>L\u00f3pez destac\u00f3 les acciones que ta desenvolviendo&#8217;l Sepepa para ameyorar les pol\u00edtiques d&#8217;empl\u00e9u n&#8217;Asturies, como la formaci\u00f3n a la carta para empreses y los planes d&#8217;empl\u00e9u, que van arrincar nes pr\u00f3ximes selmanes y van facilitar la contrataci\u00f3n de unes 500 persones.<\/p>\n","protected":false},"excerpt":{"rendered":"<p>Actualid\u00e1 \/\u00a0Asturies afita la meyora del merc\u00e1u llaboral: empecipia 2026 con 8.321 persones m\u00e1s con trabayu y casi 2.000 menos en paru que va un a\u00f1u 05 de xineru de 2026. El Princip\u00e1u rexistra n&#8217;avientu la cifra m\u00e1s baxa de desempl\u00e9u de tola serie hist\u00f3rica y el mayor n\u00famberu d&#8217;afiliaciones dende 2008.<\/p>\n","protected":false},"author":117,"featured_media":0,"comment_status":"closed","ping_status":"closed","sticky":false,"template":"","format":"standard","meta":{"footnotes":""},"categories":[271],"tags":[],"class_list":["post-65356","post","type-post","status-publish","format-standard","hentry","category-economia"],"_links":{"self":[{"href":"https:\/\/edublog.educastur.es\/ixuxu\/wp-json\/wp\/v2\/posts\/65356","targetHints":{"allow":["GET"]}}],"collection":[{"href":"https:\/\/edublog.educastur.es\/ixuxu\/wp-json\/wp\/v2\/posts"}],"about":[{"href":"https:\/\/edublog.educastur.es\/ixuxu\/wp-json\/wp\/v2\/types\/post"}],"author":[{"embeddable":true,"href":"https:\/\/edublog.educastur.es\/ixuxu\/wp-json\/wp\/v2\/users\/117"}],"replies":[{"embeddable":true,"href":"https:\/\/edublog.educastur.es\/ixuxu\/wp-json\/wp\/v2\/comments?post=65356"}],"version-history":[{"count":1,"href":"https:\/\/edublog.educastur.es\/ixuxu\/wp-json\/wp\/v2\/posts\/65356\/revisions"}],"predecessor-version":[{"id":65357,"href":"https:\/\/edublog.educastur.es\/ixuxu\/wp-json\/wp\/v2\/posts\/65356\/revisions\/65357"}],"wp:attachment":[{"href":"https:\/\/edublog.educastur.es\/ixuxu\/wp-json\/wp\/v2\/media?parent=65356"}],"wp:term":[{"taxonomy":"category","embeddable":true,"href":"https:\/\/edublog.educastur.es\/ixuxu\/wp-json\/wp\/v2\/categories?post=65356"},{"taxonomy":"post_tag","embeddable":true,"href":"https:\/\/edublog.educastur.es\/ixuxu\/wp-json\/wp\/v2\/tags?post=65356"}],"curies":[{"name":"wp","href":"https:\/\/api.w.org\/{rel}","templated":true}]}}