{"id":65368,"date":"2026-01-07T19:33:37","date_gmt":"2026-01-07T17:33:37","guid":{"rendered":"https:\/\/edublog.educastur.es\/ixuxu\/?p=65368"},"modified":"2026-01-08T20:53:18","modified_gmt":"2026-01-08T18:53:18","slug":"esposicion-sobrol-llibru-asturies-de-la-a-la-z","status":"publish","type":"post","link":"https:\/\/edublog.educastur.es\/ixuxu\/2026\/01\/esposicion-sobrol-llibru-asturies-de-la-a-la-z\/","title":{"rendered":"Esposici\u00f3n sobro&#8217;l llibru \u00abAsturies de l&#8217;A a la Z\u00bb."},"content":{"rendered":"<p style=\"text-align: center\"><em><span class=\"x193iq5w xeuugli x13faqbe x1vvkbs xt0psk2 x1i0vuye xvs91rp xo1l8bm x5n08af x10wh9bi xpm28yp x8viiok x1o7cslx x126k92a\"><span class=\"html-span xexx8yu x4uap5 x18d9i69 xkhd6sd x1hl2dhg x16tdsg8 x1vvkbs x3nfvp2 x1j61x8r x1fcty0u xdj266r xat24cr xgzva0m xhhsvwb xxymvpz xlup9mm x1kky2od\">\n<!-- iframe plugin v.6.0 wordpress.org\/plugins\/iframe\/ -->\n<iframe loading=\"lazy\" src=\"https:\/\/www.instagram.com\/p\/DTGGkCyDDFp\/embed\" width=\"520\" height=\"640\" 0=\"\/iframe\" scrolling=\"yes\" class=\"iframe-class\" frameborder=\"0\"><\/iframe>\n<\/span><\/span><\/em><\/p>\n<div>\n<ul>\n<li>Inauguraci\u00f3n el 8 de xineru a les 11:30 h. Xix\u00f3n, Centru Cultura Antiguu Institutu. <a href=\"https:\/\/estaticos-cdn.prensaiberica.es\/clip\/af92917c-46f9-4503-8815-a5486077f986_16-9-discover-aspect-ratio_default_0.webp\">LNE<\/a><\/li>\n<\/ul>\n<p>Toi feliz de poder cuntavos que&#8217;l Departamentu de Normalizaci\u00f3n Llingu\u00edstica del Conceyu de Xix\u00f3n\u00a0<a class=\"x1i10hfl xjbqb8w x1ejq31n x18oe1m7 x1sy0etr xstzfhl x972fbf x10w94by x1qhh985 x14e42zd x9f619 x1ypdohk xt0psk2 x3ct3a4 xdj266r x14z9mp xat24cr x1lziwak xexx8yu xyri2b x18d9i69 x1c1uobl x16tdsg8 x1hl2dhg xggy1nq x1a2a7pz notranslate _a6hd\" role=\"link\" href=\"https:\/\/www.instagram.com\/llinguaxixon\/\">@llinguaxixon<\/a>\/ <a class=\"x1i10hfl xjbqb8w x1ejq31n x18oe1m7 x1sy0etr xstzfhl x972fbf x10w94by x1qhh985 x14e42zd x9f619 x1ypdohk xt0psk2 x3ct3a4 xdj266r x14z9mp xat24cr x1lziwak xexx8yu xyri2b x18d9i69 x1c1uobl x16tdsg8 x1hl2dhg xggy1nq x1a2a7pz notranslate _a6hd\" role=\"link\" href=\"https:\/\/www.instagram.com\/cultura.gijon\/\">@cultura.gijon <\/a>cunt\u00f3 conmigo para montar una preciosa esposici\u00f3n sobro&#8217;l mio llibru <strong>Asturies de l&#8217;A a la Z. <\/strong>NUN LA PUEDES PERDER \u00a1Empezamos a tope el 2026! <a href=\"https:\/\/www.instagram.com\/evarami.studio\/\">https:\/\/www.instagram.com\/evarami.studio\/<\/a><\/p>\n<p><!--more--><\/p>\n<p style=\"text-align: center\"><a href=\"https:\/\/estaticos-cdn.prensaiberica.es\/clip\/af92917c-46f9-4503-8815-a5486077f986_16-9-discover-aspect-ratio_default_0.webp\"><img loading=\"lazy\" decoding=\"async\" class=\"aligncenter size-large\" src=\"https:\/\/estaticos-cdn.prensaiberica.es\/clip\/af92917c-46f9-4503-8815-a5486077f986_16-9-discover-aspect-ratio_default_0.webp\" width=\"1200\" height=\"675\" \/><\/a><\/p>\n<p>L&#8217;Antiguu Institutu de Xix\u00f3n inaugura l&#8217;a\u00f1u cultural cola esposici\u00f3n \u201cAsturies de l\u2019A a la Z\u201d, una propuesta que s&#8217;enmarca nel programa municipal \u201c\u00bfQu\u00e9 cuentu tienes?\u201d y que <strong>pon el focu na lliteratura infantil y xuvenil como ferramienta clave para la normalizaci\u00f3n lling\u00fc\u00edstica del asturianu.<\/strong><\/p>\n<p>Mientres l&#8217;actu, la conceyala de cultura, Montserrat L\u00f3pez Moro, qu&#8217;intervieno n&#8217;asturianu, sorray\u00f3 la importancia de los llibros infantiles como primer contactu informal de ne\u00f1os y ne\u00f1es cola llingua escrita.<em><strong> \u201cCuando ese primer contactu producir n&#8217;asturianu, surde de forma natural y pres\u00e9u, favoreciendo la so presencia na vida cotidiana\u201d,<\/strong><\/em> esplic\u00f3. L\u00f3pez Moru incidi\u00f3 am\u00e1s en que <strong>l&#8217;usu tempranu del asturianu contrib\u00fai a xenerar un venceyu emocional cola llingua y a asegurar la so continuid\u00e1 y vitalid\u00e1 nel futuru.<\/strong><\/p>\n<p style=\"text-align: center\"><em><span class=\"x193iq5w xeuugli x13faqbe x1vvkbs xt0psk2 x1i0vuye xvs91rp xo1l8bm x5n08af x10wh9bi xpm28yp x8viiok x1o7cslx x126k92a\"><span class=\"html-span xexx8yu x4uap5 x18d9i69 xkhd6sd x1hl2dhg x16tdsg8 x1vvkbs x3nfvp2 x1j61x8r x1fcty0u xdj266r xat24cr xgzva0m xhhsvwb xxymvpz xlup9mm x1kky2od\">\n<!-- iframe plugin v.6.0 wordpress.org\/plugins\/iframe\/ -->\n<iframe loading=\"lazy\" src=\"https:\/\/www.instagram.com\/p\/C2GFYLkt1aX\/embed\" width=\"520\" height=\"570\" 0=\"\/iframe\" scrolling=\"yes\" class=\"iframe-class\" frameborder=\"0\"><\/iframe>\n<\/span><\/span><\/em><\/p>\n<p>La esposici\u00f3n, que <strong>va tar presente nel Antiguu Institutu hasta&#8217;l 29 de xineru<\/strong>, parte del llibru \u201cAsturies, de l&#8217;A a la Z\u201d, cre\u00e1u pola ilustradora xixonesa Eva Rami, quien cunta con formaci\u00f3n en Maxisteriu, Llogopedia ya Ilustraci\u00f3n pola Escuela Cimera de Dibuxu Profesional de Madrid. En 2017, tres l&#8217;\u00e9situ internacional de los sos primeros trabayos como ilustradora, <strong>decidi\u00f3 xunir les sos dos pasiones: la docencia y l&#8217;ilustraci\u00f3n, especialmente al travi\u00e9s del cuentu infantil.<\/strong><\/p>\n<p><strong>Un abecedariu ilustr\u00e1u llenu d&#8217;identid\u00e1 asturiana<\/strong> El llibru nel que se basa l&#8217;amuesa <strong>ye un abecedariu ilustr\u00e1u, modernu y curiosu, que recueye valores, tradiciones y referentes propios d&#8217;Asturies.<\/strong> A lo llargo de les sos p\u00e1xines apaecen elementos como&#8217;l paisaxe, la identid\u00e1 y el folclore, la gastronom\u00eda, la mitolox\u00eda, les fiestes, el Antroxu, el Dia\u00f1u Burll\u00f3n, la buelga minera o los indianos, componiendo un percorr\u00edu visual y emocional pola cultura asturiana.<\/p>\n<p>La esposici\u00f3n va tar disponible para ser emprestada a centros educativos y biblioteques mientres el cursu, coles mires de promover la llectura y el consumu de producciones art\u00edstiques en llingua asturiana, am\u00e1s de potenciar la comunicaci\u00f3n y la cooperaci\u00f3n dientro de la comunid\u00e1 educativa en materia lling\u00fc\u00edstico.<\/p>\n<p>Pela so parte, Eva Rami estim\u00f3 la oportunid\u00e1 d&#8217;amosar el so trabayu fora de les p\u00e1xines de los llibros. \u201cYe la primer esposici\u00f3n que faigo na mio vida\u201d, confes\u00f3, destacando lo especial que resulta ver les sos ilustraciones espuestes \u201cnun sitiu de luxu como esti, na mio casa\u201d.<\/p>\n<p>L&#8217;autora record\u00f3 que foi maestra mientres ocho a\u00f1os y que, anque siempres quixo dedicase a la ilustraci\u00f3n, les circunstancies llevar per otros caminos. \u201cVolver a ese camino y ver que puedo vivir d&#8217;ello, que se me dan oportunidaes asina, ye maraviyosu\u201d, afirm\u00f3.<\/p>\n<p>Rami esplic\u00f3 tami\u00e9n que la esposici\u00f3n incorpora un xuegu para faela m\u00e1s din\u00e1mica, especialmente para los m\u00e1s pequenos. Anque reconoci\u00f3 que nun fala asturianu con fluidez, <strong>defini\u00f3&#8217;l llibru como \u201cuna reconciliaci\u00f3n\u201d personal cola llingua.<\/strong> \u201cTrabay\u00e9 enforma les instrucciones n&#8217;asturianu por que los ne\u00f1os sigan les riegles del xuegu y s\u00eda risonderu\u201d, se\u00f1al\u00f3, antes de convidar al p\u00fablicu a visitar l&#8217;amuesa.<\/p>\n<hr \/>\n<p><a href=\"https:\/\/www.lne.es\/gijon\/2023\/11\/05\/nina-dibujante-llego-hollywood-94224734.html\">Art\u00edculu LNE<\/a><\/p>\n<header class=\"ft-layout-grid-flex__colXs-12 ft-layout-grid-flex__rowAddsGutter-0\">\n<h1 class=\"ft-title ft-helper-spacer-b-xs ft-helper-fontSize-heading-M\" data-aida-title=\"\">La ni\u00f1a dibujante que lleg\u00f3 a Hollywood<\/h1>\n<h2 class=\"ft-mol-subtitle ft-helper-fontColor-quaternary\" data-aida-subtitle=\"\">Tras una d\u00e9cada fuera como maestra, esta gijonesa met\u00f3dica, exigente y positiva decidi\u00f3 cumplir su sue\u00f1o de montar un estudio de dise\u00f1o<\/h2>\n<\/header>\n<div class=\"ft-layout-grid-flex__colXs-12 ft-layout-grid-flex__colSm-7 ft-layout-grid-flex__colMd-8\">\n<figure class=\"ft-img\" data-aida-image=\"\">\n<div id=\"standard_1\" class=\"st-placement standard_1 inImageRestricted\">\n<div class=\"st-adunit st-adunit-tagged st-reset st-show\">\n<div class=\"st-adunit-ad st-reset\">\n<div class=\"st-display-render st-reset open 336x280\">\n<div class=\"st-canvas st-reset vertical-static\"><\/div>\n<\/div>\n<\/div>\n<\/div>\n<\/div>\n<p><img loading=\"lazy\" decoding=\"async\" class=\"ft-helper-img-rd\" src=\"https:\/\/estaticos-cdn.prensaiberica.es\/clip\/ebb4e191-949f-4579-b18a-1094683f0fd9_21-9-aspect-ratio_default_0.jpg\" alt=\"La ni\u00f1a dibujante que lleg\u00f3 a Hollywood\" width=\"1280\" height=\"548\" \/><figcaption data-aida-caption=\"\">\n<p class=\"ft-helper-fontColor-quaternary ft-helper-fontSize-body-S ft-helper-spacer-t-xxs\" style=\"text-align: center\"><span style=\"text-decoration: underline\"><span style=\"font-size: 24px\"><em>La ni\u00f1a dibujante que lleg\u00f3 a Hollywood<\/em><\/span><\/span><\/p>\n<\/figcaption><\/figure>\n<div class=\"ft-mol-writer ft-mol-writer--side ft-mol-writer--sideHasimage\">\n<div class=\"ft-mol-writer__item\">\n<p><img loading=\"lazy\" decoding=\"async\" class=\"ft-mol-writer__image ft-helper-img-rd\" src=\"https:\/\/estaticos-cdn.prensaiberica.es\/clip\/2a48ff6a-5f1a-4a21-8f4c-ec5939555727_source-aspect-ratio_320w_0.jpeg\" alt=\"Pablo Antu\u00f1a\" width=\"60\" height=\"60\" \/><a class=\"ft-link ft-helper-fontColor-primary\" title=\"Pablo Antu\u00f1a\" href=\"https:\/\/www.lne.es\/autores\/pablo-antuna.html\" target=\"_self\" rel=\"noopener\" data-mrf-recirculation=\"news-enlace-autor\" data-mrf-link=\"https:\/\/www.lne.es\/autores\/pablo-antuna.html\">Pablo Antu\u00f1a<\/a><\/p>\n<div class=\"ft-mol-writer__title\">\n<div class=\"ft-date\"><\/div>\n<\/div>\n<\/div>\n<\/div>\n<div class=\"ft-layout-grid-flex__nested ft-layout-grid-flex__nestedGutter-0\">\n<div class=\"ft-layout-grid-flex__colXs-12 ft-layout-grid-flex__colSm-11\" data-aida-text=\"\">\n<div class=\"ft-helper-closenews-all\" data-nosnippet=\"\" data-id=\"closeContentContainer\">\n<p class=\"ft-text\">Cuentan sus familiares que de muy ni\u00f1a Eva Rami P\u00e9rez (Gij\u00f3n, 1978) ya realizaba unos dibujos incre\u00edbles. Observaba muy detenidamente y se fijaba en los detalles. Hasta el punto de que lo grababa en su cabeza y lo plasmaba en el papel. No le hac\u00eda falta tener delante como modelos a unos tenistas para plasmar sus posturas de juego. Ese don innato para dibujar acab\u00f3 desarroll\u00e1ndolo hace unos a\u00f1os. Hasta el punto de convertirlo en su modo de vida. Tras casi una d\u00e9cada trabajando como profesora en Madrid y Canarias regres\u00f3 a Gij\u00f3n, a la casa familiar de la parroquia de Ruedes, donde ha montado su propio estudio de dise\u00f1o, en el que crea unas preciosas ilustraciones, que le han servido recientemente para conseguir con \u00ab\u00c9ramos una vez&#8230; mi mam\u00e1 y yo\u00bb\u00a0<a class=\"ft-link ft-link--decoration\" href=\"https:\/\/www.lne.es\/sociedad\/2023\/10\/24\/ilustradora-gijonesa-eva-rami-vuelve-93709909.html\" target=\"_blank\" rel=\"noopener\" data-mrf-recirculation=\"news-enlace-texto\" data-mrf-link=\"https:\/\/www.lne.es\/sociedad\/2023\/10\/24\/ilustradora-gijonesa-eva-rami-vuelve-93709909.html\">dos oros en los Premios Internacionales del Libro en Hollywood en dos categor\u00edas<\/a>: \u00abMejor libro ilustrado educativo para ni\u00f1os\u00bb y \u00abLibro m\u00e1s inspirador\u00bb.<\/p>\n<div id=\"paywall\">\n<div class=\"tp-container-inner\">Nacida en el barrio de La Arena, se form\u00f3 en el colegio Clar\u00edn dentro de la primera promoci\u00f3n completa de este centro que cumple 40 a\u00f1os el pr\u00f3ximo a\u00f1o, para posteriormente finalizar sus estudios en el IES El Piles. Ah\u00ed su motivaci\u00f3n pasaba por estudiar Bellas Artes, pero tras aprobar la Selectividad no super\u00f3 las pruebas de acceso ni en Pontevedra ni Salamanca. Entonces se decant\u00f3 por estudiar Magisterio en la Universidad de Oviedo. Descubri\u00f3 entonces su vocaci\u00f3n por ense\u00f1ar, que unida a su inquietud y ganas de seguir form\u00e1ndose, principalmente en la ilustraci\u00f3n, le llevaron a afrontar nuevos retos a medida que iba introduci\u00e9ndose en los libros digitales interactivos.<\/div>\n<\/div>\n<aside class=\"ft-ad ft-ad--intext ft-helper-hide-xs\">\n<div id=\"intext-desktop-1\">\n<div id=\"intext-sunmedia-1\">\n<div id=\"sm-it-main-container-1767898165135\" class=\"sm-it-main-container\" data-it=\"b97c30a1-c0dc-48dd-898c-9e20b45b0650\" data-device=\"desktop\" data-index=\"0\">\n<div id=\"intext-pi-passback1\" class=\"initiated piIntext loaded ad\" data-p=\"cpm_passback_intext1\">\n<div class=\"piIntextMainContainer\">\n<div class=\"piIntextContent scaled\">\n<div class=\"piIntextDisplayContainer\">\n<div id=\"div-gpt-ad_intext-pi-passback1\" data-google-query-id=\"CPDmj4vO_JEDFTnQDQkdMXYP7A\">\n<div class=\"video-container\">\u00abDe mayor quiero ser feliz\u00bb fue el primero de muchos cuentos que Eva Rami ilustr\u00f3. El punto de inflexi\u00f3n le lleg\u00f3 cuando un reajuste de personal en el colegio en el que trabajaba le hizo arriesgarse y dar el paso de estudiar el m\u00e1ster de Dise\u00f1o Gr\u00e1fico y retornar a Gij\u00f3n para montar su estudio, con el que es feliz a d\u00eda de hoy, con numerosos proyectos en marcha. Porque Rami se encarga no solo de la ilustraci\u00f3n, sino tambi\u00e9n de la maquetaci\u00f3n, dise\u00f1o y coordinaci\u00f3n editorial de los libros. Y todo ese aprendizaje tambi\u00e9n lo comparte con formaciones a profesores para que ellos tambi\u00e9n puedan crear sus propios cuentos did\u00e1cticas.<\/div>\n<\/div>\n<\/div>\n<\/div>\n<\/div>\n<\/div>\n<\/div>\n<\/div>\n<\/div>\n<\/aside>\n<div id=\"mid_news\"><\/div>\n<div class=\"ft-mol-related ft-mol-related--Hasimage\">\n<p><img loading=\"lazy\" decoding=\"async\" class=\"ft-mol-related__img\" src=\"https:\/\/estaticos-cdn.prensaiberica.es\/clip\/9ac2273a-ec7e-476a-b3f5-6be47e5d4780_21-9-aspect-ratio_320w_1256420.webp\" alt=\"La ilustradora gijonesa Eva Rami vuelve de Hollywood con dos oros\" width=\"160\" height=\"90\" \/><\/p>\n<div class=\"ft-mol-related__group\">\n<p class=\"ft-mol-related__item\"><a class=\"ft-link ft-helper-fontColor-black\" title=\"La ilustradora gijonesa Eva Rami vuelve de Hollywood con dos oros\" href=\"https:\/\/www.lne.es\/sociedad\/2023\/10\/24\/ilustradora-gijonesa-eva-rami-vuelve-93709909.html\" target=\"_self\" rel=\"noopener\">La ilustradora gijonesa Eva Rami vuelve de Hollywood con dos oros<\/a><\/p>\n<\/div>\n<\/div>\n<p class=\"ft-text\">De car\u00e1cter inquieto, Rami piensa que nunca hay que dejar de formarse. Se sac\u00f3 un m\u00e1ster en Logopedia y tiene tambi\u00e9n el t\u00edtulo de int\u00e9rprete de lengua de signos. Incluso estudi\u00f3 \u00e1rabe dos a\u00f1os.<\/p>\n<p class=\"ft-text\">De madre periodista y padre arquitecto \u2013su hermano sigui\u00f3 tambi\u00e9n los pases de su padre\u2013, la vena creativa la ten\u00eda en los genes. Incluso a su madre tambi\u00e9n le gustaba pintar en los ratos libres. Quienes la conocen destacan tres rasgos de su forma de ser: \u00abEs muy met\u00f3dica, organizada y muy exigente con su\u00a0<a class=\"ft-link ft-link--decoration\" href=\"https:\/\/www.lne.es\/tags\/ofertas-de-empleo\/\" data-mrf-recirculation=\"news-enlace-texto\" data-mrf-link=\"https:\/\/www.lne.es\/tags\/ofertas-de-empleo\/\">trabajo<\/a>, le echa las horas que se necesite, es una currante incansable\u00bb. Muy observadora, otra de sus cualidades, tambi\u00e9n destaca por ser una persona sensible, \u00abalgo cabezota\u00bb, de las que se empe\u00f1a en conseguir todo lo que se propone. No pasa desapercibida cuando se le conoce su actitud positiva, siempre con una sonrisa, aunque sea en los momentos malos.<\/p>\n<p class=\"ft-text\">Su refugio son los dibujos. Pero tambi\u00e9n la naturaleza. En Gij\u00f3n tiene ese equilibrio de vivir con el mar y la monta\u00f1a a un paso, que le permite disuadirse junto a sus dos perras, de raza golden retriever, que se llaman \u00abLlum\u00bb y \u00abMei\u00bb. Tambi\u00e9n la alimentaci\u00f3n, una parcela que cuida mucho, aparece como una de sus distracciones, junto a coger la furgoneta y viajar para desconectar, algo que hizo en el \u00faltimo a\u00f1o, con un viaje a Croacia que le hizo cargar pilas.<\/p>\n<aside class=\"ft-ad ft-ad--intext ft-helper-hide-xs\">\n<div id=\"intext-desktop-2\">\n<div id=\"intext-sunmedia-2\">\n<div id=\"sm-it-main-container-1767898165098\" class=\"sm-it-main-container\" data-it=\"f9f0f56c-657c-4ddb-9bef-aa8e62be3d0d\" data-device=\"desktop\" data-index=\"0\">\n<div id=\"intext-pi-passback2\" class=\"initiated piIntext loaded ad\" data-p=\"cpm_passback_intext2\">\n<div class=\"piIntextMainContainer\">\n<div class=\"piIntextContent scaled\">\n<div class=\"piIntextDisplayContainer\">\n<div id=\"div-gpt-ad_intext-pi-passback2\" data-google-query-id=\"CMPy94rO_JEDFTvjDQkdhQgHYA\">\n<div id=\"google_ads_iframe_\/138855687\/nacional-lne\/local\/gijon\/noticia_5__container__\"><\/div>\n<\/div>\n<\/div>\n<\/div>\n<\/div>\n<\/div>\n<\/div>\n<\/div>\n<\/div>\n<\/aside>\n<p class=\"ft-text\">En la parte m\u00e1s t\u00e9cnica, Eva Rami practica la ilustraci\u00f3n digital, con una tableta. Aunque le gusta la acuarela ella misma reconoce que le falta paciencia para procesos largos de secado de pintura.<\/p>\n<\/div>\n<\/div>\n<\/div>\n<\/div>\n<p>&nbsp;<\/p>\n<p>&nbsp;<\/p>\n<\/div>\n<p>&nbsp;<\/p>\n","protected":false},"excerpt":{"rendered":"<p>Inauguraci\u00f3n el 8 de xineru a les 11:30 h. Xix\u00f3n, Centru Cultura Antiguu Institutu. LNE Toi feliz de poder cuntavos que&#8217;l Departamentu de Normalizaci\u00f3n Llingu\u00edstica del Conceyu de Xix\u00f3n\u00a0@llinguaxixon\/ @cultura.gijon cunt\u00f3 conmigo para montar una preciosa esposici\u00f3n sobro&#8217;l mio llibru Asturies de l&#8217;A a la Z. NUN LA PUEDES PERDER \u00a1Empezamos a tope el 2026! [&hellip;]<\/p>\n","protected":false},"author":117,"featured_media":0,"comment_status":"closed","ping_status":"closed","sticky":false,"template":"","format":"standard","meta":{"footnotes":""},"categories":[14,10],"tags":[],"class_list":["post-65368","post","type-post","status-publish","format-standard","hentry","category-esposiciones","category-llibros-reciella"],"_links":{"self":[{"href":"https:\/\/edublog.educastur.es\/ixuxu\/wp-json\/wp\/v2\/posts\/65368","targetHints":{"allow":["GET"]}}],"collection":[{"href":"https:\/\/edublog.educastur.es\/ixuxu\/wp-json\/wp\/v2\/posts"}],"about":[{"href":"https:\/\/edublog.educastur.es\/ixuxu\/wp-json\/wp\/v2\/types\/post"}],"author":[{"embeddable":true,"href":"https:\/\/edublog.educastur.es\/ixuxu\/wp-json\/wp\/v2\/users\/117"}],"replies":[{"embeddable":true,"href":"https:\/\/edublog.educastur.es\/ixuxu\/wp-json\/wp\/v2\/comments?post=65368"}],"version-history":[{"count":12,"href":"https:\/\/edublog.educastur.es\/ixuxu\/wp-json\/wp\/v2\/posts\/65368\/revisions"}],"predecessor-version":[{"id":65503,"href":"https:\/\/edublog.educastur.es\/ixuxu\/wp-json\/wp\/v2\/posts\/65368\/revisions\/65503"}],"wp:attachment":[{"href":"https:\/\/edublog.educastur.es\/ixuxu\/wp-json\/wp\/v2\/media?parent=65368"}],"wp:term":[{"taxonomy":"category","embeddable":true,"href":"https:\/\/edublog.educastur.es\/ixuxu\/wp-json\/wp\/v2\/categories?post=65368"},{"taxonomy":"post_tag","embeddable":true,"href":"https:\/\/edublog.educastur.es\/ixuxu\/wp-json\/wp\/v2\/tags?post=65368"}],"curies":[{"name":"wp","href":"https:\/\/api.w.org\/{rel}","templated":true}]}}