{"id":65385,"date":"2026-01-07T19:54:01","date_gmt":"2026-01-07T17:54:01","guid":{"rendered":"https:\/\/edublog.educastur.es\/ixuxu\/?p=65385"},"modified":"2026-01-07T19:54:31","modified_gmt":"2026-01-07T17:54:31","slug":"votacion-de-la-meyor-noticia-pal-asturianu-en-2025","status":"publish","type":"post","link":"https:\/\/edublog.educastur.es\/ixuxu\/2026\/01\/votacion-de-la-meyor-noticia-pal-asturianu-en-2025\/","title":{"rendered":"Votaci\u00f3n de la \u2018Meyor noticia pal asturianu en 2025\u2019"},"content":{"rendered":"<p><a href=\"https:\/\/iniciativapolasturianu.org\/abierta-la-votacion-pa-la-escoyeta-de-la-meyor-noticia-pal-asturianu-en-2025\/\">Iniciativa<\/a> \/ Abierta la votaci\u00f3n pa la escoyeta de la \u2018Meyor noticia pal asturianu en 2025\u2019. La consulta entama a esti vienres 2 de xineru y va acabar el s\u00e1badu 10 d\u2019esti mes. <a href=\"https:\/\/docs.google.com\/forms\/d\/1fWkmmEvrvwdPZDCbWrjCHst4Q6hUwBZy5CKYqX2L6VM\/edit\">FORMULARIU DE VOTACI\u00d3N MEYOR NOTICIA PAL ASTURIANU 2025<\/a><\/p>\n<p style=\"text-align: center\"><a href=\"https:\/\/iniciativapolasturianu.org\/wp-content\/uploads\/2026\/01\/Meyor-noticia-2025-1.jpg\"><img loading=\"lazy\" decoding=\"async\" class=\"aligncenter \" src=\"https:\/\/iniciativapolasturianu.org\/wp-content\/uploads\/2026\/01\/Meyor-noticia-2025-1.jpg\" width=\"670\" height=\"670\" \/><\/a><\/p>\n<div class=\"td-full-screen-header-image-wrap\">\n<div class=\"td-container td-post-header\">\n<div class=\"td-post-header-holder\"><\/div>\n<\/div>\n<\/div>\n<div class=\"td-container\">\n<div class=\"td-pb-row\">\n<div class=\"td-pb-span8 td-main-content\" role=\"main\">\n<div class=\"td-ss-main-content\">\n<div class=\"td-post-sharing-top\">\n<div id=\"td_social_sharing_article_top\" class=\"td-post-sharing td-ps-bg td-ps-notext td-post-sharing-style1 \">\n<div class=\"td-post-sharing-visible\">\n<div class=\"td-social-but-icon\">Iniciativa pol Asturianu entama esti vienres, 2 de xineru, la <strong>votaci\u00f3n de la \u2018Meyor noticia pal asturianu en 2025\u2019.<\/strong> D\u2019esta manera, la organizaci\u00f3n pretende escoyer, pente medies d\u2019una votaci\u00f3n popular n\u2019internet, la meyor noticia pal idioma nel fin\u00e1u a\u00f1u 2023.<\/div>\n<div><\/div>\n<\/div>\n<\/div>\n<\/div>\n<\/div>\n<\/div>\n<\/div>\n<\/div>\n<p><!--more--><\/p>\n<div class=\"td-post-content\">\n<p>La presidenta d\u2019Iniciativa pol Asturianu, Arantza Margolles, apunt\u00f3 que \u201ctamos mui contentos porque esta iniciativa estren\u00f3se nel a\u00f1u 2013 y cumple 13 a\u00f1os recoyendo bones noticies pal idioma.Ye una manera de faer rep\u00e1s a les tantes bones noticies pal asturianu, pa valorar el cam\u00edn que tamos abriendo pa salvar la llingua asturiana y pa garrar fuercies pa trabayar esti a\u00f1u qu\u2019acaba d\u2019empecipiar\u201d.<\/p>\n<p>Pa Iniciativa pol Asturianu esta votaci\u00f3n ye importante porque \u201ccon esta campa\u00f1a pretendemos facer llegar a la ciudadan\u00eda asturiana delles bones noticies pal nuesu idioma. Tami\u00e9n val pa revisar tol llabor d\u2019Iniciativa pol Asturianu y de les instituciones y comprobar c\u00f3mo a\u00f1u a a\u00f1u la llingua asturiana tien una repercusi\u00f3n positiva nos medios de comunicaci\u00f3n\u201d.<\/p>\n<p>Los y les participantes pueden escoyer ente un total de 10 bones noticies pal asturianu de diferente tipu d\u2019un total de 22. El llist\u00e1u ufierta, am\u00e1s de noticies d\u2019Asturies, otres informaciones sobre avances nel comunid\u00e1 lling\u00fc\u00edstica como Lli\u00f3n y Miranda\u2019l Douro. La votaci\u00f3n entama esti vienres 2 de xineru y va acabar el s\u00e1bado 10 d\u2019esti mes. Am\u00e1s, los y les participantes van participar nun sort\u00e9u d\u2019un llote de llibros n\u2019asturianu.<\/p>\n<\/div>\n","protected":false},"excerpt":{"rendered":"<p>Iniciativa \/ Abierta la votaci\u00f3n pa la escoyeta de la \u2018Meyor noticia pal asturianu en 2025\u2019. La consulta entama a esti vienres 2 de xineru y va acabar el s\u00e1badu 10 d\u2019esti mes. FORMULARIU DE VOTACI\u00d3N MEYOR NOTICIA PAL ASTURIANU 2025 Iniciativa pol Asturianu entama esti vienres, 2 de xineru, la votaci\u00f3n de la \u2018Meyor [&hellip;]<\/p>\n","protected":false},"author":117,"featured_media":0,"comment_status":"closed","ping_status":"closed","sticky":false,"template":"","format":"standard","meta":{"footnotes":""},"categories":[47],"tags":[],"class_list":["post-65385","post","type-post","status-publish","format-standard","hentry","category-iniciativa-pol-asturianu"],"_links":{"self":[{"href":"https:\/\/edublog.educastur.es\/ixuxu\/wp-json\/wp\/v2\/posts\/65385","targetHints":{"allow":["GET"]}}],"collection":[{"href":"https:\/\/edublog.educastur.es\/ixuxu\/wp-json\/wp\/v2\/posts"}],"about":[{"href":"https:\/\/edublog.educastur.es\/ixuxu\/wp-json\/wp\/v2\/types\/post"}],"author":[{"embeddable":true,"href":"https:\/\/edublog.educastur.es\/ixuxu\/wp-json\/wp\/v2\/users\/117"}],"replies":[{"embeddable":true,"href":"https:\/\/edublog.educastur.es\/ixuxu\/wp-json\/wp\/v2\/comments?post=65385"}],"version-history":[{"count":1,"href":"https:\/\/edublog.educastur.es\/ixuxu\/wp-json\/wp\/v2\/posts\/65385\/revisions"}],"predecessor-version":[{"id":65386,"href":"https:\/\/edublog.educastur.es\/ixuxu\/wp-json\/wp\/v2\/posts\/65385\/revisions\/65386"}],"wp:attachment":[{"href":"https:\/\/edublog.educastur.es\/ixuxu\/wp-json\/wp\/v2\/media?parent=65385"}],"wp:term":[{"taxonomy":"category","embeddable":true,"href":"https:\/\/edublog.educastur.es\/ixuxu\/wp-json\/wp\/v2\/categories?post=65385"},{"taxonomy":"post_tag","embeddable":true,"href":"https:\/\/edublog.educastur.es\/ixuxu\/wp-json\/wp\/v2\/tags?post=65385"}],"curies":[{"name":"wp","href":"https:\/\/api.w.org\/{rel}","templated":true}]}}