{"id":65405,"date":"2026-01-07T19:55:01","date_gmt":"2026-01-07T17:55:01","guid":{"rendered":"https:\/\/edublog.educastur.es\/ixuxu\/?p=65405"},"modified":"2026-01-07T20:44:26","modified_gmt":"2026-01-07T18:44:26","slug":"ya-pue-vese-un-videu-resume-de-la-ix-xuntanza-los-sones-de-la-navida-asturiana","status":"publish","type":"post","link":"https:\/\/edublog.educastur.es\/ixuxu\/2026\/01\/ya-pue-vese-un-videu-resume-de-la-ix-xuntanza-los-sones-de-la-navida-asturiana\/","title":{"rendered":"Y\u00e1 pue vese un videu resume de la IX Xuntanza Los Sones de la Navid\u00e1 Asturiana"},"content":{"rendered":"<div class=\"elementor-element elementor-element-00f4678 elementor-widget__width-inherit elementor-widget elementor-widget-theme-post-excerpt\" data-id=\"00f4678\" data-element_type=\"widget\" data-widget_type=\"theme-post-excerpt.default\">\n<div class=\"elementor-widget-container\">La canal del ATOAM ufre una esbilla de les quince actuaciones de colectivos, agrupaciones y m\u00fasicos venceyaos a la m\u00fasica tradicional del pa\u00eds. <a href=\"https:\/\/musicasturiana.com\/ya-pue-vese-un-videu-resume-de-la-ix-xuntanza-los-sones-de-la-navida-asturiana\/\">Musicasturiana.com<\/a><\/div>\n<\/div>\n<p style=\"text-align: center\">\n<!-- iframe plugin v.6.0 wordpress.org\/plugins\/iframe\/ -->\n<iframe loading=\"lazy\" width=\"100%\" height=\"419\" src=\"https:\/\/www.youtube.com\/embed\/VZg3Cokwp7Y\" title=\"IX Xuntaza Navid\u00e1 en Grau. Xineiru 2026. Esbilla.\" frameborder=\"0\" allow=\"accelerometer; autoplay; clipboard-write; encrypted-media; gyroscope; picture-in-picture; web-share\" referrerpolicy=\"strict-origin-when-cross-origin\" 0=\"allowfullscreen\" 1=\"\/iframe\" scrolling=\"yes\" class=\"iframe-class\"><\/iframe>\n<\/p>\n<p>El pas\u00e1u 2 de xineru la Casa la Cultura de Grau acoy\u00f3 la IX Xuntanza <strong>Los Sones de la Navid\u00e1 Asturiana<\/strong>, eventu entam\u00e1u pol Archivu de la Tradici\u00f3n Oral d\u2019Amb\u00e1s (<strong>ATOAM<\/strong>) y la <strong>Conceyal\u00eda de Cultura de Grau<\/strong> nel que dellos <strong>colectivos, agrupaciones y m\u00fasicos <\/strong>d\u2019Asturies apurren les sos versiones de villancicos y cantares navidiegos. Na <a href=\"https:\/\/www.youtube.com\/watch?v=VZg3Cokwp7Y\" target=\"_blank\" rel=\"noopener\">canal de YouTube de Xos\u00e9 Amb\u00e1s<\/a> y\u00e1 pue vese una <strong>esbilla <\/strong>de ventis\u00e9is minutos coles actuaciones.<\/p>\n<p><!--more--><\/p>\n<p>Nesta edici\u00f3n hubo un total de <strong>quince actuaciones<\/strong>: Andecha Folclor d\u2019Uvi\u00e9u, Ardur\u00edu, L\u2019Artusu, El Corriellu la Pandorga, Escontra\u2019l Raiga\u00f1u, Escuela de M\u00fasica Municipal de Grau, La Flor de Grau, Grupu Etnogr\u00e1ficu L\u2019Oriente, Ladio Vallina (La Ifrera, Samart\u00edn del Rei Aurelio), Muyeres por Grau, Soi panderetera, Trebeyu, Vezos Astures, Xeitu, Amb\u00e1s, Dolfu ya Rams\u00e9s.<\/p>\n","protected":false},"excerpt":{"rendered":"<p>La canal del ATOAM ufre una esbilla de les quince actuaciones de colectivos, agrupaciones y m\u00fasicos venceyaos a la m\u00fasica tradicional del pa\u00eds. Musicasturiana.com El pas\u00e1u 2 de xineru la Casa la Cultura de Grau acoy\u00f3 la IX Xuntanza Los Sones de la Navid\u00e1 Asturiana, eventu entam\u00e1u pol Archivu de la Tradici\u00f3n Oral d\u2019Amb\u00e1s (ATOAM) [&hellip;]<\/p>\n","protected":false},"author":117,"featured_media":0,"comment_status":"closed","ping_status":"closed","sticky":false,"template":"","format":"standard","meta":{"footnotes":""},"categories":[35,125],"tags":[],"class_list":["post-65405","post","type-post","status-publish","format-standard","hentry","category-musica","category-musicasturiana-com"],"_links":{"self":[{"href":"https:\/\/edublog.educastur.es\/ixuxu\/wp-json\/wp\/v2\/posts\/65405","targetHints":{"allow":["GET"]}}],"collection":[{"href":"https:\/\/edublog.educastur.es\/ixuxu\/wp-json\/wp\/v2\/posts"}],"about":[{"href":"https:\/\/edublog.educastur.es\/ixuxu\/wp-json\/wp\/v2\/types\/post"}],"author":[{"embeddable":true,"href":"https:\/\/edublog.educastur.es\/ixuxu\/wp-json\/wp\/v2\/users\/117"}],"replies":[{"embeddable":true,"href":"https:\/\/edublog.educastur.es\/ixuxu\/wp-json\/wp\/v2\/comments?post=65405"}],"version-history":[{"count":1,"href":"https:\/\/edublog.educastur.es\/ixuxu\/wp-json\/wp\/v2\/posts\/65405\/revisions"}],"predecessor-version":[{"id":65406,"href":"https:\/\/edublog.educastur.es\/ixuxu\/wp-json\/wp\/v2\/posts\/65405\/revisions\/65406"}],"wp:attachment":[{"href":"https:\/\/edublog.educastur.es\/ixuxu\/wp-json\/wp\/v2\/media?parent=65405"}],"wp:term":[{"taxonomy":"category","embeddable":true,"href":"https:\/\/edublog.educastur.es\/ixuxu\/wp-json\/wp\/v2\/categories?post=65405"},{"taxonomy":"post_tag","embeddable":true,"href":"https:\/\/edublog.educastur.es\/ixuxu\/wp-json\/wp\/v2\/tags?post=65405"}],"curies":[{"name":"wp","href":"https:\/\/api.w.org\/{rel}","templated":true}]}}