{"id":65417,"date":"2026-01-08T09:30:42","date_gmt":"2026-01-08T07:30:42","guid":{"rendered":"https:\/\/edublog.educastur.es\/ixuxu\/?p=65417"},"modified":"2026-01-08T09:31:40","modified_gmt":"2026-01-08T07:31:40","slug":"el-tiempu-el-comercio-229","status":"publish","type":"post","link":"https:\/\/edublog.educastur.es\/ixuxu\/2026\/01\/el-tiempu-el-comercio-229\/","title":{"rendered":"El tiempu (El Comercio)"},"content":{"rendered":"<p style=\"text-align: center\"><a href=\"https:\/\/s2.ppllstatics.com\/elcomercio\/www\/multimedia\/2026\/01\/07\/tiempo-asturias-jueves-8-enero-k4qB-U2302588077118HVD-1200x870@El%20Comercio.jpg\"><img loading=\"lazy\" decoding=\"async\" class=\"aligncenter size-large\" src=\"https:\/\/s2.ppllstatics.com\/elcomercio\/www\/multimedia\/2026\/01\/07\/tiempo-asturias-jueves-8-enero-k4qB-U2302588077118HVD-1200x870@El%20Comercio.jpg\" width=\"1200\" height=\"870\" \/><\/a><\/p>\n<p>Esperamos cielos con m\u00e1s nubosid\u00e1 escontra l&#8217;oeste y escontra el cordal. Nestos sectores les nubes van ser de tipu baxu y van poder dexar bastios mientres el d\u00eda. Nel restu, la nubosid\u00e1 va ser de tipu altu o mediu a lo sumo con escasa probabilid\u00e1 de precipitaciones mientres gran parte de la xornada.<strong> A la fin de la tarde<\/strong> s\u00ed que van aumentar les nubes polo xeneral y van dexar precipitaciones que se van dir moviendo d&#8217;occidente a oriente afectando a munchos puntos del Princip\u00e1u.<\/p>\n<p><!--more--><\/p>\n<p>Lo m\u00e1s destacao va ser, ensin dala dulda, la intensid\u00e1 de <strong>los vientos.<\/strong> Van Soplar de suroeste con raches moderaes que van dir a m\u00e1s hasta ser localmente fuertes sobremanera nel oeste asturianu, na mari\u00f1a y zones altes del cordal. <strong>A la fin de la tarde<\/strong> los vientos van afitase d&#8217;oeste y va ser el momentu nel qu&#8217;entren les ag\u00fces enantes mentaes. Por cuenta de los fuertes vientos, tanto na mari\u00f1a occidental como nel suroeste l&#8217;Axencia Estatal de Meteorolox\u00eda va activar l&#8217;<strong>avisu mariellu por raches d&#8217;hasta 90 km\/h a partir de les 9 de la ma\u00f1ana<\/strong>. Mar adientro prevense raches d&#8217;hasta 74 km\/h (fuerza 8) con foles que van dir aumentando&#8217;l so altor a lo llargo de la tarde hasta poder algamar los 5 metros.<\/p>\n","protected":false},"excerpt":{"rendered":"<p>Esperamos cielos con m\u00e1s nubosid\u00e1 escontra l&#8217;oeste y escontra el cordal. Nestos sectores les nubes van ser de tipu baxu y van poder dexar bastios mientres el d\u00eda. Nel restu, la nubosid\u00e1 va ser de tipu altu o mediu a lo sumo con escasa probabilid\u00e1 de precipitaciones mientres gran parte de la xornada. A la [&hellip;]<\/p>\n","protected":false},"author":117,"featured_media":0,"comment_status":"closed","ping_status":"closed","sticky":false,"template":"","format":"standard","meta":{"footnotes":""},"categories":[5],"tags":[],"class_list":["post-65417","post","type-post","status-publish","format-standard","hentry","category-tiempu"],"_links":{"self":[{"href":"https:\/\/edublog.educastur.es\/ixuxu\/wp-json\/wp\/v2\/posts\/65417","targetHints":{"allow":["GET"]}}],"collection":[{"href":"https:\/\/edublog.educastur.es\/ixuxu\/wp-json\/wp\/v2\/posts"}],"about":[{"href":"https:\/\/edublog.educastur.es\/ixuxu\/wp-json\/wp\/v2\/types\/post"}],"author":[{"embeddable":true,"href":"https:\/\/edublog.educastur.es\/ixuxu\/wp-json\/wp\/v2\/users\/117"}],"replies":[{"embeddable":true,"href":"https:\/\/edublog.educastur.es\/ixuxu\/wp-json\/wp\/v2\/comments?post=65417"}],"version-history":[{"count":1,"href":"https:\/\/edublog.educastur.es\/ixuxu\/wp-json\/wp\/v2\/posts\/65417\/revisions"}],"predecessor-version":[{"id":65418,"href":"https:\/\/edublog.educastur.es\/ixuxu\/wp-json\/wp\/v2\/posts\/65417\/revisions\/65418"}],"wp:attachment":[{"href":"https:\/\/edublog.educastur.es\/ixuxu\/wp-json\/wp\/v2\/media?parent=65417"}],"wp:term":[{"taxonomy":"category","embeddable":true,"href":"https:\/\/edublog.educastur.es\/ixuxu\/wp-json\/wp\/v2\/categories?post=65417"},{"taxonomy":"post_tag","embeddable":true,"href":"https:\/\/edublog.educastur.es\/ixuxu\/wp-json\/wp\/v2\/tags?post=65417"}],"curies":[{"name":"wp","href":"https:\/\/api.w.org\/{rel}","templated":true}]}}