{"id":65419,"date":"2026-01-08T09:32:55","date_gmt":"2026-01-08T07:32:55","guid":{"rendered":"https:\/\/edublog.educastur.es\/ixuxu\/?p=65419"},"modified":"2026-01-08T09:32:55","modified_gmt":"2026-01-08T07:32:55","slug":"estau-del-tiempu-xueves-8-de-xineru-2026","status":"publish","type":"post","link":"https:\/\/edublog.educastur.es\/ixuxu\/2026\/01\/estau-del-tiempu-xueves-8-de-xineru-2026\/","title":{"rendered":"Est\u00e1u del tiempu: xueves 8 de xineru 2026"},"content":{"rendered":"<div class=\"xu06os2 x1ok221b\">\n<div class=\"html-div xdj266r x14z9mp xat24cr x1lziwak xexx8yu xyri2b x18d9i69 x1c1uobl\" data-ad-rendering-role=\"profile_name\">\n<ul>\n<li class=\"html-h3 x14z9mp xat24cr x1lziwak xexx8yu xyri2b x18d9i69 x1c1uobl x1vvkbs x1heor9g x1qlqyl8 x1pd3egz x1a2a7pz x1gslohp x1yc453h\"><span class=\"x1lliihq x6ikm8r x10wlt62 x1n2onr6\"><span class=\"xt0psk2\"><span class=\"xjp7ctv\"><a class=\"x1i10hfl xjbqb8w x1ejq31n x18oe1m7 x1sy0etr xstzfhl x972fbf x10w94by x1qhh985 x14e42zd x9f619 x1ypdohk xt0psk2 x3ct3a4 xdj266r x14z9mp xat24cr x1lziwak xexx8yu xyri2b x18d9i69 x1c1uobl x16tdsg8 x1hl2dhg xggy1nq x1a2a7pz xkrqix3 x1sur9pj xzsf02u x1s688f\" role=\"link\" href=\"https:\/\/www.facebook.com\/eltiempuenasturies?__cft__[0]=AZZyxjfUBd8W5n6OqCuceSAi5YjJqHSF4CEjOj5htYpEYU0MRk0_Eb0HPpJjustlHQzBjSTkcZfmvPgkqYpFixGACJQ3f98iCQpd_ogIttyMBPN7Gy8apceJQ8RZEckvHobVb0WVsTOP5ehbGF0wD9aVCNJFUG4UltHlVezDd3uoOVGaFkz6NnUHibjKbEa0aGoaPq60fV1tutpLMdHVadaD&amp;__tn__=-UC%2CP-y-R\"><b class=\"html-b xdj266r x14z9mp xat24cr x1lziwak xexx8yu xyri2b x18d9i69 x1c1uobl x1hl2dhg x16tdsg8 x1vvkbs x1s688f\"><span class=\"html-span xdj266r x14z9mp xat24cr x1lziwak xexx8yu xyri2b x18d9i69 x1c1uobl x1hl2dhg x16tdsg8 x1vvkbs\">El Tiempu n&#8217;Asturies.<\/span><\/b><\/a><\/span><\/span><\/span><\/li>\n<\/ul>\n<\/div>\n<\/div>\n<div class=\"xu06os2 x1ok221b\"><\/div>\n<div class=\"html-div xdj266r x14z9mp xat24cr x1lziwak xexx8yu xyri2b x18d9i69 x1c1uobl\" dir=\"auto\">\n<div class=\"html-div xdj266r x14z9mp xat24cr x1lziwak xexx8yu xyri2b x18d9i69 x1c1uobl\" data-ad-rendering-role=\"story_message\">\n<div class=\"x1l90r2v x1iorvi4 x1g0dm76 xpdmqnj\" data-ad-comet-preview=\"message\" data-ad-preview=\"message\">\n<div class=\"x78zum5 xdt5ytf xz62fqu x16ldp7u\">\n<div class=\"xu06os2 x1ok221b\">\n<div class=\"html-div xdj266r x14z9mp xat24cr x1lziwak xexx8yu xyri2b x18d9i69 x1c1uobl\">\n<div class=\"x14z9mp xat24cr x1lziwak x1vvkbs xtlvy1s x126k92a\">\n<ul>\n<li dir=\"auto\"><strong><span style=\"color: #008080\">Alborecemos<\/span><\/strong> con nubes ya claros o abancios ya con unes temperatures que tan alrodiu de los 5\u00baC nel interior y sobre los 11\u00baC na costa por mor del vientu que ta soplando con raches fuertes per esa fastera, rexistr\u00e1ndose nel puirtu Payares 1,5\u00baC.<\/li>\n<\/ul>\n<\/div>\n<div class=\"x14z9mp xat24cr x1lziwak x1vvkbs xtlvy1s x126k92a\">\n<ul>\n<li dir=\"auto\"><strong><span style=\"color: #008080\">G\u00fcei<\/span><\/strong> vamos tener el cielu nuboso cola posibilid\u00e1 de precipitaciones al finar el d\u00eda pero lo m\u00e1s destac\u00e1u sedr\u00e1 l&#8217;aire \u00e1brigu que va soplar con fuercia nel llitoral y zones altes faciendo que temple abondu l&#8217;ambiente polo que les temperatures va subir moderadamente.<\/li>\n<\/ul>\n<p><!--more--><\/p>\n<\/div>\n<div class=\"x14z9mp xat24cr x1lziwak x1vvkbs xtlvy1s x126k92a\">\n<ul>\n<li dir=\"auto\"><strong><span style=\"color: #008080\">Ma\u00f1ana vienres<\/span><\/strong> l&#8217;aire va dir rolando a componente noroeste y mos apurrir\u00e1 un descensu de les temperatures, am\u00e1s vendr\u00e1 acompang\u00e1u de precipitaciones moderaes a partir del mediud\u00eda que puen ser persistentes nes zones de monta\u00f1a, onde nevar\u00e1 perriba de los 1000m. L&#8217;aire seguir\u00e1 soplando con fuercia anque tender\u00e1 amenorgar al finar el d\u00eda.<\/li>\n<\/ul>\n<\/div>\n<div class=\"x14z9mp xat24cr x1lziwak x1vvkbs xtlvy1s x126k92a\">\n<ul>\n<li dir=\"auto\"><strong><span style=\"color: #008080\">El s\u00e1badu<\/span> <\/strong>tender\u00e1 a abrise dellos claros o abancios y remitir\u00e1n les precipitaciones, am\u00e1s l&#8217;aire sedr\u00e1 sele ya variable anque les temperatures van seguir siendo baxes dex\u00e1ndonos un ambien fr\u00edu ya ivernal.<\/li>\n<\/ul>\n<\/div>\n<div class=\"x14z9mp xat24cr x1lziwak x1vvkbs xtlvy1s x126k92a\">\n<ul>\n<li dir=\"auto\"><strong><span style=\"color: #008080\">El domingu<\/span><\/strong> pali que pali va dir templando l&#8217;ambiente con una subida bultable de les temperatures al mediud\u00eda por mor de la llegada de vientu \u00e1brigu y el cielu va tar nuboso.<\/li>\n<\/ul>\n<\/div>\n<div class=\"x14z9mp xat24cr x1lziwak x1vvkbs xtlvy1s x126k92a\">\n<ul>\n<li dir=\"auto\"><strong><span style=\"color: #008080\">La selmana viniente<\/span><\/strong> van cruzados dellos frentes atl\u00e1nticos que mos dexar\u00e1n precipitaciones y nieve na cordelera pero esto y\u00e1 lu diremos viendo.<\/li>\n<\/ul>\n<\/div>\n<\/div>\n<\/div>\n<\/div>\n<\/div>\n<\/div>\n<\/div>\n<p>&nbsp;<\/p>\n","protected":false},"excerpt":{"rendered":"<p>El Tiempu n&#8217;Asturies. Alborecemos con nubes ya claros o abancios ya con unes temperatures que tan alrodiu de los 5\u00baC nel interior y sobre los 11\u00baC na costa por mor del vientu que ta soplando con raches fuertes per esa fastera, rexistr\u00e1ndose nel puirtu Payares 1,5\u00baC. G\u00fcei vamos tener el cielu nuboso cola posibilid\u00e1 de [&hellip;]<\/p>\n","protected":false},"author":117,"featured_media":0,"comment_status":"closed","ping_status":"closed","sticky":false,"template":"","format":"standard","meta":{"footnotes":""},"categories":[5],"tags":[],"class_list":["post-65419","post","type-post","status-publish","format-standard","hentry","category-tiempu"],"_links":{"self":[{"href":"https:\/\/edublog.educastur.es\/ixuxu\/wp-json\/wp\/v2\/posts\/65419","targetHints":{"allow":["GET"]}}],"collection":[{"href":"https:\/\/edublog.educastur.es\/ixuxu\/wp-json\/wp\/v2\/posts"}],"about":[{"href":"https:\/\/edublog.educastur.es\/ixuxu\/wp-json\/wp\/v2\/types\/post"}],"author":[{"embeddable":true,"href":"https:\/\/edublog.educastur.es\/ixuxu\/wp-json\/wp\/v2\/users\/117"}],"replies":[{"embeddable":true,"href":"https:\/\/edublog.educastur.es\/ixuxu\/wp-json\/wp\/v2\/comments?post=65419"}],"version-history":[{"count":1,"href":"https:\/\/edublog.educastur.es\/ixuxu\/wp-json\/wp\/v2\/posts\/65419\/revisions"}],"predecessor-version":[{"id":65420,"href":"https:\/\/edublog.educastur.es\/ixuxu\/wp-json\/wp\/v2\/posts\/65419\/revisions\/65420"}],"wp:attachment":[{"href":"https:\/\/edublog.educastur.es\/ixuxu\/wp-json\/wp\/v2\/media?parent=65419"}],"wp:term":[{"taxonomy":"category","embeddable":true,"href":"https:\/\/edublog.educastur.es\/ixuxu\/wp-json\/wp\/v2\/categories?post=65419"},{"taxonomy":"post_tag","embeddable":true,"href":"https:\/\/edublog.educastur.es\/ixuxu\/wp-json\/wp\/v2\/tags?post=65419"}],"curies":[{"name":"wp","href":"https:\/\/api.w.org\/{rel}","templated":true}]}}