{"id":65421,"date":"2026-01-08T09:34:40","date_gmt":"2026-01-08T07:34:40","guid":{"rendered":"https:\/\/edublog.educastur.es\/ixuxu\/?p=65421"},"modified":"2026-01-08T09:34:40","modified_gmt":"2026-01-08T07:34:40","slug":"xeres-pa-furrular-liviernu","status":"publish","type":"post","link":"https:\/\/edublog.educastur.es\/ixuxu\/2026\/01\/xeres-pa-furrular-liviernu\/","title":{"rendered":"Xeres pa furrular l&#8217;iviernu"},"content":{"rendered":"<ul>\n<li><a href=\"https:\/\/www.educastur.es\/-\/despidimos-lanu-materiales-digitales-aula-asturiano-eonaviego?redirect=%2F\">Educastur<\/a> \/\u00a0<a href=\"https:\/\/www.canva.com\/design\/DAG7nhjIvwA\/-I4el6pk3x7Cibor3w-m0A\/view\" target=\"_blank\" rel=\"noopener\">\u00a1Despidimos l&#8217;a\u00f1u!<\/a> (Canva) \u00a0 \/ <a href=\"https:\/\/www.educastur.es\/-\/xeres-furrular-inviernu-materiales-digitales-para-el-aula-de-asturiano\" target=\"_blank\" rel=\"noopener\">\u00a1Xeres pa furrular n\u2019iviernu!<\/a><\/li>\n<li><a href=\"https:\/\/view.genially.com\/6757e2b5b91b58d3268358aa\/presentation-xeres-diviernu\" target=\"_blank\" rel=\"noopener\">\u00a1Xeres d\u00b4iviernu!<\/a>\u00a0(Genially)<\/li>\n<\/ul>\n<p style=\"text-align: center\">\n<!-- iframe plugin v.6.0 wordpress.org\/plugins\/iframe\/ -->\n<iframe loading=\"lazy\" frameborder=\"0\" width=\"600px\" height=\"338px\" src=\"https:\/\/view.genial.ly\/6757e2b5b91b58d3268358aa\" 0=\"\/iframe\" scrolling=\"yes\" class=\"iframe-class\"><\/iframe>\n<\/p>\n<p>\u00a1Xeres pa furrular n\u2019iviernu! Materiales dixitales pal aula d\u2019asturianu y de gallego-asturianu o eonaviegu. La Conseyer\u00eda d&#8217;Educaci\u00f3n ellabora una amuesa d&#8217;actividaes dixitales pa llevar al aula. Los materiales, en formatu genially, celebren la Navid\u00e1, el D\u00eda Internacional del Monte y el D\u00eda Internacional de la Non Violencia y la Paz.<\/p>\n<p><!--more--><\/p>\n<p>La Conseyer\u00eda d\u2019Educaci\u00f3n igu\u00f3 pa esti periodu vacacional unes actividaes pa dinamizar les xornaes escolares previes a les vacaciones. Estes actividaes pensaes pa lo m\u00e1s piqui\u00f1ino son sicas\u00ed, ama\u00f1oses pa tola comunid\u00e1 educativa. Recup\u00e9rense tami\u00e9n los materiales del a\u00f1u pas\u00e1u pola so utilid\u00e1 nel aula.<\/p>\n\n<!-- iframe plugin v.6.0 wordpress.org\/plugins\/iframe\/ -->\n<iframe loading=\"lazy\" 0=\"width:\" 1=\"640px;\" 2=\"height:\" 3=\"500px;\" src=\"https:\/\/www.canva.com\/design\/DAG7nhjIvwA\/-I4el6pk3x7Cibor3w-m0A\/view?embed\" allowfullscreen=\"allowfullscreen\" allow=\"fullscreen\" 4=\"\/iframe\" width=\"100%\" height=\"500\" scrolling=\"yes\" class=\"iframe-class\" frameborder=\"0\"><\/iframe>\n\n","protected":false},"excerpt":{"rendered":"<p>Educastur \/\u00a0\u00a1Despidimos l&#8217;a\u00f1u! (Canva) \u00a0 \/ \u00a1Xeres pa furrular n\u2019iviernu! \u00a1Xeres d\u00b4iviernu!\u00a0(Genially) \u00a1Xeres pa furrular n\u2019iviernu! Materiales dixitales pal aula d\u2019asturianu y de gallego-asturianu o eonaviegu. La Conseyer\u00eda d&#8217;Educaci\u00f3n ellabora una amuesa d&#8217;actividaes dixitales pa llevar al aula. Los materiales, en formatu genially, celebren la Navid\u00e1, el D\u00eda Internacional del Monte y el D\u00eda Internacional [&hellip;]<\/p>\n","protected":false},"author":117,"featured_media":0,"comment_status":"closed","ping_status":"closed","sticky":false,"template":"","format":"standard","meta":{"footnotes":""},"categories":[132],"tags":[],"class_list":["post-65421","post","type-post","status-publish","format-standard","hentry","category-educastur"],"_links":{"self":[{"href":"https:\/\/edublog.educastur.es\/ixuxu\/wp-json\/wp\/v2\/posts\/65421","targetHints":{"allow":["GET"]}}],"collection":[{"href":"https:\/\/edublog.educastur.es\/ixuxu\/wp-json\/wp\/v2\/posts"}],"about":[{"href":"https:\/\/edublog.educastur.es\/ixuxu\/wp-json\/wp\/v2\/types\/post"}],"author":[{"embeddable":true,"href":"https:\/\/edublog.educastur.es\/ixuxu\/wp-json\/wp\/v2\/users\/117"}],"replies":[{"embeddable":true,"href":"https:\/\/edublog.educastur.es\/ixuxu\/wp-json\/wp\/v2\/comments?post=65421"}],"version-history":[{"count":1,"href":"https:\/\/edublog.educastur.es\/ixuxu\/wp-json\/wp\/v2\/posts\/65421\/revisions"}],"predecessor-version":[{"id":65422,"href":"https:\/\/edublog.educastur.es\/ixuxu\/wp-json\/wp\/v2\/posts\/65421\/revisions\/65422"}],"wp:attachment":[{"href":"https:\/\/edublog.educastur.es\/ixuxu\/wp-json\/wp\/v2\/media?parent=65421"}],"wp:term":[{"taxonomy":"category","embeddable":true,"href":"https:\/\/edublog.educastur.es\/ixuxu\/wp-json\/wp\/v2\/categories?post=65421"},{"taxonomy":"post_tag","embeddable":true,"href":"https:\/\/edublog.educastur.es\/ixuxu\/wp-json\/wp\/v2\/tags?post=65421"}],"curies":[{"name":"wp","href":"https:\/\/api.w.org\/{rel}","templated":true}]}}