{"id":65425,"date":"2026-01-08T08:55:50","date_gmt":"2026-01-08T06:55:50","guid":{"rendered":"https:\/\/edublog.educastur.es\/ixuxu\/?p=65425"},"modified":"2026-01-08T21:12:23","modified_gmt":"2026-01-08T19:12:23","slug":"llega-goretti-la-nueva-envernada-con-vientu-y-agues-nasturies","status":"publish","type":"post","link":"https:\/\/edublog.educastur.es\/ixuxu\/2026\/01\/llega-goretti-la-nueva-envernada-con-vientu-y-agues-nasturies\/","title":{"rendered":"Llega Goretti, la nueva envernada con vientu y ag\u00fces n&#8217;Asturies"},"content":{"rendered":"<p style=\"text-align: center\"><a href=\"https:\/\/s3.ppllstatics.com\/elcomercio\/www\/multimedia\/2026\/01\/07\/nieve-oviedo-asturias-borrasca-francis%20(9)-klQG-U240766953257CoE-1200x840@El%20Comercio.jpg\"><img loading=\"lazy\" decoding=\"async\" class=\"aligncenter size-large\" src=\"https:\/\/s3.ppllstatics.com\/elcomercio\/www\/multimedia\/2026\/01\/07\/nieve-oviedo-asturias-borrasca-francis%20(9)-klQG-U240766953257CoE-1200x840@El%20Comercio.jpg\" width=\"1200\" height=\"840\" \/><\/a>LNE \/ El Comercio<\/p>\n<p>Damos la bienvenida a una nueva: &#8216;Goretti&#8217;. Cola nieve complicando inda&#8217;l tr\u00e1ficu en numberoses carreteres asturianes&#8217;, a partir de ma\u00f1ana xueves van llegar a Asturies los efectos de la <strong>nueva envernada, que se va formar ente&#8217;l xueves y el vienres y va dexar una envernada mar\u00edtima en tol norte d&#8217;Espa\u00f1a con vientu y ag\u00fces,<\/strong> seg\u00fan inform\u00f3 g\u00fcei l&#8217;Axencia Estatal de Meteorolox\u00eda (Aemet).<\/p>\n<p><!--more--><\/p>\n<p>&#8216;Goretti&#8217;, que foi nomada pol serviciu meteorol\u00f3xicu franc\u00e9s, va dexar una envernada m\u00e1s potente n&#8217;Europa occidental que n&#8217;Espa\u00f1a, con ciclox\u00e9nesis esplosiva incluyida.<\/p>\n<p style=\"text-align: center\">[frame src=\u00bbhttps:\/\/www.facebook.com\/plugins\/video.php?height=476&amp;href=https%3A%2F%2Fwww.facebook.com%2Freel%2F3108650609306708%2F&amp;show_text=false&amp;width=267&amp;t=0&#8243; width=\u00bb267&#8243; height=\u00bb476&#8243; style=\u00bbborder:none;overflow:hidden\u00bb scrolling=\u00bbno\u00bb frameborder=\u00bb0&#8243; allowfullscreen=\u00bbtrue\u00bb allow=\u00bbautoplay; clipboard-write; encrypted-media; picture-in-picture; web-share\u00bb allowFullScreen=\u00bbtrue\u00bb \/iframe]<\/p>\n<p>N&#8217;Asturies, entr\u00edn y non, esta fin de selmana van predominar les ag\u00fces, qu&#8217;apenes van dar tregua, anque les temperatures van ser notablemente cimeres a les d&#8217;estos d\u00edes, con m\u00e1ximes que van poder algamar los 17 graos el domingu en Xix\u00f3n y Avil\u00e9s y los 16 en Xix\u00f3n.<\/p>\n<p>&nbsp;<\/p>\n","protected":false},"excerpt":{"rendered":"<p>LNE \/ El Comercio Damos la bienvenida a una nueva: &#8216;Goretti&#8217;. Cola nieve complicando inda&#8217;l tr\u00e1ficu en numberoses carreteres asturianes&#8217;, a partir de ma\u00f1ana xueves van llegar a Asturies los efectos de la nueva envernada, que se va formar ente&#8217;l xueves y el vienres y va dexar una envernada mar\u00edtima en tol norte d&#8217;Espa\u00f1a con [&hellip;]<\/p>\n","protected":false},"author":117,"featured_media":0,"comment_status":"closed","ping_status":"closed","sticky":false,"template":"","format":"standard","meta":{"footnotes":""},"categories":[5],"tags":[],"class_list":["post-65425","post","type-post","status-publish","format-standard","hentry","category-tiempu"],"_links":{"self":[{"href":"https:\/\/edublog.educastur.es\/ixuxu\/wp-json\/wp\/v2\/posts\/65425","targetHints":{"allow":["GET"]}}],"collection":[{"href":"https:\/\/edublog.educastur.es\/ixuxu\/wp-json\/wp\/v2\/posts"}],"about":[{"href":"https:\/\/edublog.educastur.es\/ixuxu\/wp-json\/wp\/v2\/types\/post"}],"author":[{"embeddable":true,"href":"https:\/\/edublog.educastur.es\/ixuxu\/wp-json\/wp\/v2\/users\/117"}],"replies":[{"embeddable":true,"href":"https:\/\/edublog.educastur.es\/ixuxu\/wp-json\/wp\/v2\/comments?post=65425"}],"version-history":[{"count":5,"href":"https:\/\/edublog.educastur.es\/ixuxu\/wp-json\/wp\/v2\/posts\/65425\/revisions"}],"predecessor-version":[{"id":65518,"href":"https:\/\/edublog.educastur.es\/ixuxu\/wp-json\/wp\/v2\/posts\/65425\/revisions\/65518"}],"wp:attachment":[{"href":"https:\/\/edublog.educastur.es\/ixuxu\/wp-json\/wp\/v2\/media?parent=65425"}],"wp:term":[{"taxonomy":"category","embeddable":true,"href":"https:\/\/edublog.educastur.es\/ixuxu\/wp-json\/wp\/v2\/categories?post=65425"},{"taxonomy":"post_tag","embeddable":true,"href":"https:\/\/edublog.educastur.es\/ixuxu\/wp-json\/wp\/v2\/tags?post=65425"}],"curies":[{"name":"wp","href":"https:\/\/api.w.org\/{rel}","templated":true}]}}