{"id":65428,"date":"2026-01-08T11:16:05","date_gmt":"2026-01-08T09:16:05","guid":{"rendered":"https:\/\/edublog.educastur.es\/ixuxu\/?p=65428"},"modified":"2026-01-08T20:22:37","modified_gmt":"2026-01-08T18:22:37","slug":"adios-a-selito-lalma-de-la-ceramica-de-faro","status":"publish","type":"post","link":"https:\/\/edublog.educastur.es\/ixuxu\/2026\/01\/adios-a-selito-lalma-de-la-ceramica-de-faro\/","title":{"rendered":"Adi\u00f3s a &#8216;Selito&#8217;, l&#8217;alma de la cer\u00e1mica de Faro.\u00a0"},"content":{"rendered":"<p style=\"text-align: center\"><a href=\"https:\/\/s3.ppllstatics.com\/elcomercio\/www\/multimedia\/2026\/01\/07\/Selito-kEoH-U240771973309TkE-1200x840@El%20Comercio.jpg\"><img loading=\"lazy\" decoding=\"async\" class=\"aligncenter size-large\" src=\"https:\/\/s3.ppllstatics.com\/elcomercio\/www\/multimedia\/2026\/01\/07\/Selito-kEoH-U240771973309TkE-1200x840@El%20Comercio.jpg\" width=\"1200\" height=\"840\" \/><\/a><\/p>\n<p class=\"v-a-t\">Adi\u00f3s a &#8216;Selito&#8217;, l&#8217;alma de la cer\u00e1mica de Faro. Jos\u00e9 Vega, l&#8217;artesanu que lluch\u00f3 como naide pola pervivencia de la tradici\u00f3n alfarera de Limanes. <a href=\"https:\/\/www.elcomercio.es\/obituarios\/adios-jose-vega-selito-alma-ceramica-faro-20260107214003-nt.html\">El Comercio<\/a> \/ <a href=\"https:\/\/edublog.educastur.es\/ixuxu\/wp-admin\/post.php?post=65428&amp;action=edit&amp;classic-editor\">LNE<\/a> \/ <a href=\"https:\/\/www.rtpa.es\/noticias-sociedad-ast\/2026-01-07\/Muerre-'Selito',-el-postrer-alfareru-de-Faru-a-los-76-a%C3%B1os_111767813416.html\">RTPA<\/a> \/<\/p>\n<p>Jos\u00e9 Vega Guti\u00e9rrez, &#8216;Selito&#8217;, conoc\u00edu como&#8217;l postrer alfareru de Faru nel conceyu d&#8217;Uvi\u00e9u.\u00a0<strong>El so taller<\/strong>, reconoc\u00edu pol so valir cultural, <strong>foi incluy\u00edu nel Inventariu del Patrimoniu Cultural d&#8217;Asturies como bien etnogr\u00e1ficu<\/strong>. Esta alfarer\u00eda rem\u00f3ntase al sieglu XI y nel XVIII cuntaba con m\u00e1s de 70 productores.<\/p>\n<p><!--more--><\/p>\n<p style=\"text-align: center\"><a href=\"https:\/\/www.rtpa.es\/fotos\/\/26\/01\/20260107203528_RTPA7558561.webp\"><img loading=\"lazy\" decoding=\"async\" class=\"aligncenter \" src=\"https:\/\/www.rtpa.es\/fotos\/\/26\/01\/20260107203528_RTPA7558561.webp\" width=\"549\" height=\"309\" \/><\/a><\/p>\n<p>Col tiempu, la tradici\u00f3n entam\u00f3 a menguar y angua\u00f1o el taller de &#8216;Selito&#8217; yera l&#8217;\u00fanicu que calten\u00eda viva esta tradici\u00f3n ancestral.<\/p>\n<p style=\"text-align: center\"><a href=\"https:\/\/barruntando.com\/wp-content\/uploads\/2025\/09\/conociendo-la-ceramica.webp\"><img loading=\"lazy\" decoding=\"async\" class=\"aligncenter size-large\" src=\"https:\/\/barruntando.com\/wp-content\/uploads\/2025\/09\/conociendo-la-ceramica.webp\" width=\"685\" height=\"300\" \/><\/a><\/p>\n<p>El centru alfareru de Faru de Limanes <strong>ye unu de los productores de cer\u00e1mica m\u00e1s importantes dende&#8217;l sieglu XI hasta l&#8217;actualid\u00e1 nel noroeste de la pen\u00ednsula ib\u00e9rica.<\/strong> La so cer\u00e1mica tuvo presente de forma cotidiana na socied\u00e1 medieval, moderna y contemporanea asturiana dende fai siquier mil a\u00f1os y foi testigu de los sos cambeos y tresformamientos.<\/p>\n<p class=\"v-a-t\" style=\"text-align: center\"><a href=\"https:\/\/estaticos-cdn.prensaiberica.es\/clip\/63a2b417-4fa8-48ff-8455-df3cf6460b66_16-9-discover-aspect-ratio_default_0.webp\"><img loading=\"lazy\" decoding=\"async\" class=\"aligncenter \" src=\"https:\/\/estaticos-cdn.prensaiberica.es\/clip\/63a2b417-4fa8-48ff-8455-df3cf6460b66_16-9-discover-aspect-ratio_default_0.webp\" width=\"626\" height=\"352\" \/><\/a><\/p>\n<p>En 1749, cuando&#8217;l Marqu\u00e9s de la Ensenada redact\u00f3&#8217;l so famosu Catastru, <strong>nel pequenu llugar de Faru produc\u00eden ensin fuelgu cer\u00e1mica setenta y cinco fornos comandaos por otros tantos artesanos.<\/strong> Mientres munchos a\u00f1os, y\u00e1 nel sieglu XX, nesta pequena aldega asitiada a seis kil\u00f3metros d&#8217;Uvi\u00e9u, solo quedaba un alfareru, Jos\u00e9 Vega, &#8216;Selito&#8217;.<\/p>\n<p style=\"text-align: center\"><a href=\"https:\/\/barruntando.com\/wp-content\/uploads\/2025\/09\/conociendo-la-ceramica2.webp\"><img loading=\"lazy\" decoding=\"async\" class=\"aligncenter size-large\" src=\"https:\/\/barruntando.com\/wp-content\/uploads\/2025\/09\/conociendo-la-ceramica2.webp\" width=\"600\" height=\"402\" \/><\/a><\/p>\n<p>Les pieces m\u00e1s soprendentes y representatives de Faru son ensin dulda el gallu y la pita. Tr\u00e1tase d&#8217;unos \u00abbotijos\u00bb que paecen m\u00e1s propios d&#8217;un mus\u00e9u surrealista que d&#8217;un alfar asturianu, pero ende t\u00e1n, entre xarres de sidra, escudilles y platos\u2026<\/p>\n<p style=\"text-align: center\"><a href=\"https:\/\/barruntando.com\/wp-content\/uploads\/2025\/09\/conociendo-la-ceramica6-400x300.webp\"><img loading=\"lazy\" decoding=\"async\" class=\"aligncenter size-large\" src=\"https:\/\/barruntando.com\/wp-content\/uploads\/2025\/09\/conociendo-la-ceramica6-400x300.webp\" width=\"400\" height=\"300\" \/><\/a><\/p>\n<p>Frente a la capiya de Faru d&#8217;Enriba, <a href=\"https:\/\/www.verpueblos.com\/fotos_originales\/2\/3\/0\/00881230.jpg\">una modesta escultura recuerda a los maestros alfareros<\/a>\u00a0que dieron fama mundial a la parroquia de Limanes. Foi &#8216;Selito&#8217;, ensin dala dulda, <strong>quien m\u00e1s lluch\u00f3 por que esa fama perviviese nel tiempu, por que nun s&#8217;escaeciera l&#8217;oficiu nin la tradici\u00f3n a la que dedic\u00f3 tola so vida.<\/strong> Jos\u00e9 Vega, el postreru gran alfareru de Faru, finaba esti mi\u00e9rcoles n&#8217;Avil\u00e9s a los 76 a\u00f1os.<\/p>\n<p style=\"text-align: center\"><a href=\"https:\/\/www.verpueblos.com\/fotos_originales\/2\/3\/0\/00881230.jpg\">https:\/\/www.verpueblos.com\/fotos_originales\/2\/3\/0\/00881230.jpg<\/a><\/p>\n<p>Ent\u00e1 recuerden con respigu en Limanes el bombazu que fixo tremecer la so casa&#8217;l 30 de xunetu de 2023. Aquella ma\u00f1ana, <strong>l&#8217;hest\u00f3ricu alfareru sobrevivi\u00f3 de milagru y ensin un rascu\u00f1u a una brutal esplosi\u00f3n de gas que destruy\u00f3 parcialmente&#8217;l so taller.<\/strong> &#8216;Selito&#8217; llevant\u00e1rase ceo, como acald\u00eda y alleg\u00f3 a la cocina para preparar l&#8217;almuerzu y fregar los caciplos mientres la so muyer, &#8216;Milita&#8217;, permanec\u00eda nel esterior de la vivienda.<\/p>\n<p>Para encender el fueu, como fixo miles de vegaes, bax\u00f3 al su\u00e9tanu, abri\u00f3&#8217;l gas -butanu- y volvi\u00f3 xubir les escaleres cam\u00edn de la cocina. Pero en llugar de la bombona qu&#8217;alimenta los fogones<strong>, aquel d\u00eda abri\u00f3 por erru la del fornu nel que coc\u00eda les sos pieces.<\/strong> Adulces l&#8217;habitaci\u00f3n foi enllen\u00e1ndose de gas y cuando &#8216;Selito&#8217; reman\u00f3&#8217;l mandu de l&#8217;agua caliente para fregar, la chispa de la caldera de gasoil, na mesma habitaci\u00f3n que&#8217;l fornu, fixo&#8217;l restu. La casa, con tol so conten\u00edu, derrumb\u00f3se, provocando un gran desastre na hist\u00f3rica vivienda del sieglu XIII y en parte del so delic\u00e1u conten\u00edu.<strong> Los vecinos entorn\u00e1ronse para recuperar aquel taller y tolo qu&#8217;hab\u00eda&#8217;l so interior.<\/strong> De magar, &#8216;Selito&#8217; y la so muyer viv\u00eden n&#8217;Avil\u00e9s.<\/p>\n<p style=\"text-align: center\">\n<!-- iframe plugin v.6.0 wordpress.org\/plugins\/iframe\/ -->\n<iframe loading=\"lazy\" src=\"https:\/\/www.facebook.com\/plugins\/post.php?href=https%3A%2F%2Fwww.facebook.com%2Fphoto.php%3Ffbid%3D10232108017822531%26set%3Da.1120370968799%26type%3D3&#038;show_text=false&#038;width=500\" width=\"500\" height=\"601\" style=\"border:none;overflow:hidden\" scrolling=\"no\" frameborder=\"0\" allowfullscreen=\"true\" allow=\"autoplay; clipboard-write; encrypted-media; picture-in-picture; web-share\" 0=\"\/iframe\" class=\"iframe-class\"><\/iframe>\n<\/p>\n<p>Un a\u00f1u dempu\u00e9s, trelce de los ventisiete miembros de l&#8217;<strong>Asociaci\u00f3n d&#8217;Amigos de l&#8217;Alfarer\u00eda de Faru<\/strong> present\u00f3&#8217;l so nome de Xunta pola defensa de l&#8217;Alfarer\u00eda Tradicional de Faru, con Jos\u00e9 Manuel Vega, &#8216;Selito&#8217;, a la cabeza, provocando un in\u00e9ditu cisma ente los artesanos qu&#8217;ent\u00e1 g\u00fcei resquema.<\/p>\n<p style=\"text-align: center\">\n<!-- iframe plugin v.6.0 wordpress.org\/plugins\/iframe\/ -->\n<iframe loading=\"lazy\" width=\"100%\" height=\"427\" src=\"https:\/\/www.youtube.com\/embed\/qj18yy2xJaU\" title=\"Canal Prestosu | Secretos de Asturias: Cer\u00e1mica de Faro, tesoro medieval de Oviedo\" frameborder=\"0\" allow=\"accelerometer; autoplay; clipboard-write; encrypted-media; gyroscope; picture-in-picture; web-share\" referrerpolicy=\"strict-origin-when-cross-origin\" 0=\"allowfullscreen\" 1=\"\/iframe\" scrolling=\"yes\" class=\"iframe-class\"><\/iframe>\n<\/p>\n<p><strong>&#8216;Selito&#8217;, nietu y f\u00edu d&#8217;alfareros, criose ente la folla y la cer\u00e1mica que se coc\u00eda nel hist\u00f3ricu fornu de la so casa; estudi\u00f3 y curi\u00f3 de la tradici\u00f3n de la meyor forma que supo y dedic\u00f3 la so vida a defendela.<\/strong> Agora van ser otros quien tengan que faelo, con meyor o peor fortuna. \u00c9l dexa disc\u00edpulos, como dexa apenada a la so muyer, Emilia, y a los sos f\u00edos Beatriz y Daniel. Esti xueves, a les 13 hores, va celebrase&#8217;l funeral de cuerpu presente na ilesia parroquial de Santa Mar\u00eda de la O de Limanes y, darr\u00e9u, va recibir cristiana sepultura nel campusantu parroquial.<\/p>\n<p>&nbsp;<\/p>\n<p>L&#8217;hest\u00f3ricu artesanu Jos\u00e9 Manuel Vega, \u00abSelito\u00bb, <strong>consider\u00e1u por munchos l&#8217;\u00faltimu baluarte de la milenaria artesan\u00eda de Faru.<\/strong>\u00a0La muerte de \u00abSelito\u00bb supon un duru rev\u00e9s para la supervencia del arte tradicional d&#8217;esta localid\u00e1 de l&#8217;aguada uvieina de Limanes, <strong>una ayalga documentado dende&#8217;l sieglu XI que \u00abSelito\u00bb contribuy\u00f3 a caltener calteniendo viva una hestoria y cer\u00e1mica que pas\u00f3 de padres a f\u00edos mientres cientos d&#8217;a\u00f1os.<\/strong><\/p>\n<p style=\"text-align: center\">\n<!-- iframe plugin v.6.0 wordpress.org\/plugins\/iframe\/ -->\n<iframe loading=\"lazy\" src=\"https:\/\/www.facebook.com\/plugins\/video.php?height=476&#038;href=https%3A%2F%2Fwww.facebook.com%2Freel%2F874446541979095%2F&#038;show_text=false&#038;width=476&#038;t=0\" width=\"476\" height=\"476\" style=\"border:none;overflow:hidden\" scrolling=\"no\" frameborder=\"0\" allowfullscreen=\"true\" allow=\"autoplay; clipboard-write; encrypted-media; picture-in-picture; web-share\" 0=\"\/iframe\" class=\"iframe-class\"><\/iframe>\n<\/p>\n","protected":false},"excerpt":{"rendered":"<p>Adi\u00f3s a &#8216;Selito&#8217;, l&#8217;alma de la cer\u00e1mica de Faro. Jos\u00e9 Vega, l&#8217;artesanu que lluch\u00f3 como naide pola pervivencia de la tradici\u00f3n alfarera de Limanes. El Comercio \/ LNE \/ RTPA \/ Jos\u00e9 Vega Guti\u00e9rrez, &#8216;Selito&#8217;, conoc\u00edu como&#8217;l postrer alfareru de Faru nel conceyu d&#8217;Uvi\u00e9u.\u00a0El so taller, reconoc\u00edu pol so valir cultural, foi incluy\u00edu nel Inventariu [&hellip;]<\/p>\n","protected":false},"author":117,"featured_media":0,"comment_status":"closed","ping_status":"closed","sticky":false,"template":"","format":"standard","meta":{"footnotes":""},"categories":[400,162],"tags":[],"class_list":["post-65428","post","type-post","status-publish","format-standard","hentry","category-artesania","category-dep"],"_links":{"self":[{"href":"https:\/\/edublog.educastur.es\/ixuxu\/wp-json\/wp\/v2\/posts\/65428","targetHints":{"allow":["GET"]}}],"collection":[{"href":"https:\/\/edublog.educastur.es\/ixuxu\/wp-json\/wp\/v2\/posts"}],"about":[{"href":"https:\/\/edublog.educastur.es\/ixuxu\/wp-json\/wp\/v2\/types\/post"}],"author":[{"embeddable":true,"href":"https:\/\/edublog.educastur.es\/ixuxu\/wp-json\/wp\/v2\/users\/117"}],"replies":[{"embeddable":true,"href":"https:\/\/edublog.educastur.es\/ixuxu\/wp-json\/wp\/v2\/comments?post=65428"}],"version-history":[{"count":7,"href":"https:\/\/edublog.educastur.es\/ixuxu\/wp-json\/wp\/v2\/posts\/65428\/revisions"}],"predecessor-version":[{"id":65484,"href":"https:\/\/edublog.educastur.es\/ixuxu\/wp-json\/wp\/v2\/posts\/65428\/revisions\/65484"}],"wp:attachment":[{"href":"https:\/\/edublog.educastur.es\/ixuxu\/wp-json\/wp\/v2\/media?parent=65428"}],"wp:term":[{"taxonomy":"category","embeddable":true,"href":"https:\/\/edublog.educastur.es\/ixuxu\/wp-json\/wp\/v2\/categories?post=65428"},{"taxonomy":"post_tag","embeddable":true,"href":"https:\/\/edublog.educastur.es\/ixuxu\/wp-json\/wp\/v2\/tags?post=65428"}],"curies":[{"name":"wp","href":"https:\/\/api.w.org\/{rel}","templated":true}]}}