{"id":65452,"date":"2026-01-08T11:38:54","date_gmt":"2026-01-08T09:38:54","guid":{"rendered":"https:\/\/edublog.educastur.es\/ixuxu\/?p=65452"},"modified":"2026-01-08T12:27:37","modified_gmt":"2026-01-08T10:27:37","slug":"selito-referente-imprescindible-de-lalfareria-tradicional-de-faro","status":"publish","type":"post","link":"https:\/\/edublog.educastur.es\/ixuxu\/2026\/01\/selito-referente-imprescindible-de-lalfareria-tradicional-de-faro\/","title":{"rendered":"\u201cSelito\u201d, referente imprescindible de l\u2019alfarer\u00eda tradicional de Faro"},"content":{"rendered":"<p><em><span style=\"color: #008080\">Con tristeza fonda despidimos a Jos\u00e9 Manuel Vega, \u201cSelito\u201d, referente imprescindible de l\u2019alfarer\u00eda tradicional de Faro (Uvi\u00e9u), una de les figures que meyor encarnaron la memoria viva d\u2019un oficiu centenariu. <strong>El so llabor fue fundamental na inclusi\u00f3n de los fornos y testares de la localid\u00e1 nel Inventariu del Patrimoniu Cultural d&#8217;Asturies<\/strong><\/span><strong>.<\/strong><\/em><\/p>\n<p style=\"text-align: center\"><em><span class=\"x193iq5w xeuugli x13faqbe x1vvkbs xt0psk2 x1i0vuye xvs91rp xo1l8bm x5n08af x10wh9bi xpm28yp x8viiok x1o7cslx x126k92a\"><span class=\"html-span xexx8yu x4uap5 x18d9i69 xkhd6sd x1hl2dhg x16tdsg8 x1vvkbs x3nfvp2 x1j61x8r x1fcty0u xdj266r xat24cr xgzva0m xhhsvwb xxymvpz xlup9mm x1kky2od\">\n<!-- iframe plugin v.6.0 wordpress.org\/plugins\/iframe\/ -->\n<iframe loading=\"lazy\" src=\"https:\/\/www.instagram.com\/p\/DTOJ_fTCHkI\/embed\" width=\"520\" height=\"590\" 0=\"\/iframe\" scrolling=\"yes\" class=\"iframe-class\" frameborder=\"0\"><\/iframe>\n<\/span><\/span><\/em><\/p>\n<p><!--more--><\/p>\n<p><span style=\"color: #008080\"><em>Selito dedic\u00f3 la so vida a mantener una tradici\u00f3n artesanal que pas\u00f3 de xeneraci\u00f3n en xeneraci\u00f3n, trabayando\u2019l barru con conocimientu, constancia y un fondu respetu pola cultura popular asturiana, nun exerciciu de resistencia y amor frente al pasu del tiempu y la p\u00e9rdida de los oficios y saberes tradicionales. Gracies a Selito la tradici\u00f3n g\u00fcei sigue viva, dalgo que ye de xusticia reconocer y agradecer col compromisu de tar a l&#8217;altura de la so memoria y esti importante leg\u00e1u que salvaguard\u00f3 pa l&#8217;Asturies del presente y del porvenir.<\/em><\/span><\/p>\n","protected":false},"excerpt":{"rendered":"<p>Con tristeza fonda despidimos a Jos\u00e9 Manuel Vega, \u201cSelito\u201d, referente imprescindible de l\u2019alfarer\u00eda tradicional de Faro (Uvi\u00e9u), una de les figures que meyor encarnaron la memoria viva d\u2019un oficiu centenariu. El so llabor fue fundamental na inclusi\u00f3n de los fornos y testares de la localid\u00e1 nel Inventariu del Patrimoniu Cultural d&#8217;Asturies.<\/p>\n","protected":false},"author":117,"featured_media":0,"comment_status":"closed","ping_status":"closed","sticky":false,"template":"","format":"standard","meta":{"footnotes":""},"categories":[400,162],"tags":[],"class_list":["post-65452","post","type-post","status-publish","format-standard","hentry","category-artesania","category-dep"],"_links":{"self":[{"href":"https:\/\/edublog.educastur.es\/ixuxu\/wp-json\/wp\/v2\/posts\/65452","targetHints":{"allow":["GET"]}}],"collection":[{"href":"https:\/\/edublog.educastur.es\/ixuxu\/wp-json\/wp\/v2\/posts"}],"about":[{"href":"https:\/\/edublog.educastur.es\/ixuxu\/wp-json\/wp\/v2\/types\/post"}],"author":[{"embeddable":true,"href":"https:\/\/edublog.educastur.es\/ixuxu\/wp-json\/wp\/v2\/users\/117"}],"replies":[{"embeddable":true,"href":"https:\/\/edublog.educastur.es\/ixuxu\/wp-json\/wp\/v2\/comments?post=65452"}],"version-history":[{"count":3,"href":"https:\/\/edublog.educastur.es\/ixuxu\/wp-json\/wp\/v2\/posts\/65452\/revisions"}],"predecessor-version":[{"id":65455,"href":"https:\/\/edublog.educastur.es\/ixuxu\/wp-json\/wp\/v2\/posts\/65452\/revisions\/65455"}],"wp:attachment":[{"href":"https:\/\/edublog.educastur.es\/ixuxu\/wp-json\/wp\/v2\/media?parent=65452"}],"wp:term":[{"taxonomy":"category","embeddable":true,"href":"https:\/\/edublog.educastur.es\/ixuxu\/wp-json\/wp\/v2\/categories?post=65452"},{"taxonomy":"post_tag","embeddable":true,"href":"https:\/\/edublog.educastur.es\/ixuxu\/wp-json\/wp\/v2\/tags?post=65452"}],"curies":[{"name":"wp","href":"https:\/\/api.w.org\/{rel}","templated":true}]}}