{"id":65469,"date":"2026-01-08T12:43:50","date_gmt":"2026-01-08T10:43:50","guid":{"rendered":"https:\/\/edublog.educastur.es\/ixuxu\/?p=65469"},"modified":"2026-01-08T12:45:01","modified_gmt":"2026-01-08T10:45:01","slug":"el-manglar-duvieu-acueye-actuaciones-musicales-nesti-primer-trimestre","status":"publish","type":"post","link":"https:\/\/edublog.educastur.es\/ixuxu\/2026\/01\/el-manglar-duvieu-acueye-actuaciones-musicales-nesti-primer-trimestre\/","title":{"rendered":"El Manglar d&#8217;Uvi\u00e9u acueye actuaciones musicales nesti primer trimestre"},"content":{"rendered":"<p>Otru a\u00f1u m\u00e1s torna a Uvi\u00e9u el ciclu de conciertos qu\u2019entama\u2019l proyectu cultural <span class=\"html-span xdj266r x14z9mp xat24cr x1lziwak xexx8yu xyri2b x18d9i69 x1c1uobl x1hl2dhg x16tdsg8 x1vvkbs\"><a class=\"x1i10hfl xjbqb8w x1ejq31n x18oe1m7 x1sy0etr xstzfhl x972fbf x10w94by x1qhh985 x14e42zd x9f619 x1ypdohk xt0psk2 x3ct3a4 xdj266r x14z9mp xat24cr x1lziwak xexx8yu xyri2b x18d9i69 x1c1uobl x16tdsg8 x1hl2dhg xggy1nq x1a2a7pz xkrqix3 x1sur9pj x1fey0fg x1s688f\" role=\"link\" href=\"https:\/\/www.facebook.com\/eltiempodelicuescente?__cft__[0]=AZbpayXuv6YkE3ISET4-F1nH0LNc1Y9NwRsY4rcKyI88jrZ5GzokLkL4EGa_ClJk6GWSLR7scoYw6OfFjfCASMDSjHkt5ac_2FNB4AYY1wJOoftzG-MJyeOXwic0tWoAml5q-iRdCfljhq5FWmKyj5tHokSmMjz73fx1zaSSJiU_NRmTKvp3N08giBvceIp4UhFZLCTNuiXpvNuLdYLWfqmX&amp;__tn__=-]K-y-R\"><span class=\"xt0psk2\"><span class=\"xjp7ctv\">El Tiempo Delicuescente<\/span><\/span><\/a><\/span> <span class=\"html-span xexx8yu xyri2b x18d9i69 x1c1uobl x1hl2dhg x16tdsg8 x1vvkbs x3nfvp2 x1j61x8r x1fcty0u xdj266r xat24cr xm2jcoa x1mpyi22 xxymvpz xlup9mm x1kky2od\"><img loading=\"lazy\" decoding=\"async\" class=\"xz74otr x15mokao x1ga7v0g x16uus16 xbiv7yw\" src=\"https:\/\/static.xx.fbcdn.net\/images\/emoji.php\/v9\/t2b\/1\/16\/1f399.png\" alt=\"\ud83c\udf99\ufe0f\" width=\"16\" height=\"16\" \/><\/span> <span class=\"html-span xdj266r x14z9mp xat24cr x1lziwak xexx8yu xyri2b x18d9i69 x1c1uobl x1hl2dhg x16tdsg8 x1vvkbs\"><a class=\"x1i10hfl xjbqb8w x1ejq31n x18oe1m7 x1sy0etr xstzfhl x972fbf x10w94by x1qhh985 x14e42zd x9f619 x1ypdohk xt0psk2 x3ct3a4 xdj266r x14z9mp xat24cr x1lziwak xexx8yu xyri2b x18d9i69 x1c1uobl x16tdsg8 x1hl2dhg xggy1nq x1a2a7pz xkrqix3 x1sur9pj x1fey0fg x1s688f\" role=\"link\" href=\"https:\/\/www.facebook.com\/profile.php?id=61571716071065&amp;__cft__[0]=AZbpayXuv6YkE3ISET4-F1nH0LNc1Y9NwRsY4rcKyI88jrZ5GzokLkL4EGa_ClJk6GWSLR7scoYw6OfFjfCASMDSjHkt5ac_2FNB4AYY1wJOoftzG-MJyeOXwic0tWoAml5q-iRdCfljhq5FWmKyj5tHokSmMjz73fx1zaSSJiU_NRmTKvp3N08giBvceIp4UhFZLCTNuiXpvNuLdYLWfqmX&amp;__tn__=-]K-y-R\"><span class=\"xt0psk2\"><span class=\"xjp7ctv\">Manglar Ecosistema Cultural<\/span><\/span><\/a><\/span> va acoyer cinco actuaciones nesti primer trimestre de 2026 y dientro d\u2019elles hai dos de m\u00fasica asturiana: la del espect\u00e1culu Ser quien a cantar el xueves 22 de xineru y <span class=\"html-span xdj266r x14z9mp xat24cr x1lziwak xexx8yu xyri2b x18d9i69 x1c1uobl x1hl2dhg x16tdsg8 x1vvkbs\"><a class=\"x1i10hfl xjbqb8w x1ejq31n x18oe1m7 x1sy0etr xstzfhl x972fbf x10w94by x1qhh985 x14e42zd x9f619 x1ypdohk xt0psk2 x3ct3a4 xdj266r x14z9mp xat24cr x1lziwak xexx8yu xyri2b x18d9i69 x1c1uobl x16tdsg8 x1hl2dhg xggy1nq x1a2a7pz xkrqix3 x1sur9pj x1fey0fg x1s688f\" role=\"link\" href=\"https:\/\/www.facebook.com\/profile.php?id=100063667863169&amp;__cft__[0]=AZbpayXuv6YkE3ISET4-F1nH0LNc1Y9NwRsY4rcKyI88jrZ5GzokLkL4EGa_ClJk6GWSLR7scoYw6OfFjfCASMDSjHkt5ac_2FNB4AYY1wJOoftzG-MJyeOXwic0tWoAml5q-iRdCfljhq5FWmKyj5tHokSmMjz73fx1zaSSJiU_NRmTKvp3N08giBvceIp4UhFZLCTNuiXpvNuLdYLWfqmX&amp;__tn__=-]K-y-R\"><span class=\"xt0psk2\"><span class=\"xjp7ctv\">Rub\u00e9n Bada Music<\/span><\/span><\/a><\/span> el s\u00e1badu 7 de febreru .<\/p>\n<p style=\"text-align: center\"><em><span class=\"x193iq5w xeuugli x13faqbe x1vvkbs xt0psk2 x1i0vuye xvs91rp xo1l8bm x5n08af x10wh9bi xpm28yp x8viiok x1o7cslx x126k92a\"><span class=\"html-span xexx8yu x4uap5 x18d9i69 xkhd6sd x1hl2dhg x16tdsg8 x1vvkbs x3nfvp2 x1j61x8r x1fcty0u xdj266r xat24cr xgzva0m xhhsvwb xxymvpz xlup9mm x1kky2od\">\n<!-- iframe plugin v.6.0 wordpress.org\/plugins\/iframe\/ -->\n<iframe loading=\"lazy\" src=\"https:\/\/www.instagram.com\/p\/DTFf0rPDKZg\/embed\" width=\"520\" height=\"570\" 0=\"\/iframe\" scrolling=\"yes\" class=\"iframe-class\" frameborder=\"0\"><\/iframe>\n<\/span><\/span><\/em><\/p>\n<div class=\"elementor-element elementor-element-72daa04 e-con-full e-flex e-con e-child\" data-id=\"72daa04\" data-element_type=\"container\">\n<div class=\"elementor-element elementor-element-00f4678 elementor-widget__width-inherit elementor-widget elementor-widget-theme-post-excerpt\" data-id=\"00f4678\" data-element_type=\"widget\" data-widget_type=\"theme-post-excerpt.default\">\n<div class=\"elementor-widget-container\">El Manglar d&#8217;Uvi\u00e9u acueye estes actuaciones que van desendolcase&#8217;l<strong> 22 de xineru y el 7 de febreru<\/strong> con un preciu d&#8217;entrada de 12 euros. Son a les 22.30 hores.<\/div>\n<\/div>\n<div class=\"elementor-element elementor-element-3f891ad elementor-align-center elementor-widget elementor-widget-post-info\" data-id=\"3f891ad\" data-element_type=\"widget\" data-widget_type=\"post-info.default\">\n<div class=\"elementor-widget-container\"><\/div>\n<\/div>\n<\/div>\n<p><!--more--><\/p>\n<div class=\"elementor-element elementor-element-eea4e26 e-con-full e-flex e-con e-child\" data-id=\"eea4e26\" data-element_type=\"container\">\n<div class=\"elementor-element elementor-element-9bc739f e-con-full e-flex e-con e-child\" data-id=\"9bc739f\" data-element_type=\"container\">\n<div class=\"elementor-element elementor-element-b2299bd elementor-share-buttons--view-icon elementor-share-buttons--skin-minimal elementor-share-buttons--shape-circle elementor-grid-mobile-3 elementor-share-buttons--align-right elementor-share-buttons--color-custom elementor-widget__width-auto elementor-widget-tablet__width-auto elementor-grid-0 elementor-widget elementor-widget-share-buttons\" data-id=\"b2299bd\" data-element_type=\"widget\" data-widget_type=\"share-buttons.default\">\n<div class=\"elementor-widget-container\">\n<div class=\"elementor-grid\">\n<div class=\"elementor-grid-item\">\n<div class=\"elementor-share-btn elementor-share-btn_x-twitter\" role=\"button\" aria-label=\"Compartir en x-twitter\"><em>Ser quien a cantar<\/em>\u00a0ye un proyectu nel que la escritora\u00a0<strong>Sof\u00eda Casta\u00f1\u00f3n<\/strong>, la m\u00fasica\u00a0<strong>Sara Friera<\/strong>, la fot\u00f3grafa y realizadora audiovisual<strong>\u00a0Daniela Cohen<\/strong>\u00a0y la percusionista\u00a0<strong>Jimena Men\u00e9ndez<\/strong>\u00a0ponen el so arte nuna actuaci\u00f3n. Van xubir al escenariu d\u2019El Manglar pa interpretar lo qu\u2019asina presenten dende les Sesiones Delicuescentes: \u00abPiensa nesi momentu previu al son\u00edu. En toles\u00a0<strong>muyeres que rompieron esi silenciu cola voz, cola percursi\u00f3n, col glay\u00edu, col cantu<\/strong>. Somos munches les que podemos dir a hombros de les muyeres que nos preceden.\u00a0<em>Ser quien a cantar<\/em>\u00a0ye un cantu dende\u00a0<strong>la m\u00fasica, la imaxen, la voz y la palabra<\/strong>\u00a0n\u2019homenaxe a les asturianes qu\u2019ocuparon l\u2019espaciu p\u00fablicu porque nun dexaron de ser quien yeren, porque fueron quien a cantar de munches maneres: na<strong>\u00a0llucha sindical, nel activismu, nes artes, na pol\u00edtica<\/strong>\u00ab.<\/div>\n<\/div>\n<\/div>\n<\/div>\n<\/div>\n<\/div>\n<\/div>\n<div class=\"elementor-element elementor-element-a767a8c elementor-widget__width-inherit elementor-widget elementor-widget-theme-post-content\" data-id=\"a767a8c\" data-element_type=\"widget\" data-widget_type=\"theme-post-content.default\">\n<div class=\"elementor-widget-container\">\n<p>D\u2019otra banda Rub\u00e9n Bada va presentar el so discu hom\u00f3nimu. L\u2019artista llanz\u00f3 en setiembre un \u00ab<strong>tr\u00edpticu<\/strong>\u00bb que tien tres estayes \u2013<strong>\u2018Guitarra<\/strong>\u2018,\u00a0<strong>\u2018Vigul\u00edn\u2019\u00a0<\/strong>y\u00a0\u2018<strong>Cantares<\/strong>\u2018- na que ca\u00fana fai referencia a<strong>\u00a0tres \u00f3ptiques<\/strong>\u00a0dende les que Bada mira\u2019l folk y la m\u00fasica tradicional. En<strong>\u00a0\u2018Guitarra\u2019\u00a0<\/strong>hai seis cortes con pieces interpretaes en x\u00e9neru\u00a0<strong>instrumental\u00a0<\/strong>col so instrumentu principal, emplegando\u2019l so estilu de\u00a0<em>fingerpicking\u00a0<\/em>col que y\u00e1 ven\u00eda trabayando n\u2019otros tantos proyectos.\u00a0<strong>\u2018Vigul\u00edn\u2019\u00a0<\/strong>son cuatro cortes nos qu\u2019ufierta pieces mui lligaes a la tradici\u00f3n del<strong>\u00a0baille:<\/strong>\u00a0xotes, mu\u00f1eires, agarraos, etc., dalgunes tradicionales, otres de composici\u00f3n propia.\u00a0<strong>\u2018Cantares\u2019<\/strong>\u00a0ye la parte dedicada a les coples y les melod\u00edes tradicionales y populares, de\u00a0<strong>chigre<\/strong>, pal\u00a0<strong>baille<\/strong>, de\u00a0<strong>tonada<\/strong>\u2026 Les ig\u00fces d\u2019estos temes son ocho\u00a0<strong>ayalgues\u00a0<\/strong>qu\u2019amuesen quiciabes la\u00a0<strong>visi\u00f3n m\u00e1s personal<\/strong>\u00a0del m\u00fasicu sobre estos repertorios.<\/p>\n<\/div>\n<\/div>\n","protected":false},"excerpt":{"rendered":"<p>Otru a\u00f1u m\u00e1s torna a Uvi\u00e9u el ciclu de conciertos qu\u2019entama\u2019l proyectu cultural El Tiempo Delicuescente Manglar Ecosistema Cultural va acoyer cinco actuaciones nesti primer trimestre de 2026 y dientro d\u2019elles hai dos de m\u00fasica asturiana: la del espect\u00e1culu Ser quien a cantar el xueves 22 de xineru y Rub\u00e9n Bada Music el s\u00e1badu 7 [&hellip;]<\/p>\n","protected":false},"author":117,"featured_media":0,"comment_status":"closed","ping_status":"closed","sticky":false,"template":"","format":"standard","meta":{"footnotes":""},"categories":[35,125],"tags":[],"class_list":["post-65469","post","type-post","status-publish","format-standard","hentry","category-musica","category-musicasturiana-com"],"_links":{"self":[{"href":"https:\/\/edublog.educastur.es\/ixuxu\/wp-json\/wp\/v2\/posts\/65469","targetHints":{"allow":["GET"]}}],"collection":[{"href":"https:\/\/edublog.educastur.es\/ixuxu\/wp-json\/wp\/v2\/posts"}],"about":[{"href":"https:\/\/edublog.educastur.es\/ixuxu\/wp-json\/wp\/v2\/types\/post"}],"author":[{"embeddable":true,"href":"https:\/\/edublog.educastur.es\/ixuxu\/wp-json\/wp\/v2\/users\/117"}],"replies":[{"embeddable":true,"href":"https:\/\/edublog.educastur.es\/ixuxu\/wp-json\/wp\/v2\/comments?post=65469"}],"version-history":[{"count":2,"href":"https:\/\/edublog.educastur.es\/ixuxu\/wp-json\/wp\/v2\/posts\/65469\/revisions"}],"predecessor-version":[{"id":65471,"href":"https:\/\/edublog.educastur.es\/ixuxu\/wp-json\/wp\/v2\/posts\/65469\/revisions\/65471"}],"wp:attachment":[{"href":"https:\/\/edublog.educastur.es\/ixuxu\/wp-json\/wp\/v2\/media?parent=65469"}],"wp:term":[{"taxonomy":"category","embeddable":true,"href":"https:\/\/edublog.educastur.es\/ixuxu\/wp-json\/wp\/v2\/categories?post=65469"},{"taxonomy":"post_tag","embeddable":true,"href":"https:\/\/edublog.educastur.es\/ixuxu\/wp-json\/wp\/v2\/tags?post=65469"}],"curies":[{"name":"wp","href":"https:\/\/api.w.org\/{rel}","templated":true}]}}