{"id":65472,"date":"2026-01-08T12:49:12","date_gmt":"2026-01-08T10:49:12","guid":{"rendered":"https:\/\/edublog.educastur.es\/ixuxu\/?p=65472"},"modified":"2026-01-08T20:34:55","modified_gmt":"2026-01-08T18:34:55","slug":"cantar-facemos-una-conga-de-pop-piquinin","status":"publish","type":"post","link":"https:\/\/edublog.educastur.es\/ixuxu\/2026\/01\/cantar-facemos-una-conga-de-pop-piquinin\/","title":{"rendered":"Cantar \u00abFacemos una conga\u00bb de Pop Piqui\u00f1\u00edn"},"content":{"rendered":"<p>El mes pas\u00e1u <span class=\"html-span xdj266r x14z9mp xat24cr x1lziwak xexx8yu xyri2b x18d9i69 x1c1uobl x1hl2dhg x16tdsg8 x1vvkbs\"><a class=\"x1i10hfl xjbqb8w x1ejq31n x18oe1m7 x1sy0etr xstzfhl x972fbf x10w94by x1qhh985 x14e42zd x9f619 x1ypdohk xt0psk2 x3ct3a4 xdj266r x14z9mp xat24cr x1lziwak xexx8yu xyri2b x18d9i69 x1c1uobl x16tdsg8 x1hl2dhg xggy1nq x1a2a7pz xkrqix3 x1sur9pj x1fey0fg x1s688f\" role=\"link\" href=\"https:\/\/www.facebook.com\/lafabriquina?__cft__[0]=AZY_LL2DYlcdC2A9Lw31cPLgINJBzFy-3ire48haqcQE15PuKz5BwBNc4kEuOdNK4NBZVfhJp9mYBbGvuxa9oXhBk6At4lcbbO-u1eOnRw3ZmhebRLgyvFqrv4t8x1mpnP2watKs6-W7jYqXcfDaE6gHULhr7C9BFijTO7HhHcOjGi3EqnGkxhfvzfqiZ5aP7kY&amp;__tn__=-]K-R\"><span class=\"xt0psk2\"><span class=\"xjp7ctv\">La Fabriquina<\/span><\/span><\/a><\/span> edit\u00f3 &#8216;Pop Piqui\u00f1\u00edn. Una escoyeta de les canciones n\u2019asturianu de @<span class=\"html-span xdj266r x14z9mp xat24cr x1lziwak xexx8yu xyri2b x18d9i69 x1c1uobl x1hl2dhg x16tdsg8 x1vvkbs\"><a class=\"x1i10hfl xjbqb8w x1ejq31n x18oe1m7 x1sy0etr xstzfhl x972fbf x10w94by x1qhh985 x14e42zd x9f619 x1ypdohk xt0psk2 x3ct3a4 xdj266r x14z9mp xat24cr x1lziwak xexx8yu xyri2b x18d9i69 x1c1uobl x16tdsg8 x1hl2dhg xggy1nq x1a2a7pz xkrqix3 x1sur9pj x1fey0fg x1s688f\" role=\"link\" href=\"https:\/\/www.facebook.com\/PetitPop?__cft__[0]=AZY_LL2DYlcdC2A9Lw31cPLgINJBzFy-3ire48haqcQE15PuKz5BwBNc4kEuOdNK4NBZVfhJp9mYBbGvuxa9oXhBk6At4lcbbO-u1eOnRw3ZmhebRLgyvFqrv4t8x1mpnP2watKs6-W7jYqXcfDaE6gHULhr7C9BFijTO7HhHcOjGi3EqnGkxhfvzfqiZ5aP7kY&amp;__tn__=-]K-R\"><span class=\"xt0psk2\"><span class=\"xjp7ctv\">Petit Pop<\/span><\/span><\/a><\/span>&#8216; <span class=\"html-span xexx8yu xyri2b x18d9i69 x1c1uobl x1hl2dhg x16tdsg8 x1vvkbs x3nfvp2 x1j61x8r x1fcty0u xdj266r xat24cr xm2jcoa x1mpyi22 xxymvpz xlup9mm x1kky2od\"><img loading=\"lazy\" decoding=\"async\" class=\"xz74otr x15mokao x1ga7v0g x16uus16 xbiv7yw\" src=\"https:\/\/static.xx.fbcdn.net\/images\/emoji.php\/v9\/t1d\/1\/16\/1f4d5.png\" alt=\"\ud83d\udcd5\" width=\"16\" height=\"16\" \/><\/span><span class=\"html-span xexx8yu xyri2b x18d9i69 x1c1uobl x1hl2dhg x16tdsg8 x1vvkbs x3nfvp2 x1j61x8r x1fcty0u xdj266r xat24cr xm2jcoa x1mpyi22 xxymvpz xlup9mm x1kky2od\"><img loading=\"lazy\" decoding=\"async\" class=\"xz74otr x15mokao x1ga7v0g x16uus16 xbiv7yw\" src=\"https:\/\/static.xx.fbcdn.net\/images\/emoji.php\/v9\/t90\/1\/16\/1f4bf.png\" alt=\"\ud83d\udcbf\" width=\"16\" height=\"16\" \/><\/span> Pa celebrar esti a\u00f1u nuevu la formaci\u00f3n xixonesa llanz\u00f3 a travi\u00e9s de les sos redes sociales el videu de <strong>\u00abFacemos una conga\u00bb<\/strong>\u00a0<strong><em><a href=\"https:\/\/musicasturiana.com\/producto\/pop-piquinin-escoyeta\/\" target=\"_blank\" rel=\"noreferrer noopener\">Pop Piqui\u00f1\u00edn. Una escoyeta de les canciones n\u2019asturianu de Petit Pop<\/a><\/em><\/strong>. Videu de <strong>\u00ab<a href=\"https:\/\/www.instagram.com\/p\/DS7ECIIDdn6\/\" target=\"_blank\" rel=\"noopener\">Facemos una conga\u00bb<\/a><\/strong>, cantar\u00a0<strong>in\u00e9ditu n\u2019asturianu\u00a0<\/strong>que forma parte del s\u00e9ptimu trabayu discogr\u00e1ficu que\u2019l grupu edit\u00f3 na llingua d\u2019Asturies. <span style=\"color: #008080\"><strong>0:50<\/strong><\/span><\/p>\n<p style=\"text-align: center\">\n<!-- iframe plugin v.6.0 wordpress.org\/plugins\/iframe\/ -->\n<iframe loading=\"lazy\" width=\"100%\" height=\"427\" src=\"https:\/\/www.youtube.com\/embed\/d0VR66hJRXE?list=RDd0VR66hJRXE\" title=\"Petit pop - Hacemos una conga!\" frameborder=\"0\" allow=\"accelerometer; autoplay; clipboard-write; encrypted-media; gyroscope; picture-in-picture; web-share\" referrerpolicy=\"strict-origin-when-cross-origin\" 0=\"allowfullscreen\" 1=\"\/iframe\" scrolling=\"yes\" class=\"iframe-class\"><\/iframe>\n<\/p>\n<p><!--more--><\/p>\n<p style=\"text-align: center\"><a href=\"https:\/\/musicasturiana.com\/wp-content\/uploads\/2026\/01\/facemos-una-conga.jpg\"><img loading=\"lazy\" decoding=\"async\" class=\"aligncenter size-large\" src=\"https:\/\/musicasturiana.com\/wp-content\/uploads\/2026\/01\/facemos-una-conga.jpg\" width=\"1200\" height=\"600\" \/><\/a><\/p>\n<p><span class=\"html-span xexx8yu xyri2b x18d9i69 x1c1uobl x1hl2dhg x16tdsg8 x1vvkbs x3nfvp2 x1j61x8r x1fcty0u xdj266r xat24cr xm2jcoa x1mpyi22 xxymvpz xlup9mm x1kky2od\"><img loading=\"lazy\" decoding=\"async\" class=\"xz74otr x15mokao x1ga7v0g x16uus16 xbiv7yw\" src=\"https:\/\/static.xx.fbcdn.net\/images\/emoji.php\/v9\/t5f\/1\/16\/1f4f9.png\" alt=\"\ud83d\udcf9\" width=\"16\" height=\"16\" \/><\/span> <a href=\"https:\/\/www.instagram.com\/reel\/DS7ECIIDdn6\/?utm_source=ig_embed\">El videu ta grab\u00e1u en dellos espacios de Xix\u00f3n<\/a> y n\u00e9l apaecen otros m\u00fasicos y formaciones de la ciud\u00e1, xunto a delles families. <a href=\"https:\/\/musicasturiana.com\/pop-piquinin-llancen-un-videu-de-facemos-una-conga\/\">Musicasturiana.com<\/a><\/p>\n<p>&nbsp;<\/p>\n<p><em>Pop Piqui\u00f1\u00edn. Una escoyeta de les canciones n\u2019asturianu de Petit Pop<\/em>\u00a0ye un\u00a0<strong>llibru-discu<\/strong>\u00a0compuestu por una escoyeta de\u00a0<strong>diez cantares\u00a0<\/strong>-ente los qu\u2019hai dellos\u00a0<strong>in\u00e9ditos n\u2019asturianu<\/strong>\u2013 onde les\u00a0<strong>lletres\u00a0<\/strong>acompa\u00f1\u00e9nse coles ilustraciones del\u00a0<strong>dibuxante Pedro Balmaseda<\/strong>, dise\u00f1ador de cabecera de la banda, y tami\u00e9n por\u00a0<strong>an\u00e9cdotes y curiosidaes<\/strong>\u00a0sobre cada canci\u00f3n contaes por un grupu que torn\u00f3 tola so discograf\u00eda al asturianu:\u00a0<em>Pop Piqui\u00f1\u00edn, Cantares pal coche, Surf na ba\u00f1era, Andamos en bici, Nun mos gusten los llunes, Que nun te tarreza la naturaleza<\/em>.<\/p>\n","protected":false},"excerpt":{"rendered":"<p>El mes pas\u00e1u La Fabriquina edit\u00f3 &#8216;Pop Piqui\u00f1\u00edn. Una escoyeta de les canciones n\u2019asturianu de @Petit Pop&#8216; Pa celebrar esti a\u00f1u nuevu la formaci\u00f3n xixonesa llanz\u00f3 a travi\u00e9s de les sos redes sociales el videu de \u00abFacemos una conga\u00bb\u00a0Pop Piqui\u00f1\u00edn. Una escoyeta de les canciones n\u2019asturianu de Petit Pop. Videu de \u00abFacemos una conga\u00bb, cantar\u00a0in\u00e9ditu [&hellip;]<\/p>\n","protected":false},"author":117,"featured_media":0,"comment_status":"closed","ping_status":"closed","sticky":false,"template":"","format":"standard","meta":{"footnotes":""},"categories":[35,125],"tags":[],"class_list":["post-65472","post","type-post","status-publish","format-standard","hentry","category-musica","category-musicasturiana-com"],"_links":{"self":[{"href":"https:\/\/edublog.educastur.es\/ixuxu\/wp-json\/wp\/v2\/posts\/65472","targetHints":{"allow":["GET"]}}],"collection":[{"href":"https:\/\/edublog.educastur.es\/ixuxu\/wp-json\/wp\/v2\/posts"}],"about":[{"href":"https:\/\/edublog.educastur.es\/ixuxu\/wp-json\/wp\/v2\/types\/post"}],"author":[{"embeddable":true,"href":"https:\/\/edublog.educastur.es\/ixuxu\/wp-json\/wp\/v2\/users\/117"}],"replies":[{"embeddable":true,"href":"https:\/\/edublog.educastur.es\/ixuxu\/wp-json\/wp\/v2\/comments?post=65472"}],"version-history":[{"count":6,"href":"https:\/\/edublog.educastur.es\/ixuxu\/wp-json\/wp\/v2\/posts\/65472\/revisions"}],"predecessor-version":[{"id":65493,"href":"https:\/\/edublog.educastur.es\/ixuxu\/wp-json\/wp\/v2\/posts\/65472\/revisions\/65493"}],"wp:attachment":[{"href":"https:\/\/edublog.educastur.es\/ixuxu\/wp-json\/wp\/v2\/media?parent=65472"}],"wp:term":[{"taxonomy":"category","embeddable":true,"href":"https:\/\/edublog.educastur.es\/ixuxu\/wp-json\/wp\/v2\/categories?post=65472"},{"taxonomy":"post_tag","embeddable":true,"href":"https:\/\/edublog.educastur.es\/ixuxu\/wp-json\/wp\/v2\/tags?post=65472"}],"curies":[{"name":"wp","href":"https:\/\/api.w.org\/{rel}","templated":true}]}}