{"id":65511,"date":"2026-01-08T21:05:15","date_gmt":"2026-01-08T19:05:15","guid":{"rendered":"https:\/\/edublog.educastur.es\/ixuxu\/?p=65511"},"modified":"2026-01-08T21:06:36","modified_gmt":"2026-01-08T19:06:36","slug":"65511","status":"publish","type":"post","link":"https:\/\/edublog.educastur.es\/ixuxu\/2026\/01\/65511\/","title":{"rendered":"Avisu naranxa por fen\u00f3menos costeros n&#8217;Asturies"},"content":{"rendered":"<div class=\"html-div xdj266r x14z9mp xat24cr x1lziwak xexx8yu xyri2b x18d9i69 x1c1uobl\">\n<div class=\"html-div xdj266r x14z9mp x1lziwak x18d9i69 x1cy8zhl x78zum5 x1q0g3np xod5an3 xz9dl7a x1g0dm76 xpdmqnj\">\n<div class=\"html-div xdj266r x14z9mp xat24cr x1lziwak xexx8yu xyri2b x18d9i69 x1c1uobl x1iyjqo2 xeuugli\">\n<div class=\"x78zum5 xdt5ytf xz62fqu x16ldp7u\">\n<div class=\"xu06os2 x1ok221b\">\n<div class=\"html-div xdj266r x14z9mp xat24cr x1lziwak xexx8yu xyri2b x18d9i69 x1c1uobl\" data-ad-rendering-role=\"profile_name\">\n<ul>\n<li id=\"_r_3n8_\" class=\"html-h4 x14z9mp xat24cr x1lziwak xexx8yu xyri2b x18d9i69 x1c1uobl x1vvkbs x1heor9g x1qlqyl8 x1pd3egz x1a2a7pz x1gslohp x1yc453h\"><span class=\"x78zum5 x1q0g3np\"><span class=\"x1lliihq x6ikm8r x10wlt62 x1n2onr6 xlyipyv xuxw1ft\"><span class=\"xt0psk2\"><a class=\"x1i10hfl xjbqb8w x1ejq31n x18oe1m7 x1sy0etr xstzfhl x972fbf x10w94by x1qhh985 x14e42zd x9f619 x1ypdohk xt0psk2 x3ct3a4 xdj266r x14z9mp xat24cr x1lziwak xexx8yu xyri2b x18d9i69 x1c1uobl x16tdsg8 x1hl2dhg xggy1nq x1a2a7pz xkrqix3 x1sur9pj xzsf02u x1s688f\" role=\"link\" href=\"https:\/\/www.facebook.com\/MovilidadAsturias?__cft__[0]=AZbeK5DmjfBitYGSh21RpD_fpOAE67QcRoUUkj6qcpsWs4XoNT-RoeZuulppR15e3rpBtXUyHAGREnnssDXq9_3BhxHtzUo3DvehuDASFD1Z91zB9Mfx7XkKPFz2FpmujLo2NlAZctII_n4M7_Iibi1PL5ZONqw-xo7gRKeF4g7tYKzJ-r51Av0fETnwZqbH6tOaZr9nZ-5tbTLucVt1mhGs&amp;__tn__=-UC%2CP-R\"><b class=\"html-b xdj266r x14z9mp xat24cr x1lziwak xexx8yu xyri2b x18d9i69 x1c1uobl x1hl2dhg x16tdsg8 x1vvkbs x1s688f\"><span class=\"html-span xdj266r x14z9mp xat24cr x1lziwak xexx8yu xyri2b x18d9i69 x1c1uobl x1hl2dhg x16tdsg8 x1vvkbs\">Consejer\u00eda de Movilidad, Medio Ambiente y Gesti\u00f3n de Emergencias<\/span><\/b><\/a><\/span><\/span><\/span><\/li>\n<\/ul>\n<\/div>\n<\/div>\n<div class=\"xu06os2 x1ok221b\"><\/div>\n<\/div>\n<\/div>\n<div style=\"text-align: center\"><a href=\"https:\/\/pbs.twimg.com\/media\/G-IyY0mXkAAUhN3?format=jpg&amp;name=large\"><img loading=\"lazy\" decoding=\"async\" class=\"aligncenter size-large\" src=\"https:\/\/pbs.twimg.com\/media\/G-IyY0mXkAAUhN3?format=jpg&amp;name=large\" width=\"1600\" height=\"900\" \/><\/a><\/div>\n<\/div>\n<\/div>\n<div class=\"html-div xdj266r x14z9mp xat24cr x1lziwak xexx8yu xyri2b x18d9i69 x1c1uobl\">\n<div class=\"html-div xdj266r x14z9mp xat24cr x1lziwak xexx8yu xyri2b x18d9i69 x1c1uobl\" dir=\"auto\">\n<div class=\"html-div xdj266r x14z9mp xat24cr x1lziwak xexx8yu xyri2b x18d9i69 x1c1uobl\" data-ad-rendering-role=\"story_message\">\n<div id=\"_r_3na_\" class=\"x1l90r2v x1iorvi4 x1g0dm76 xpdmqnj\" data-ad-comet-preview=\"message\" data-ad-preview=\"message\">\n<div class=\"x78zum5 xdt5ytf xz62fqu x16ldp7u\">\n<div class=\"xu06os2 x1ok221b\">\n<div class=\"html-div xdj266r x14z9mp xat24cr x1lziwak xexx8yu xyri2b x18d9i69 x1c1uobl\">\n<div class=\"xdj266r x14z9mp xat24cr x1lziwak x1vvkbs x126k92a\">\n<p><span class=\"html-span xexx8yu xyri2b x18d9i69 x1c1uobl x1hl2dhg x16tdsg8 x1vvkbs x3nfvp2 x1j61x8r x1fcty0u xdj266r xat24cr xm2jcoa x1mpyi22 xxymvpz xlup9mm x1kky2od\"><img loading=\"lazy\" decoding=\"async\" class=\"xz74otr x15mokao x1ga7v0g x16uus16 xbiv7yw\" src=\"https:\/\/static.xx.fbcdn.net\/images\/emoji.php\/v9\/tbc\/1\/16\/1f30a.png\" alt=\"\ud83c\udf0a\" width=\"16\" height=\"16\" \/><\/span> L&#8217;Axencia Estatal de Meteorolox\u00eda emiti\u00f3 un<strong> avisu naranxa por fen\u00f3menos costeros n&#8217;Asturies<\/strong> qu&#8217;empieza g\u00fcei y enllargarase mientres la xornada de ma\u00f1ana. Tami\u00e9n se preven nevaes na zona del Cordal y los Picos d&#8217;Europa.<\/p>\n<p><!--more--><\/p>\n<ul>\n<li><strong>Mari\u00f1a Occidental <\/strong>Nivel Naranxa dende les 21:00 de g\u00fcei a les 18:00 de ma\u00f1ana \/ Nivel Mariellu dende les 18:00 de ma\u00f1ana a les 00:00<\/li>\n<li><strong>Mari\u00f1a Oriental <\/strong>Nivel Naranxa dende les 21:00 de g\u00fcei a les 00:00 de ma\u00f1ana \/ Nevaes na zona de Cordal y Picos d&#8217;Europa \/ Nivel<br \/>\nMariellu dende les 12:00 de ma\u00f1ana a les 00:00<\/li>\n<li>Estrema les mid\u00edes de precuru y evita correr riegos innecesarios. Consulta los avisos vixentes en\u00a0 <a class=\"x1i10hfl xjbqb8w x1ejq31n x18oe1m7 x1sy0etr xstzfhl x972fbf x10w94by x1qhh985 x14e42zd x9f619 x1ypdohk xt0psk2 x3ct3a4 xdj266r x14z9mp xat24cr x1lziwak xexx8yu xyri2b x18d9i69 x1c1uobl x16tdsg8 x1hl2dhg xggy1nq x1a2a7pz xkrqix3 x1sur9pj x1fey0fg x1s688f\" role=\"link\" href=\"https:\/\/l.facebook.com\/l.php?u=https%3A%2F%2Fgoo.su%2FIlnXI%3Ffbclid%3DIwZXh0bgNhZW0CMTAAYnJpZBExUVoxUTFxQ3JRckJZYlNzcHNydGMGYXBwX2lkEDIyMjAzOTE3ODgyMDA4OTIAAR6jJniSm6YtvdHObS9uHCVA7src27JVQFvgAsIt_h-gN1fJJX6Vqj1aCbmgoQ_aem_H_kalsAgDCyjjVEz6OFoAg&amp;h=AT0YSlwK12wyS9AsVZiRM2sWdha8PkmioX3dUQcjPnH8YgZySwMbm8NPvwEh0ImX0uPuOntxIk9SfgTyQBiWEkux-e1xsX6X-i_bZptw7a-bG2odiQuVqqHpOMk0wVBbst9Z12_T-8R55A&amp;__tn__=-UK-R&amp;c[0]=AT2Fgba0pE7mWfwdAHmO-klX5lydsJyhQ_mZnIU004p86TjO3U9NUdxGQ3lFbp2PUl0sDt5lmKP53Yy0y6SqWfZGprVlkstO1xOy4_aZm9RCk8ok9TGv6OGDzImSc--1EanNt-o1u_klbf_pcXU2kLwW5JS9YSjAgiWlDQrXE86_Z3l8wRK25SvBMCm1Bv6G4Si2nDMtE_sWCvFPiaM2HfA1kwpQE3U\" target=\"_blank\" rel=\"nofollow noopener noreferrer\">https:\/\/goo.su\/IlnXI<\/a><\/li>\n<\/ul>\n<p>&nbsp;<\/p>\n<p style=\"text-align: center\"><a href=\"https:\/\/pbs.twimg.com\/media\/G-Im4DJXAAARhUj?format=jpg&amp;name=medium\"><img loading=\"lazy\" decoding=\"async\" class=\"aligncenter size-large\" src=\"https:\/\/pbs.twimg.com\/media\/G-Im4DJXAAARhUj?format=jpg&amp;name=medium\" width=\"952\" height=\"581\" \/><\/a><\/p>\n<p style=\"text-align: center\">\n<!-- iframe plugin v.6.0 wordpress.org\/plugins\/iframe\/ -->\n<iframe loading=\"lazy\" src=\"https:\/\/www.facebook.com\/plugins\/post.php?href=https%3A%2F%2Fwww.facebook.com%2FMovilidadAsturias%2Fposts%2Fpfbid0VQatuvruN74SAWSj6HHSoQ58jfousA6dpwCdni72PjAKBXXW7j51VYonPstgqzgrl&#038;show_text=false&#038;width=500\" width=\"500\" height=\"419\" style=\"border:none;overflow:hidden\" scrolling=\"no\" frameborder=\"0\" allowfullscreen=\"true\" allow=\"autoplay; clipboard-write; encrypted-media; picture-in-picture; web-share\" 0=\"\/iframe\" class=\"iframe-class\"><\/iframe>\n<\/p>\n<\/div>\n<\/div>\n<\/div>\n<\/div>\n<\/div>\n<\/div>\n<\/div>\n<\/div>\n<p>&nbsp;<\/p>\n","protected":false},"excerpt":{"rendered":"<p>Consejer\u00eda de Movilidad, Medio Ambiente y Gesti\u00f3n de Emergencias L&#8217;Axencia Estatal de Meteorolox\u00eda emiti\u00f3 un avisu naranxa por fen\u00f3menos costeros n&#8217;Asturies qu&#8217;empieza g\u00fcei y enllargarase mientres la xornada de ma\u00f1ana. Tami\u00e9n se preven nevaes na zona del Cordal y los Picos d&#8217;Europa.<\/p>\n","protected":false},"author":117,"featured_media":0,"comment_status":"closed","ping_status":"closed","sticky":false,"template":"","format":"standard","meta":{"footnotes":""},"categories":[5],"tags":[],"class_list":["post-65511","post","type-post","status-publish","format-standard","hentry","category-tiempu"],"_links":{"self":[{"href":"https:\/\/edublog.educastur.es\/ixuxu\/wp-json\/wp\/v2\/posts\/65511","targetHints":{"allow":["GET"]}}],"collection":[{"href":"https:\/\/edublog.educastur.es\/ixuxu\/wp-json\/wp\/v2\/posts"}],"about":[{"href":"https:\/\/edublog.educastur.es\/ixuxu\/wp-json\/wp\/v2\/types\/post"}],"author":[{"embeddable":true,"href":"https:\/\/edublog.educastur.es\/ixuxu\/wp-json\/wp\/v2\/users\/117"}],"replies":[{"embeddable":true,"href":"https:\/\/edublog.educastur.es\/ixuxu\/wp-json\/wp\/v2\/comments?post=65511"}],"version-history":[{"count":2,"href":"https:\/\/edublog.educastur.es\/ixuxu\/wp-json\/wp\/v2\/posts\/65511\/revisions"}],"predecessor-version":[{"id":65513,"href":"https:\/\/edublog.educastur.es\/ixuxu\/wp-json\/wp\/v2\/posts\/65511\/revisions\/65513"}],"wp:attachment":[{"href":"https:\/\/edublog.educastur.es\/ixuxu\/wp-json\/wp\/v2\/media?parent=65511"}],"wp:term":[{"taxonomy":"category","embeddable":true,"href":"https:\/\/edublog.educastur.es\/ixuxu\/wp-json\/wp\/v2\/categories?post=65511"},{"taxonomy":"post_tag","embeddable":true,"href":"https:\/\/edublog.educastur.es\/ixuxu\/wp-json\/wp\/v2\/tags?post=65511"}],"curies":[{"name":"wp","href":"https:\/\/api.w.org\/{rel}","templated":true}]}}