{"id":65514,"date":"2026-01-08T19:00:21","date_gmt":"2026-01-08T17:00:21","guid":{"rendered":"https:\/\/edublog.educastur.es\/ixuxu\/?p=65514"},"modified":"2026-01-08T21:11:03","modified_gmt":"2026-01-08T19:11:03","slug":"subvenciones-pa-la-creacion-lliteraria-de-2026","status":"publish","type":"post","link":"https:\/\/edublog.educastur.es\/ixuxu\/2026\/01\/subvenciones-pa-la-creacion-lliteraria-de-2026\/","title":{"rendered":"Subvenciones pa la creaci\u00f3n lliteraria de 2026 nes lling\u00fces d&#8217;Asturies"},"content":{"rendered":"<p style=\"text-align: center\"><a href=\"https:\/\/actualidad.asturias.es\/documents\/537115\/3013227\/libro.jpg\/33361ac6-e381-7862-7db4-e99b554f657d?t=1767879138543\"><img loading=\"lazy\" decoding=\"async\" class=\"aligncenter \" src=\"https:\/\/actualidad.asturias.es\/documents\/537115\/3013227\/libro.jpg\/33361ac6-e381-7862-7db4-e99b554f657d?t=1767879138543\" width=\"828\" height=\"552\" \/><\/a><a href=\"https:\/\/actualidad.asturias.es\/-\/ayudas-creacion-literaria-81?redirect=%2F\">Actualid\u00e1\u00a0<\/a><\/p>\n<div class=\"xdj266r x14z9mp xat24cr x1lziwak x1vvkbs x126k92a\">\n<div dir=\"auto\">La Conseyer\u00eda de Cultura, Pol\u00edtica Lling\u00fc\u00edstica y Deporte public\u00f3 nel BOPA la convocatoria anticipada de subvenciones pa la creaci\u00f3n lliteraria de 2026, con una dotaci\u00f3n de 48.000 euros.<\/div>\n<div dir=\"auto\"><\/div>\n<ul>\n<li dir=\"auto\">El plazu pa presentar solicit\u00faes ye de 20 d\u00edes h\u00e1biles, dende ma\u00f1ana, 9 de xineru.<\/li>\n<li dir=\"auto\"><img loading=\"lazy\" decoding=\"async\" class=\"xz74otr x15mokao x1ga7v0g x16uus16 xbiv7yw\" src=\"https:\/\/static.xx.fbcdn.net\/images\/emoji.php\/v9\/t4f\/1\/16\/2712.png\" alt=\"\u2712\ufe0f\" width=\"16\" height=\"16\" \/> Les ayudes tan dirix\u00edes a persones mayores d\u2019ed\u00e1, asturianes o residentes nel Princip\u00e1u, y contemplen dos llinies seg\u00fan se desarrolle o non activid\u00e1 profesional nel \u00e1mbitu cultural.<\/li>\n<li dir=\"auto\">Cada proyectu podr\u00e1 recibir 3.000 euros.<\/li>\n<li dir=\"auto\"><img loading=\"lazy\" decoding=\"async\" class=\"xz74otr x15mokao x1ga7v0g x16uus16 xbiv7yw\" src=\"https:\/\/static.xx.fbcdn.net\/images\/emoji.php\/v9\/t49\/1\/16\/1f4da.png\" alt=\"\ud83d\udcda\" width=\"16\" height=\"16\" \/> Dest\u00ednense a obres orixinales ya in\u00e9dites en castellanu, asturianu o eonaviegu, nes modalidaes de narrativa, poes\u00eda, teatru, c\u00f3mic y novela gr\u00e1fica, ensayu y lliteratura xuvenil.<\/li>\n<\/ul>\n<\/div>\n","protected":false},"excerpt":{"rendered":"<p>Actualid\u00e1\u00a0 La Conseyer\u00eda de Cultura, Pol\u00edtica Lling\u00fc\u00edstica y Deporte public\u00f3 nel BOPA la convocatoria anticipada de subvenciones pa la creaci\u00f3n lliteraria de 2026, con una dotaci\u00f3n de 48.000 euros. El plazu pa presentar solicit\u00faes ye de 20 d\u00edes h\u00e1biles, dende ma\u00f1ana, 9 de xineru. Les ayudes tan dirix\u00edes a persones mayores d\u2019ed\u00e1, asturianes o residentes [&hellip;]<\/p>\n","protected":false},"author":117,"featured_media":0,"comment_status":"closed","ping_status":"closed","sticky":false,"template":"","format":"standard","meta":{"footnotes":""},"categories":[418,12],"tags":[],"class_list":["post-65514","post","type-post","status-publish","format-standard","hentry","category-ayudes","category-editoriales"],"_links":{"self":[{"href":"https:\/\/edublog.educastur.es\/ixuxu\/wp-json\/wp\/v2\/posts\/65514","targetHints":{"allow":["GET"]}}],"collection":[{"href":"https:\/\/edublog.educastur.es\/ixuxu\/wp-json\/wp\/v2\/posts"}],"about":[{"href":"https:\/\/edublog.educastur.es\/ixuxu\/wp-json\/wp\/v2\/types\/post"}],"author":[{"embeddable":true,"href":"https:\/\/edublog.educastur.es\/ixuxu\/wp-json\/wp\/v2\/users\/117"}],"replies":[{"embeddable":true,"href":"https:\/\/edublog.educastur.es\/ixuxu\/wp-json\/wp\/v2\/comments?post=65514"}],"version-history":[{"count":2,"href":"https:\/\/edublog.educastur.es\/ixuxu\/wp-json\/wp\/v2\/posts\/65514\/revisions"}],"predecessor-version":[{"id":65516,"href":"https:\/\/edublog.educastur.es\/ixuxu\/wp-json\/wp\/v2\/posts\/65514\/revisions\/65516"}],"wp:attachment":[{"href":"https:\/\/edublog.educastur.es\/ixuxu\/wp-json\/wp\/v2\/media?parent=65514"}],"wp:term":[{"taxonomy":"category","embeddable":true,"href":"https:\/\/edublog.educastur.es\/ixuxu\/wp-json\/wp\/v2\/categories?post=65514"},{"taxonomy":"post_tag","embeddable":true,"href":"https:\/\/edublog.educastur.es\/ixuxu\/wp-json\/wp\/v2\/tags?post=65514"}],"curies":[{"name":"wp","href":"https:\/\/api.w.org\/{rel}","templated":true}]}}