{"id":65517,"date":"2026-01-08T12:05:57","date_gmt":"2026-01-08T10:05:57","guid":{"rendered":"https:\/\/edublog.educastur.es\/ixuxu\/?p=65517"},"modified":"2026-01-10T18:41:41","modified_gmt":"2026-01-10T16:41:41","slug":"por-que-groenlandia-ye-tan-acobiciada","status":"publish","type":"post","link":"https:\/\/edublog.educastur.es\/ixuxu\/2026\/01\/por-que-groenlandia-ye-tan-acobiciada\/","title":{"rendered":"Donald Trump quier quedase con Groenlandia"},"content":{"rendered":"<div class=\"html-div xdj266r x14z9mp xat24cr x1lziwak xexx8yu x1a8lsjc xf7dkkf xv54qhq\">\n<div class=\"html-div xdj266r x14z9mp xat24cr x1lziwak xexx8yu xyri2b x18d9i69 x1c1uobl x1jx94hy x78zum5 x1q0g3np\">\n<div class=\"x78zum5 xdt5ytf xz62fqu x16ldp7u\">\n<div class=\"xu06os2 x1ok221b\">\n<div class=\"html-div xdj266r x14z9mp xat24cr x1lziwak xexx8yu xyri2b x18d9i69 x1c1uobl\" data-ad-rendering-role=\"profile_name\">\n<p style=\"text-align: center\"><a href=\"https:\/\/okdiario.com\/img\/2026\/01\/07\/donald-trump-groenlandia.jpg\"><img loading=\"lazy\" decoding=\"async\" class=\"aligncenter size-large\" src=\"https:\/\/okdiario.com\/img\/2026\/01\/07\/donald-trump-groenlandia.jpg\" width=\"1800\" height=\"1013\" \/><\/a><\/p>\n<p>Donald Trump <strong>quier quedase con Groenlandia, esto ye, col so allugamientu estrat\u00e9xicu y los sos xacimientos de minerales y tierres rares.<\/strong> Mientres el so primer mandatu presidencial, y\u00e1 propunxo mercar la isla, que pertenez a Dinamarca en r\u00e9xime d&#8217;autonom\u00eda, pero naide tom\u00f3 la idea bien en serio. Trump recuper\u00f3 la so demanda. <em>\u00abLa propied\u00e1 y el control de Groenlandia son una necesid\u00e1 absoluta\u00bb<\/em>, dixo. Nun discursu, el 5 de marzu, a\u00f1edi\u00f3: <em>\u00abFadremos con ella d&#8217;una manera o otru\u00bb<\/em>. Y agora, casi un a\u00f1u dempu\u00e9s, pa plasmu de toa Europa.<em> \u00abPrecisamos a Groenlandia dende&#8217;l puntu de vista de la segurid\u00e1 nacional, y Dinamarca nun va poder faelo [&#8230;] Ocuparemos de Groenlandia dientro d&#8217;unos dos meses&#8230;<\/em><\/p>\n<p><!--more--><\/p>\n<p>El preciu de venta tendr\u00eda de tener en cuenta&#8217;l valor de Groenlandia para la econom\u00eda estadounidense y mundial.<strong> Enval\u00f3rase que la isla alluga recursos minerales por valor de 4,4 billones de d\u00f3lares<\/strong>: unos 1,7 billones en petr\u00f3leu y gas \u2014que la so estracci\u00f3n ta g\u00fcei prohibida por razones medioambientales\u2014 y 2,7 billones n&#8217;otros minerales, ente ellos les valios\u00edsimas tierres rares.<\/p>\n<p style=\"text-align: center\"><a href=\"https:\/\/s03.s3c.es\/imag\/_v0\/1200x675\/9\/d\/1\/Fotonoticia.jpg\"><img loading=\"lazy\" decoding=\"async\" class=\"aligncenter size-large\" src=\"https:\/\/s03.s3c.es\/imag\/_v0\/1200x675\/9\/d\/1\/Fotonoticia.jpg\" width=\"1200\" height=\"675\" \/><\/a><\/p>\n<p>Am\u00e1s de poles sos materies primes, Groenlandia ye estrat\u00e9gicamente importante para EEXX dende fai enforma tiempu. <strong>Dende esta isla, Washington puede xixilar y prevenir cualquier misil que venga de Rusia, China o inclusive Corea del Norte. <\/strong><a href=\"https:\/\/www.larazon.es\/internacional\/europa\/que-groenlandia-union-europea-pesar-pertenecer-dinamarca_20260108695f62e122f0db7daf088f41.html\">La Raz\u00f3n<\/a><\/p>\n<p><strong><span style=\"color: #008080\">\u00bfPor qu\u00e9 Groenlandia nun ye de la Uni\u00f3n Europea a pesar de pertenecer a Dinamarca?\u00a0<\/span><\/strong>Apesar de la so inclusi\u00f3n na naci\u00f3n danesa, nun se considera integr\u00e1u na Uni\u00f3n Europea. La UE ye&#8217;l principal sociu comercial de la rex\u00f3n. Groenlandia, un territoriu que tien el so propiu idioma y bandera, la so propia autonom\u00eda, la mayor isla del planeta <strong>ye considerada una naci\u00f3n col so propiu gobiernu.<\/strong> Pero a pesar d&#8217;ello, ye constituyente del Reinu de Dinamarca.<\/p>\n<p style=\"text-align: center\"><a href=\"https:\/\/www.nortes.me\/wp-content\/uploads\/2025\/01\/image-104.png\"><img loading=\"lazy\" decoding=\"async\" class=\"aligncenter size-large\" src=\"https:\/\/www.nortes.me\/wp-content\/uploads\/2025\/01\/image-104.png\" width=\"960\" height=\"600\" \/><\/a><\/p>\n<p>\u00a0A lo llargo de la so hestoria, Groenlandia foi gobernada como una colonia y permaneci\u00f3 aisllada y apenes desenvuelta, hasta qu&#8217;a <strong>mediaos del sieglu XX, incorporase al Reinu de Dinamarca.\u00a0<\/strong>Los groenlandeses pueden ser consideraos como daneses, anque en 1979 la isla adquiri\u00f3&#8217;l estatus de territoriu aut\u00f3nomu tres un refer\u00e9ndum nel que se decidi\u00f3 que&#8217;l gobiernu local s&#8217;encargara de la mayor\u00eda de los asuntos, ente qu&#8217;otru refer\u00e9ndum en 2009 aprob\u00f3 una llei p&#8217;ampliar les competencies del gobiernu local, abriendo la puerta a la so independencia total.<\/p>\n<p style=\"text-align: center\"><a href=\"https:\/\/iphonegr.reforma.com\/libre\/online07\/imagetransformer2\/ImageTransformer.aspx?img=https:\/\/img.gruporeforma.com\/imagenes\/960x640\/7\/102\/6101846.jpg&amp;imagencompleta=1\"><img loading=\"lazy\" decoding=\"async\" class=\"aligncenter size-large\" src=\"https:\/\/iphonegr.reforma.com\/libre\/online07\/imagetransformer2\/ImageTransformer.aspx?img=https:\/\/img.gruporeforma.com\/imagenes\/960x640\/7\/102\/6101846.jpg&amp;imagencompleta=1\" width=\"960\" height=\"640\" \/><\/a><\/p>\n<p>De la mesma, puede llanzar misiles y barcos escontra Asia o Europa m\u00e1s f\u00e1cilmente.<\/p>\n<p style=\"text-align: center\">\n<!-- iframe plugin v.6.0 wordpress.org\/plugins\/iframe\/ -->\n<iframe loading=\"lazy\" width=\"100%\" height=\"444\" src=\"https:\/\/www.youtube.com\/embed\/lAt9Wdm58Ek\" title=\"\u00bfPor qu\u00e9 Trump quiere Groenlandia? El territorio congelado que vale m\u00e1s de lo que parece\" frameborder=\"0\" allow=\"accelerometer; autoplay; clipboard-write; encrypted-media; gyroscope; picture-in-picture; web-share\" referrerpolicy=\"strict-origin-when-cross-origin\" 0=\"allowfullscreen\" 1=\"\/iframe\" scrolling=\"yes\" class=\"iframe-class\"><\/iframe>\n<\/p>\n<p>Groenlandia tami\u00e9n protexe parte de lo que se conoz como la Fienda GIUK (Groenlandia, Islandia, Reinu Un\u00edu, poles sos sigles n&#8217;ingl\u00e9s). Nesta parte del \u00e1rticu, l&#8217;Alianza Atl\u00e1ntica monitorea los movimientos navales rusos nel Atl\u00e1nticu Norte.<\/p>\n<p style=\"text-align: center\"><em><span class=\"x193iq5w xeuugli x13faqbe x1vvkbs xt0psk2 x1i0vuye xvs91rp xo1l8bm x5n08af x10wh9bi xpm28yp x8viiok x1o7cslx x126k92a\"><span class=\"html-span xexx8yu x4uap5 x18d9i69 xkhd6sd x1hl2dhg x16tdsg8 x1vvkbs x3nfvp2 x1j61x8r x1fcty0u xdj266r xat24cr xgzva0m xhhsvwb xxymvpz xlup9mm x1kky2od\">\n<!-- iframe plugin v.6.0 wordpress.org\/plugins\/iframe\/ -->\n<iframe loading=\"lazy\" src=\"https:\/\/www.instagram.com\/p\/DTNrXK4D3Zz\/embed\" width=\"500\" height=\"670\" 0=\"\/iframe\" scrolling=\"yes\" class=\"iframe-class\" frameborder=\"0\"><\/iframe>\n<\/span><\/span><\/em><\/p>\n<p>Groenlandia ye una enorme isla y un territoriu dan\u00e9s aut\u00f3nomu ente los oc\u00e9anos Atl\u00e1nticu Norte y \u00c1rticu. <strong>Gran parte de la so superficie territorial ta cubierta de xelu.<\/strong> La mayor parte de la so pequena poblaci\u00f3n vive na mari\u00f1a ensin xelu arrodiada de fiordos, particularmente nel suroeste.<\/p>\n<p style=\"text-align: center\"><a href=\"https:\/\/www.eldebate.com\/files\/article_social\/files\/fp\/uploads\/2026\/01\/07\/695ea43657262.r_d.539-650-0.jpeg\"><img loading=\"lazy\" decoding=\"async\" class=\"aligncenter size-large\" src=\"https:\/\/www.eldebate.com\/files\/article_social\/files\/fp\/uploads\/2026\/01\/07\/695ea43657262.r_d.539-650-0.jpeg\" width=\"1200\" height=\"630\" \/><\/a><\/p>\n<p>La so posici\u00f3n nel norte, en gran parte por sobro&#8217;l c\u00edrculu polar \u00e1rticu, xenera fen\u00f3menos naturales como&#8217;l sol de medianueche pel branu y l&#8217;aurora boreal pel hibiernu.<\/p>\n<p style=\"text-align: center\"><a href=\"https:\/\/elordenmundial.com\/wp-content\/uploads\/2020\/06\/mapa-politico-america-norte.png\"><img loading=\"lazy\" decoding=\"async\" class=\"aligncenter size-large\" src=\"https:\/\/elordenmundial.com\/wp-content\/uploads\/2020\/06\/mapa-politico-america-norte.png\" width=\"1300\" height=\"920\" \/><\/a><\/p>\n<p>Am\u00e1s de los enormes dep\u00f3sitos d&#8217;hidrocarburos nel \u00c1rticu, que s&#8217;envalora contienen el 13% del petr\u00f3leu y el 30% del gas natural ent\u00e1 non afayaos a nivel mundial, <strong>en Groenlandia hai otros recursos fundamentales para&#8217;l sector tecnol\u00f3xicu: les tierres rares.<\/strong> Este ye unu de los motivos polos que Groenlandia ye vital para la estratexa econ\u00f3mica estadounidense, pos angua\u00f1o China ye&#8217;l mayor productor y esportador d&#8217;estos materiales, esenciales para producir bater\u00edes y otros dispositivos electr\u00f3nicos.<\/p>\n<p style=\"text-align: center\"><a href=\"https:\/\/elordenmundial.com\/wp-content\/uploads\/2023\/05\/mapa-tierras-raras-europa.jpg\"><img loading=\"lazy\" decoding=\"async\" class=\"aligncenter size-large\" src=\"https:\/\/elordenmundial.com\/wp-content\/uploads\/2023\/05\/mapa-tierras-raras-europa.jpg\" width=\"1301\" height=\"1193\" \/><\/a><\/p>\n<p>Asina mesmu, anque <strong>EE.XX<\/strong>. cunta con miner\u00eda nacional de tierres rares, esta ye minoritaria, y <strong>sigue importando de China m\u00e1s del 80% de les mesmes<\/strong>.<\/p>\n<p style=\"text-align: center\"><a href=\"https:\/\/e01-elmundo.uecdn.es\/elmundo\/2026\/graficos\/ene\/s2\/GROENLANDIA_D2.jpg\"><img loading=\"lazy\" decoding=\"async\" class=\"aligncenter size-large\" src=\"https:\/\/e01-elmundo.uecdn.es\/elmundo\/2026\/graficos\/ene\/s2\/GROENLANDIA_D2.jpg\" width=\"1846\" height=\"1872\" \/><\/a><\/p>\n<p>El xigante asi\u00e1ticu&#8217;l l\u00edder indiscutible del proces\u00e1u d&#8217;estos materiales, lo que torga al pa\u00eds norteamericanu superar la dependencia del so competidor directu.<\/p>\n<p style=\"text-align: center\"><a href=\"https:\/\/elordenmundial.com\/wp-content\/uploads\/2025\/01\/disputas-territoriales-artico.png\"><img loading=\"lazy\" decoding=\"async\" class=\"aligncenter size-large\" src=\"https:\/\/elordenmundial.com\/wp-content\/uploads\/2025\/01\/disputas-territoriales-artico.png\" width=\"1299\" height=\"918\" \/><\/a><\/p>\n<p>Los cient\u00edficos envaloren que, en tolos escenarios d&#8217;emisiones posibles, <strong>l&#8217;\u00c1rticu va tar llibre de xelu per primer vegada tol branu antes de 2050. <\/strong><\/p>\n<p style=\"text-align: center\"><a href=\"https:\/\/elordenmundial.com\/wp-content\/uploads\/2019\/11\/Europa-Am%C3%A9rica-del-Norte-%C3%81rtico-Estados-Unidos-Rusia-Geopol%C3%ADtica-Recursos-Seguridad-Comercio-Rutas-comerciales-y-recursos-estrat%C3%A9gicos-en-el-%C3%81rtico.png\"><img loading=\"lazy\" decoding=\"async\" class=\"aligncenter size-large\" src=\"https:\/\/elordenmundial.com\/wp-content\/uploads\/2019\/11\/Europa-Am%C3%A9rica-del-Norte-%C3%81rtico-Estados-Unidos-Rusia-Geopol%C3%ADtica-Recursos-Seguridad-Comercio-Rutas-comerciales-y-recursos-estrat%C3%A9gicos-en-el-%C3%81rtico.png\" width=\"2000\" height=\"1413\" \/><\/a><\/p>\n<p style=\"text-align: center\"><a href=\"https:\/\/encrypted-tbn0.gstatic.com\/licensed-image?q=tbn:ANd9GcS5u4sZuYAxEGhYXhZC9qnf7yBSMKjD-MXp5sFnyteAnOlahFLKWW-sVaCxBi0TRrN-JSeERzEDSICQZuJcfLZXVXjW&amp;s=19\"><img loading=\"lazy\" decoding=\"async\" class=\"aligncenter size-large\" src=\"https:\/\/encrypted-tbn0.gstatic.com\/licensed-image?q=tbn:ANd9GcS5u4sZuYAxEGhYXhZC9qnf7yBSMKjD-MXp5sFnyteAnOlahFLKWW-sVaCxBi0TRrN-JSeERzEDSICQZuJcfLZXVXjW&amp;s=19\" width=\"675\" height=\"390\" \/><\/a><\/p>\n<p>&nbsp;<\/p>\n<p>Groenlandia (en groenland\u00e9s, Kalaallit Nunaat,\u200b &#8216;tierra de los kalaallits&#8217;; en dan\u00e9s, Gr\u00f8nland,&#8217;tierra verde&#8217;) <strong>ye una isla na zona nororiental d&#8217;Am\u00e9rica del Norte, ente l&#8217;oc\u00e9anu Atl\u00e1nticu y l&#8217;oc\u00e9anu Glacial \u00c1rticu<\/strong>, pol\u00edticamente constituyida como <strong>una naci\u00f3n constituyente del Reinu de Dinamarca<\/strong>.<\/p>\n<p style=\"text-align: center\"><a href=\"https:\/\/upload.wikimedia.org\/wikipedia\/commons\/thumb\/5\/5d\/Greenland_%28orthographic_projection%29.svg\/960px-Greenland_%28orthographic_projection%29.svg.png\"><img loading=\"lazy\" decoding=\"async\" class=\"aligncenter \" src=\"https:\/\/upload.wikimedia.org\/wikipedia\/commons\/thumb\/5\/5d\/Greenland_%28orthographic_projection%29.svg\/960px-Greenland_%28orthographic_projection%29.svg.png\" width=\"692\" height=\"692\" \/><\/a><\/p>\n<p>Groenlandia tuvo acomu\u00f1ada no pol\u00edtico y lo cultural con Europa Septentrional (en concretu con Escandinavia) mientres m\u00e1s d&#8217;un mileniu. Con un total de 2 166 086 km\u00b2<strong> (81% cubiertos de xelu)<\/strong>, consid\u00e9rase<strong> la isla m\u00e1s grande del mundu<\/strong>, tomando la definici\u00f3n d&#8217;Australia como masa continental. <strong>La so capital y ciud\u00e1 m\u00e1s poblada ye Nuuk.<\/strong><\/p>\n<p style=\"text-align: center\"><a href=\"https:\/\/upload.wikimedia.org\/wikipedia\/commons\/thumb\/9\/98\/Greenland_ice_sheet_AMSL_thickness_map-en.png\/500px-Greenland_ice_sheet_AMSL_thickness_map-en.png\"><img loading=\"lazy\" decoding=\"async\" class=\"aligncenter size-large\" src=\"https:\/\/upload.wikimedia.org\/wikipedia\/commons\/thumb\/9\/98\/Greenland_ice_sheet_AMSL_thickness_map-en.png\/500px-Greenland_ice_sheet_AMSL_thickness_map-en.png\" width=\"500\" height=\"853\" \/><\/a><\/p>\n<p>Con qu\u00e9 fuerces cunten <strong>Groenlandia y Dinamarca<\/strong> para responder a una agresi\u00f3n militar d&#8217;EEXX.\u00a0<strong>Groenlandia nun tien ex\u00e9rcitu.<\/strong> Del so defensa oc\u00fapase Dinamarca, que ye la 45\u00aa fuerza militar del mundu.<\/p>\n<\/div>\n<\/div>\n<p style=\"text-align: center\"><a href=\"https:\/\/imagenes.20minutos.es\/files\/image_1280_720\/uploads\/imagenes\/2026\/01\/07\/695eacf8b3fe66-55393004.jpeg\"><img loading=\"lazy\" decoding=\"async\" class=\"aligncenter size-large\" src=\"https:\/\/imagenes.20minutos.es\/files\/image_1280_720\/uploads\/imagenes\/2026\/01\/07\/695eacf8b3fe66-55393004.jpeg\" width=\"1280\" height=\"720\" \/><\/a><\/p>\n<div class=\"xu06os2 x1ok221b\">\n<div class=\"html-div xdj266r x14z9mp xat24cr x1lziwak xexx8yu xyri2b x18d9i69 x1c1uobl\" data-ad-rendering-role=\"profile_name\">\n<ul>\n<li class=\"html-h3 x14z9mp xat24cr x1lziwak xexx8yu xyri2b x18d9i69 x1c1uobl x1vvkbs x1heor9g x1qlqyl8 x1pd3egz x1a2a7pz x1gslohp x1yc453h\"><span class=\"x1lliihq x6ikm8r x10wlt62 x1n2onr6\"><span class=\"xt0psk2\"><a class=\"x1i10hfl xjbqb8w x1ejq31n x18oe1m7 x1sy0etr xstzfhl x972fbf x10w94by x1qhh985 x14e42zd x9f619 x1ypdohk xt0psk2 x3ct3a4 xdj266r x14z9mp xat24cr x1lziwak xexx8yu xyri2b x18d9i69 x1c1uobl x16tdsg8 x1hl2dhg xggy1nq x1a2a7pz xkrqix3 x1sur9pj xzsf02u x1s688f\" role=\"link\" href=\"https:\/\/www.facebook.com\/profile.php?id=61550633357315&amp;__cft__[0]=AZbwSi5f0CV69IaXeZIPunTNyZb23piycFTT17LLDluBQSOCOZhEp9LVM_SReT1tFm7uCY6N7Un3lzj6jnvQuOlzm2dLzmN_JfkTtUnzw9hK_h_-SYo2BmTOEcNSh308OZSaU6CLqP9cJ6Q87jnhQWkNuSfHol6QsiuFFYUzPkd1kq5-fTyf8GlssmHXZB3uOIeUR60AaC8SkIRv4mVAh7TgC2nnDcDYniecSmQzHY5dFw&amp;__tn__=-UC%2CP-y-R\"><b class=\"html-b xdj266r x14z9mp xat24cr x1lziwak xexx8yu xyri2b x18d9i69 x1c1uobl x1hl2dhg x16tdsg8 x1vvkbs x1s688f\"><span class=\"html-span xdj266r x14z9mp xat24cr x1lziwak xexx8yu xyri2b x18d9i69 x1c1uobl x1hl2dhg x16tdsg8 x1vvkbs\">Estad\u00edsticas, gr\u00e1ficos y mapas bizarros<\/span><\/b><\/a><\/span><\/span><span style=\"font-size: 16px\">\/ Cr\u00e9ditos: The Wall Street Journal<\/span><\/li>\n<\/ul>\n<p>Por si daqui\u00e9n t\u00e1base preguntando por qu\u00e9 Groenlandia ye tan acobiciada&#8230; am\u00e1s de la so importancia en futures rutes mar\u00edtimes pol \u00e1rticu&#8230;<\/p>\n<p style=\"text-align: center\">\n<!-- iframe plugin v.6.0 wordpress.org\/plugins\/iframe\/ -->\n<iframe loading=\"lazy\" src=\"https:\/\/www.facebook.com\/plugins\/post.php?href=https%3A%2F%2Fwww.facebook.com%2Fpermalink.php%3Fstory_fbid%3Dpfbid0sR2s8iCk9bUmcLLaNsqen2SwFsj9HDNLbuWfr8FTfYfm1nVyL2iDkM3pQWByhp6el%26id%3D61550633357315&#038;show_text=false&#038;width=500\" width=\"500\" height=\"498\" style=\"border:none;overflow:hidden\" scrolling=\"no\" frameborder=\"0\" allowfullscreen=\"true\" allow=\"autoplay; clipboard-write; encrypted-media; picture-in-picture; web-share\" 0=\"\/iframe\" class=\"iframe-class\"><\/iframe>\n<\/p>\n<p style=\"text-align: center\"><a href=\"https:\/\/upload.wikimedia.org\/wikipedia\/commons\/thumb\/d\/d6\/Greenland_13%2C_Nuuk%2C_town_centre_with_Blok_P.JPG\/1280px-Greenland_13%2C_Nuuk%2C_town_centre_with_Blok_P.JPG\"><img loading=\"lazy\" decoding=\"async\" class=\"aligncenter size-large\" src=\"https:\/\/upload.wikimedia.org\/wikipedia\/commons\/thumb\/d\/d6\/Greenland_13%2C_Nuuk%2C_town_centre_with_Blok_P.JPG\/1280px-Greenland_13%2C_Nuuk%2C_town_centre_with_Blok_P.JPG\" width=\"1280\" height=\"850\" \/><\/a><\/p>\n<\/div>\n<\/div>\n<\/div>\n<\/div>\n<\/div>\n<p>&nbsp;<\/p>\n<p style=\"text-align: center\"><a href=\"https:\/\/upload.wikimedia.org\/wikipedia\/commons\/thumb\/d\/d9\/Billeder_fra_Gr%C3%B8nland_11441.tif\/lossy-page1-1280px-Billeder_fra_Gr%C3%B8nland_11441.tif.jpg\"><img loading=\"lazy\" decoding=\"async\" class=\"aligncenter size-large\" src=\"https:\/\/upload.wikimedia.org\/wikipedia\/commons\/thumb\/d\/d9\/Billeder_fra_Gr%C3%B8nland_11441.tif\/lossy-page1-1280px-Billeder_fra_Gr%C3%B8nland_11441.tif.jpg\" width=\"1280\" height=\"988\" \/><\/a><\/p>\n<p>&nbsp;<\/p>\n","protected":false},"excerpt":{"rendered":"<p>Donald Trump quier quedase con Groenlandia, esto ye, col so allugamientu estrat\u00e9xicu y los sos xacimientos de minerales y tierres rares. Mientres el so primer mandatu presidencial, y\u00e1 propunxo mercar la isla, que pertenez a Dinamarca en r\u00e9xime d&#8217;autonom\u00eda, pero naide tom\u00f3 la idea bien en serio. Trump recuper\u00f3 la so demanda. \u00abLa propied\u00e1 y [&hellip;]<\/p>\n","protected":false},"author":117,"featured_media":0,"comment_status":"closed","ping_status":"closed","sticky":false,"template":"","format":"standard","meta":{"footnotes":""},"categories":[496],"tags":[],"class_list":["post-65517","post","type-post","status-publish","format-standard","hentry","category-internacional"],"_links":{"self":[{"href":"https:\/\/edublog.educastur.es\/ixuxu\/wp-json\/wp\/v2\/posts\/65517","targetHints":{"allow":["GET"]}}],"collection":[{"href":"https:\/\/edublog.educastur.es\/ixuxu\/wp-json\/wp\/v2\/posts"}],"about":[{"href":"https:\/\/edublog.educastur.es\/ixuxu\/wp-json\/wp\/v2\/types\/post"}],"author":[{"embeddable":true,"href":"https:\/\/edublog.educastur.es\/ixuxu\/wp-json\/wp\/v2\/users\/117"}],"replies":[{"embeddable":true,"href":"https:\/\/edublog.educastur.es\/ixuxu\/wp-json\/wp\/v2\/comments?post=65517"}],"version-history":[{"count":19,"href":"https:\/\/edublog.educastur.es\/ixuxu\/wp-json\/wp\/v2\/posts\/65517\/revisions"}],"predecessor-version":[{"id":65665,"href":"https:\/\/edublog.educastur.es\/ixuxu\/wp-json\/wp\/v2\/posts\/65517\/revisions\/65665"}],"wp:attachment":[{"href":"https:\/\/edublog.educastur.es\/ixuxu\/wp-json\/wp\/v2\/media?parent=65517"}],"wp:term":[{"taxonomy":"category","embeddable":true,"href":"https:\/\/edublog.educastur.es\/ixuxu\/wp-json\/wp\/v2\/categories?post=65517"},{"taxonomy":"post_tag","embeddable":true,"href":"https:\/\/edublog.educastur.es\/ixuxu\/wp-json\/wp\/v2\/tags?post=65517"}],"curies":[{"name":"wp","href":"https:\/\/api.w.org\/{rel}","templated":true}]}}