{"id":65551,"date":"2026-01-08T13:53:46","date_gmt":"2026-01-08T11:53:46","guid":{"rendered":"https:\/\/edublog.educastur.es\/ixuxu\/?p=65551"},"modified":"2026-01-10T22:06:53","modified_gmt":"2026-01-10T20:06:53","slug":"los-sidros-en-valdesoto-esti-domingu-13-de-xineru","status":"publish","type":"post","link":"https:\/\/edublog.educastur.es\/ixuxu\/2026\/01\/los-sidros-en-valdesoto-esti-domingu-13-de-xineru\/","title":{"rendered":"Los Sidros, en Valdesoto, el domingu 13 de xineru"},"content":{"rendered":"<p style=\"text-align: center\"><em><span class=\"x193iq5w xeuugli x13faqbe x1vvkbs xt0psk2 x1i0vuye xvs91rp xo1l8bm x5n08af x10wh9bi xpm28yp x8viiok x1o7cslx x126k92a\"><span class=\"html-span xexx8yu x4uap5 x18d9i69 xkhd6sd x1hl2dhg x16tdsg8 x1vvkbs x3nfvp2 x1j61x8r x1fcty0u xdj266r xat24cr xgzva0m xhhsvwb xxymvpz xlup9mm x1kky2od\">\n<!-- iframe plugin v.6.0 wordpress.org\/plugins\/iframe\/ -->\n<iframe loading=\"lazy\" src=\"https:\/\/www.instagram.com\/p\/DTOAZUzClvw\/embed\" width=\"500\" height=\"670\" 0=\"\/iframe\" scrolling=\"yes\" class=\"iframe-class\" frameborder=\"0\"><\/iframe>\n<\/span><\/span><\/em><\/p>\n<p>Hai tradiciones que nun perdieron la so voz. En Valdesoto, \ud835\udc25\ud835\udc28\ud835\udc2c \ud835\udc12\ud835\udc22\ud835\udc1d\ud835\udc2b\ud835\udc28\ud835\udc2c \u2014herederos de los antiguos Guirrios\u2014 vuelven enllenar les cais de son\u00edu, m\u00e1zcares y simbolismu, anunciando que l&#8217;iviernu tami\u00e9n ye tiempu de celebraci\u00f3n. <a href=\"https:\/\/www.rtpa.es\/noticias-sociedad-ast\/2026-01-10\/Valdesoto-ensaya'l-dia-grande-Los-Sidros-col-recuerdu-del-Premiu-Exemplar_111768053085.html\"><strong>TPA<\/strong><\/a><\/p>\n<p><!--more--><\/p>\n<p>\ud835\udc0b\ud835\udc1e\ud835\udc2c \ud835\udc02\ud835\udc28\ud835\udc26\ud835\udc1e\ud835\udc1d\ud835\udc22\ud835\udc1e\ud835\udc2c, col so humor sogono y mirada cr\u00edtica, completen una representaci\u00f3n que conecta pas\u00e1u y presente, comunid\u00e1 y memoria. Asturies tami\u00e9n se cunta asina: dende lo popular, lo aut\u00e9ntico, lo que sigue llatiendo.<\/p>\n<p><strong><span style=\"color: #008080\">Angua\u00f1o, la tradici\u00f3n toma forma en tr\u00e9s pieces:\u00a0<\/span><\/strong><\/p>\n<ul>\n<li><span style=\"color: #008080\">Escolinos \u00b7 \u00a1Por fin! La comedia ye real<\/span><\/li>\n<li><span style=\"color: #008080\">Moced\u00e1 \u00b7 Exemplares hai munchos<\/span><\/li>\n<li><span style=\"color: #008080\">Adultos \u00b7 Faciendo lo que mos da la real\u2026 comedia<\/span><\/li>\n<li>Los Sidros antiguos Guirrios\u2014 percuerren les cais afatiaos como oveyes, con m\u00e1zcares coloraes y llueques, remembrando les ancestrales \ud835\uddfa\ud835\uddee\ud835\ude07\ud835\uddf0\ud835\uddee\ud835\uddff\ud835\uddee\ud835\uddf2\ud835\ude00 \ud835\uddf1\u2019\ud835\uddf6\ud835\ude03\ud835\uddf6\ud835\uddf2\ud835\uddff\ud835\uddfb\ud835\ude02.<\/li>\n<li>La xornada completar con \ud835\udddf\ud835\uddee \ud835\uddd6\ud835\uddfc\ud835\uddfa\ud835\uddf2\ud835\uddf1\ud835\uddf6\ud835\uddee, una representaci\u00f3n de teatru popular de calter \ud835\uddf0\ud835\uddff\u00ed\ud835\ude01\ud835\uddf6\ud835\uddf0\ud835\uddfc, \ud835\ude00\ud835\uddee\ud835\ude01\u00ed\ud835\uddff\ud835\uddf6\ud835\uddf0\ud835\uddfc \ud835\ude06 \ud835\uddef\ud835\ude02\ud835\uddff\ud835\uddf9\u00f3\ud835\uddfb, que pon el focu n&#8217;acontecimientos y personaxes locales con muncho humor.<\/li>\n<\/ul>\n<p style=\"text-align: center\">\n<!-- iframe plugin v.6.0 wordpress.org\/plugins\/iframe\/ -->\n<iframe loading=\"lazy\" src=\"https:\/\/www.facebook.com\/plugins\/post.php?href=https%3A%2F%2Fwww.facebook.com%2Fphoto.php%3Ffbid%3D1334374162065233%26set%3Da.669565621879427%26type%3D3&#038;show_text=false&#038;width=500\" width=\"500\" height=\"722\" style=\"border:none;overflow:hidden\" scrolling=\"no\" frameborder=\"0\" allowfullscreen=\"true\" allow=\"autoplay; clipboard-write; encrypted-media; picture-in-picture; web-share\" 0=\"\/iframe\" class=\"iframe-class\"><\/iframe>\n<\/p>\n<p>\u00bfQuies esfrutar con n\u00f3s d&#8217;un aut\u00e9nticu Domingu de Sidros y Comedies? \u2728<\/p>\n<p style=\"text-align: center\"><em><span class=\"x193iq5w xeuugli x13faqbe x1vvkbs xt0psk2 x1i0vuye xvs91rp xo1l8bm x5n08af x10wh9bi xpm28yp x8viiok x1o7cslx x126k92a\"><span class=\"html-span xexx8yu x4uap5 x18d9i69 xkhd6sd x1hl2dhg x16tdsg8 x1vvkbs x3nfvp2 x1j61x8r x1fcty0u xdj266r xat24cr xgzva0m xhhsvwb xxymvpz xlup9mm x1kky2od\">\n<!-- iframe plugin v.6.0 wordpress.org\/plugins\/iframe\/ -->\n<iframe loading=\"lazy\" src=\"https:\/\/www.instagram.com\/p\/DTQkiZUCFGO\/embed\" width=\"500\" height=\"670\" 0=\"\/iframe\" scrolling=\"yes\" class=\"iframe-class\" frameborder=\"0\"><\/iframe>\n<\/span><\/span><\/em><\/p>\n<p>Esti domingu 11 esper\u00e1moste en Valdesoto pa vivir una de les nuestres tradiciones m\u00e1s divert\u00edes. Pa que lo pases en grande, equ\u00ed vos dexamos dalgunes encomendaciones \ud83d\udc46\ud83c\udffdEsfruta del d\u00eda con n\u00f3s <a class=\"x1i10hfl xjbqb8w x1ejq31n x18oe1m7 x1sy0etr xstzfhl x972fbf x10w94by x1qhh985 x14e42zd x9f619 x1ypdohk xt0psk2 x3ct3a4 xdj266r x14z9mp xat24cr x1lziwak xexx8yu xyri2b x18d9i69 x1c1uobl x16tdsg8 x1hl2dhg xggy1nq x1a2a7pz _aa9_ _a6hd\" role=\"link\" href=\"https:\/\/www.instagram.com\/explore\/tags\/vivevaldesoto\/\">#viveValdesoto<\/a><\/p>\n<div class=\"padding-t-35\">\n<h1 class=\"font-size-xxl margin-b-5 font-weight-b color-b-050 letter-spacing--1 fuente-corporativa\" style=\"text-align: center\"><span style=\"color: #008080;font-size: 24px\">Valdesoto ensaya&#8217;l d\u00eda grande Los Sidros<br \/>\ncol recuerdu del Premiu Exemplar<\/span><\/h1>\n<\/div>\n<div id=\"multimedia\" class=\"capa_imagen_player img-det-not\">\n<div id=\"mediaplayer\">\n<div id=\"video-a-reproducir1492473238\" class=\"video-js vjs-default-skin vjs-16-9 vjs-big-play-centered vjs-paused vjs-fluid video-a-reproducir1492473238-dimensions vjs-controls-enabled vjs-workinghover vjs-v8 vjs-user-active vjs-layout-medium vjs-hls-quality-selector\" lang=\"es\" role=\"region\" aria-label=\"Reproductor de Video\">\n<div class=\"vjs-poster\"><img decoding=\"async\" class=\"aligncenter\" src=\"https:\/\/www.rtpa.es\/fotos\/\/26\/01\/20260110144325_RTPA7567667.webp\" alt=\"\" \/><\/div>\n<div class=\"vjs-text-track-display\" aria-live=\"off\"><\/div>\n<\/div>\n<\/div>\n<\/div>\n<div id=\"multimedia\" class=\"capa_imagen_player img-det-not\">\n<div id=\"mediaplayer\">\n<div id=\"video-a-reproducir1492473238\" class=\"video-js vjs-default-skin vjs-16-9 vjs-big-play-centered vjs-paused vjs-fluid video-a-reproducir1492473238-dimensions vjs-controls-enabled vjs-workinghover vjs-v8 vjs-user-active vjs-layout-medium vjs-hls-quality-selector\" lang=\"es\" role=\"region\" aria-label=\"Reproductor de Video\"><\/div>\n<\/div>\n<\/div>\n<div id=\"noticiacompleta\" class=\"parragraph-padding font-c-conent\">\n<p class=\"font-size-m padding-b-20 font-weight-b margin-t-16\">Gran parte de les comedies xirar\u00e1n al rodiu de la visita de la Casa Real. Los Sidros y Comedies de Valdesoto pulen los sos \u00faltimos detalles de cara a les representaciones de ma\u00f1ana.<\/p>\n<p>Ye la edici\u00f3n m\u00e1s especial de la historia, <strong>la primera dende que la parroquia fuere escoyida Pueblu Exemplar d\u2019Asturies<\/strong> y recibiere la visita de la Casa Real.\u00a0Gran parte de les comedies xirar\u00e1n al rodiu d\u2019esi tema, como vimos nos \u00faltimos ensayos d\u2019esta ma\u00f1ana enantes de la gran cita.<\/p>\n<\/div>\n","protected":false},"excerpt":{"rendered":"<p>Hai tradiciones que nun perdieron la so voz. En Valdesoto, \ud835\udc25\ud835\udc28\ud835\udc2c \ud835\udc12\ud835\udc22\ud835\udc1d\ud835\udc2b\ud835\udc28\ud835\udc2c \u2014herederos de los antiguos Guirrios\u2014 vuelven enllenar les cais de son\u00edu, m\u00e1zcares y simbolismu, anunciando que l&#8217;iviernu tami\u00e9n ye tiempu de celebraci\u00f3n. TPA<\/p>\n","protected":false},"author":117,"featured_media":0,"comment_status":"closed","ping_status":"closed","sticky":false,"template":"","format":"standard","meta":{"footnotes":""},"categories":[103],"tags":[],"class_list":["post-65551","post","type-post","status-publish","format-standard","hentry","category-mazcaraes"],"_links":{"self":[{"href":"https:\/\/edublog.educastur.es\/ixuxu\/wp-json\/wp\/v2\/posts\/65551","targetHints":{"allow":["GET"]}}],"collection":[{"href":"https:\/\/edublog.educastur.es\/ixuxu\/wp-json\/wp\/v2\/posts"}],"about":[{"href":"https:\/\/edublog.educastur.es\/ixuxu\/wp-json\/wp\/v2\/types\/post"}],"author":[{"embeddable":true,"href":"https:\/\/edublog.educastur.es\/ixuxu\/wp-json\/wp\/v2\/users\/117"}],"replies":[{"embeddable":true,"href":"https:\/\/edublog.educastur.es\/ixuxu\/wp-json\/wp\/v2\/comments?post=65551"}],"version-history":[{"count":8,"href":"https:\/\/edublog.educastur.es\/ixuxu\/wp-json\/wp\/v2\/posts\/65551\/revisions"}],"predecessor-version":[{"id":65702,"href":"https:\/\/edublog.educastur.es\/ixuxu\/wp-json\/wp\/v2\/posts\/65551\/revisions\/65702"}],"wp:attachment":[{"href":"https:\/\/edublog.educastur.es\/ixuxu\/wp-json\/wp\/v2\/media?parent=65551"}],"wp:term":[{"taxonomy":"category","embeddable":true,"href":"https:\/\/edublog.educastur.es\/ixuxu\/wp-json\/wp\/v2\/categories?post=65551"},{"taxonomy":"post_tag","embeddable":true,"href":"https:\/\/edublog.educastur.es\/ixuxu\/wp-json\/wp\/v2\/tags?post=65551"}],"curies":[{"name":"wp","href":"https:\/\/api.w.org\/{rel}","templated":true}]}}