{"id":65555,"date":"2026-01-08T08:59:53","date_gmt":"2026-01-08T06:59:53","guid":{"rendered":"https:\/\/edublog.educastur.es\/ixuxu\/?p=65555"},"modified":"2026-01-08T22:00:13","modified_gmt":"2026-01-08T20:00:13","slug":"macizu-central-de-picos-deuropa","status":"publish","type":"post","link":"https:\/\/edublog.educastur.es\/ixuxu\/2026\/01\/macizu-central-de-picos-deuropa\/","title":{"rendered":"Macizu central de Picos d&#8217;Europa."},"content":{"rendered":"<div class=\"html-div xdj266r x14z9mp xat24cr x1lziwak xexx8yu x1a8lsjc xf7dkkf xv54qhq\">\n<div class=\"html-div xdj266r x14z9mp xat24cr x1lziwak xexx8yu xyri2b x18d9i69 x1c1uobl x1jx94hy x78zum5 x1q0g3np\">\n<div class=\"x78zum5 xdt5ytf xz62fqu x16ldp7u\">\n<div class=\"xu06os2 x1ok221b\">\n<div class=\"html-div xdj266r x14z9mp xat24cr x1lziwak xexx8yu xyri2b x18d9i69 x1c1uobl\" data-ad-rendering-role=\"profile_name\">\n<div class=\"x6prxxf xk50ysn xvq8zen\">\n<ul>\n<li dir=\"ltr\"><span class=\"x1lliihq x6ikm8r x10wlt62 x1n2onr6\"><span class=\"html-span xdj266r x14z9mp xat24cr x1lziwak xexx8yu xyri2b x18d9i69 x1c1uobl x1hl2dhg x16tdsg8 x1vvkbs\" dir=\"ltr\"><span class=\"xt0psk2\"><a class=\"x1i10hfl xjbqb8w x1ejq31n x18oe1m7 x1sy0etr xstzfhl x972fbf x10w94by x1qhh985 x14e42zd x9f619 x1ypdohk xt0psk2 x3ct3a4 xdj266r x14z9mp xat24cr x1lziwak xexx8yu xyri2b x18d9i69 x1c1uobl x16tdsg8 x1hl2dhg xggy1nq x1a2a7pz xkrqix3 x1sur9pj xzsf02u x1s688f\" role=\"link\" href=\"https:\/\/www.facebook.com\/groups\/209466972797875\/user\/693717211\/?__cft__[0]=AZZs26mNMciVZV3Z_iGXeka2kCBt59tLl8luJC7zrEoap8Dvgab6G4DhkRVgj_N9N51TUaiCChb-I_arCM2-pxMdD9OuNLT20nHrdBXj5nnJqWCBmHW5HE0ItrxHMQOgE8aqS9X9kZIqm2tqWQyVjGZLHmYdV4D8SmOXLcZfGJD9BBT-x4pN9fu-cQkShjcQGCeofIcCjgwQ0LGiJ_bordIuZYSS16eCMoEVPfbUBU6bBg&amp;__tn__=-UC%2CP-y-R\"><span class=\"html-span xdj266r x14z9mp xat24cr x1lziwak xexx8yu xyri2b x18d9i69 x1c1uobl x1hl2dhg x16tdsg8 x1vvkbs\">Pablo Ruiz Garcia<\/span><\/a><\/span><\/span><span class=\"html-span xdj266r x14z9mp xat24cr x1lziwak xexx8yu xyri2b x18d9i69 x1c1uobl x1hl2dhg x16tdsg8 x1vvkbs\" dir=\"ltr\"><span class=\"xt0psk2\"><span class=\"xjp7ctv\"><a class=\"x1i10hfl xjbqb8w x1ejq31n x18oe1m7 x1sy0etr xstzfhl x972fbf x10w94by x1qhh985 x14e42zd x9f619 x1ypdohk xt0psk2 x3ct3a4 xdj266r x14z9mp xat24cr x1lziwak xexx8yu xyri2b x18d9i69 x1c1uobl x16tdsg8 x1hl2dhg xggy1nq x1a2a7pz xkrqix3 x1sur9pj xzsf02u x1s688f\" role=\"link\" href=\"https:\/\/www.facebook.com\/groups\/209466972797875\/?__cft__[0]=AZZs26mNMciVZV3Z_iGXeka2kCBt59tLl8luJC7zrEoap8Dvgab6G4DhkRVgj_N9N51TUaiCChb-I_arCM2-pxMdD9OuNLT20nHrdBXj5nnJqWCBmHW5HE0ItrxHMQOgE8aqS9X9kZIqm2tqWQyVjGZLHmYdV4D8SmOXLcZfGJD9BBT-x4pN9fu-cQkShjcQGCeofIcCjgwQ0LGiJ_bordIuZYSS16eCMoEVPfbUBU6bBg&amp;__tn__=-UC%2CP-y-R\"><span class=\"html-span xdj266r x14z9mp xat24cr x1lziwak xexx8yu xyri2b x18d9i69 x1c1uobl x1hl2dhg x16tdsg8 x1vvkbs\">PICOS DE EUROPA<\/span><\/a><\/span><\/span><\/span><\/span>\/ <a href=\"https:\/\/scontent-bcn1-1.xx.fbcdn.net\/v\/t39.30808-6\/613163348_10162242846852212_4949984007971173347_n.jpg?_nc_cat=102&amp;ccb=1-7&amp;_nc_sid=aa7b47&amp;_nc_ohc=302c9vnF4LgQ7kNvwHOeecb&amp;_nc_oc=AdloyDUrVqJ0UvCNPryQlmrdxCiIhhIEKYhpazYIya3DUf7JFZTOFOERGNhydMphx2U&amp;_nc_zt=23&amp;_nc_ht=scontent-bcn1-1.xx&amp;_nc_gid=a1mDYAWyyWipa8zR8w4RWA&amp;oh=00_AfoCFhjUGAt6TqJuUzCU2tcFMTYoFGGAiCv1K9wpEr4GEQ&amp;oe=6965F2F1\">semeya<\/a> \/Esfrutando como siempres de momentos \u00fanicos perh\u00ed enriba. Saludos!\u2014 en <span class=\"html-span xdj266r x14z9mp xat24cr x1lziwak xexx8yu xyri2b x18d9i69 x1c1uobl x1hl2dhg x16tdsg8 x1vvkbs\" style=\"text-align: center\"><a class=\"x1i10hfl xjbqb8w x1ejq31n x18oe1m7 x1sy0etr xstzfhl x972fbf x10w94by x1qhh985 x14e42zd x9f619 x1ypdohk xt0psk2 x3ct3a4 xdj266r x14z9mp xat24cr x1lziwak xexx8yu xyri2b x18d9i69 x1c1uobl x16tdsg8 x1hl2dhg xggy1nq x1a2a7pz xkrqix3 x1sur9pj xzsf02u x1s688f\" role=\"link\" href=\"https:\/\/www.facebook.com\/Fuente-D%C3%A9-Picos-de-Europa-161873843914516\/?__cft__[0]=AZZs26mNMciVZV3Z_iGXeka2kCBt59tLl8luJC7zrEoap8Dvgab6G4DhkRVgj_N9N51TUaiCChb-I_arCM2-pxMdD9OuNLT20nHrdBXj5nnJqWCBmHW5HE0ItrxHMQOgE8aqS9X9kZIqm2tqWQyVjGZLHmYdV4D8SmOXLcZfGJD9BBT-x4pN9fu-cQkShjcQGCeofIcCjgwQ0LGiJ_bordIuZYSS16eCMoEVPfbUBU6bBg&amp;__tn__=kK-y-R\"><span class=\"xt0psk2\"><span class=\"xjp7ctv\">Fuente D\u00e9, Picos de Europa<\/span><\/span><\/a><\/span><span style=\"text-align: center\">.<\/span><\/li>\n<\/ul>\n<p style=\"text-align: center\"><a href=\"https:\/\/upload.wikimedia.org\/wikipedia\/commons\/thumb\/d\/d5\/Macizo_central_de_los_Picos_de_Europa_contemplado_desde_el_pico_Curavacas.jpg\/1280px-Macizo_central_de_los_Picos_de_Europa_contemplado_desde_el_pico_Curavacas.jpg\"><img loading=\"lazy\" decoding=\"async\" class=\"aligncenter size-large\" src=\"https:\/\/upload.wikimedia.org\/wikipedia\/commons\/thumb\/d\/d5\/Macizo_central_de_los_Picos_de_Europa_contemplado_desde_el_pico_Curavacas.jpg\/1280px-Macizo_central_de_los_Picos_de_Europa_contemplado_desde_el_pico_Curavacas.jpg\" width=\"1280\" height=\"960\" \/><\/a><\/p>\n<table class=\"fileinfotpl-type-information vevent\" dir=\"ltr\">\n<tbody>\n<tr>\n<td id=\"fileinfotpl_aut\" class=\"fileinfo-paramfield\" lang=\"es\">Autor<\/td>\n<td><a title=\"User:Teofrasto820\" href=\"https:\/\/commons.wikimedia.org\/wiki\/User:Teofrasto820\">Teofrasto820<\/a><\/td>\n<\/tr>\n<\/tbody>\n<\/table>\n<\/div>\n<\/div>\n<\/div>\n<\/div>\n<\/div>\n<\/div>\n<div class=\"html-div xdj266r x14z9mp xat24cr x1lziwak xexx8yu xyri2b x18d9i69 x1c1uobl\" dir=\"auto\">\n<div class=\"html-div xdj266r x14z9mp xat24cr x1lziwak xexx8yu xyri2b x18d9i69 x1c1uobl\" dir=\"auto\">\n<div class=\"html-div xdj266r x14z9mp xat24cr x1lziwak xexx8yu xyri2b x18d9i69 x1c1uobl\" data-ad-rendering-role=\"story_message\">\n<div class=\"x1l90r2v x1iorvi4 x1g0dm76 xpdmqnj\" data-ad-comet-preview=\"message\" data-ad-preview=\"message\">\n<div class=\"x78zum5 xdt5ytf xz62fqu x16ldp7u\">\n<div class=\"xu06os2 x1ok221b\">\n<div class=\"html-div xdj266r x14z9mp xat24cr x1lziwak xexx8yu xyri2b x18d9i69 x1c1uobl\">\n<div dir=\"auto\"><!--more--><\/div>\n<div class=\"x14z9mp xat24cr x1lziwak x1vvkbs xtlvy1s x126k92a\">\n<div dir=\"auto\">El Macizu Central de los Picos d&#8217;Europa, tami\u00e9n llam\u00e1u Macizu de los Urrieles, ye la parte m\u00e1s alta y montascosa del Parque Nacional, un espectacular conxuntu montascosu nel norte d&#8217;Espa\u00f1a (Asturies, Cantabria, Castiella y Lli\u00f3n) onde s&#8217;atopen cumes ic\u00f3nicas como la Naranxo de Bulnes (Picu Urriellu) y el Torrecerredo (el techu del Parque Nacional). Ye un dest\u00edn clave para&#8217;l senderismo y l&#8217;esguilada, ufiertando desniveles impresionantes y una guapura natural estelante, delimitado pelos r\u00edos Cares y Duje.<\/div>\n<\/div>\n<\/div>\n<\/div>\n<\/div>\n<\/div>\n<\/div>\n<\/div>\n<\/div>\n<p>&nbsp;<\/p>\n","protected":false},"excerpt":{"rendered":"<p>Pablo Ruiz GarciaPICOS DE EUROPA\/ semeya \/Esfrutando como siempres de momentos \u00fanicos perh\u00ed enriba. Saludos!\u2014 en Fuente D\u00e9, Picos de Europa. Autor Teofrasto820<\/p>\n","protected":false},"author":117,"featured_media":0,"comment_status":"closed","ping_status":"closed","sticky":false,"template":"","format":"standard","meta":{"footnotes":""},"categories":[311,17],"tags":[],"class_list":["post-65555","post","type-post","status-publish","format-standard","hentry","category-montes","category-semeyes"],"_links":{"self":[{"href":"https:\/\/edublog.educastur.es\/ixuxu\/wp-json\/wp\/v2\/posts\/65555","targetHints":{"allow":["GET"]}}],"collection":[{"href":"https:\/\/edublog.educastur.es\/ixuxu\/wp-json\/wp\/v2\/posts"}],"about":[{"href":"https:\/\/edublog.educastur.es\/ixuxu\/wp-json\/wp\/v2\/types\/post"}],"author":[{"embeddable":true,"href":"https:\/\/edublog.educastur.es\/ixuxu\/wp-json\/wp\/v2\/users\/117"}],"replies":[{"embeddable":true,"href":"https:\/\/edublog.educastur.es\/ixuxu\/wp-json\/wp\/v2\/comments?post=65555"}],"version-history":[{"count":2,"href":"https:\/\/edublog.educastur.es\/ixuxu\/wp-json\/wp\/v2\/posts\/65555\/revisions"}],"predecessor-version":[{"id":65557,"href":"https:\/\/edublog.educastur.es\/ixuxu\/wp-json\/wp\/v2\/posts\/65555\/revisions\/65557"}],"wp:attachment":[{"href":"https:\/\/edublog.educastur.es\/ixuxu\/wp-json\/wp\/v2\/media?parent=65555"}],"wp:term":[{"taxonomy":"category","embeddable":true,"href":"https:\/\/edublog.educastur.es\/ixuxu\/wp-json\/wp\/v2\/categories?post=65555"},{"taxonomy":"post_tag","embeddable":true,"href":"https:\/\/edublog.educastur.es\/ixuxu\/wp-json\/wp\/v2\/tags?post=65555"}],"curies":[{"name":"wp","href":"https:\/\/api.w.org\/{rel}","templated":true}]}}