{"id":65561,"date":"2026-01-09T08:30:24","date_gmt":"2026-01-09T06:30:24","guid":{"rendered":"https:\/\/edublog.educastur.es\/ixuxu\/?p=65561"},"modified":"2026-01-08T22:50:26","modified_gmt":"2026-01-08T20:50:26","slug":"el-tiempu-el-comercio-230","status":"publish","type":"post","link":"https:\/\/edublog.educastur.es\/ixuxu\/2026\/01\/el-tiempu-el-comercio-230\/","title":{"rendered":"El tiempu (El Comercio)"},"content":{"rendered":"<p style=\"text-align: center\"><a href=\"https:\/\/s2.ppllstatics.com\/elcomercio\/www\/multimedia\/2026\/01\/08\/tiempo-asturias-viernes-9-enero-kLwG-U2302588077118HVD-1200x870@El%20Comercio.jpg\"><img loading=\"lazy\" decoding=\"async\" class=\"aligncenter size-large\" src=\"https:\/\/s2.ppllstatics.com\/elcomercio\/www\/multimedia\/2026\/01\/08\/tiempo-asturias-viernes-9-enero-kLwG-U2302588077118HVD-1200x870@El%20Comercio.jpg\" width=\"1200\" height=\"870\" \/><\/a><\/p>\n<p>Vamos tener un d\u00eda meteorol\u00f3gicamente bastante complic\u00e1u n&#8217;Asturies. La presencia d&#8217;una ll\u00ednea d&#8217;inestabilid\u00e1 pr\u00f3xima a la nuesa rex\u00f3n va traer una mayor probabilid\u00e1 y frecuencia de precipitaciones.<strong> La nubosidad<\/strong> va dir ganando terrenal r\u00e1pido a lo llargo de la ma\u00f1ana y va dexar precipitaciones xeneralizaes, que podr\u00eden ser localmente moderaes, sobremanera na mari\u00f1a, y acompa\u00f1aes de dalguna nube aisllada. <strong>Pela tarde<\/strong>, les precipitaciones van siguir presentes, anque van tender a perder intensid\u00e1 de forma progresiva.<\/p>\n<p><!--more--><\/p>\n<p><strong>La cota de nieve<\/strong> va empezar asitiada en redol a los 1.100 metros, pero va dir baxando hasta los 900 metros col pasu de les hores. L&#8217;Axencia Estatal de Meteorolox\u00eda <strong>(AEMET) va activar a mediud\u00eda y mientres les siguientes 24 hores l&#8217;avisu mariellu nel Cordal Cant\u00e1bricu<\/strong> por nevaes a partir de los 900\u20131.000 metros. Tami\u00e9n hai que destacar<strong> l&#8217;episodiu de vientu, que va soplar moder\u00e1u polo xeneral,<\/strong> con intervalos fuertes na mari\u00f1a. L&#8217;AEMET va caltener activu l&#8217;avisu naranxa hasta les 18:00 hores na mari\u00f1a occidental y hasta el final del d\u00eda na mari\u00f1a oriental, por aguaxe significativu con foles que van poder algamar ente 6 y 7 metros d&#8217;altor, respectivamente. L&#8217;avisu na mari\u00f1a occidental va rebaxar a nivel mariellu a partir de les 18:00 hores, anque ent\u00e1 podr\u00eden rexistrase foles de 4 a 5 metros.<\/p>\n<p>Tocantes a les temperatures,<strong> les m\u00e1ximes<\/strong> van baxar ente 3 y 4 \u00baC al respective de les del xueves, ente que <strong>les m\u00ednimes<\/strong> van baxar llixeramente nel interior occidental, apenes van variar nel sector oriental, y van baxar de forma daqu\u00e9 m\u00e1s significativa na franxa costera.<\/p>\n","protected":false},"excerpt":{"rendered":"<p>Vamos tener un d\u00eda meteorol\u00f3gicamente bastante complic\u00e1u n&#8217;Asturies. La presencia d&#8217;una ll\u00ednea d&#8217;inestabilid\u00e1 pr\u00f3xima a la nuesa rex\u00f3n va traer una mayor probabilid\u00e1 y frecuencia de precipitaciones. La nubosidad va dir ganando terrenal r\u00e1pido a lo llargo de la ma\u00f1ana y va dexar precipitaciones xeneralizaes, que podr\u00eden ser localmente moderaes, sobremanera na mari\u00f1a, y acompa\u00f1aes [&hellip;]<\/p>\n","protected":false},"author":117,"featured_media":0,"comment_status":"closed","ping_status":"closed","sticky":false,"template":"","format":"standard","meta":{"footnotes":""},"categories":[5],"tags":[],"class_list":["post-65561","post","type-post","status-publish","format-standard","hentry","category-tiempu"],"_links":{"self":[{"href":"https:\/\/edublog.educastur.es\/ixuxu\/wp-json\/wp\/v2\/posts\/65561","targetHints":{"allow":["GET"]}}],"collection":[{"href":"https:\/\/edublog.educastur.es\/ixuxu\/wp-json\/wp\/v2\/posts"}],"about":[{"href":"https:\/\/edublog.educastur.es\/ixuxu\/wp-json\/wp\/v2\/types\/post"}],"author":[{"embeddable":true,"href":"https:\/\/edublog.educastur.es\/ixuxu\/wp-json\/wp\/v2\/users\/117"}],"replies":[{"embeddable":true,"href":"https:\/\/edublog.educastur.es\/ixuxu\/wp-json\/wp\/v2\/comments?post=65561"}],"version-history":[{"count":1,"href":"https:\/\/edublog.educastur.es\/ixuxu\/wp-json\/wp\/v2\/posts\/65561\/revisions"}],"predecessor-version":[{"id":65562,"href":"https:\/\/edublog.educastur.es\/ixuxu\/wp-json\/wp\/v2\/posts\/65561\/revisions\/65562"}],"wp:attachment":[{"href":"https:\/\/edublog.educastur.es\/ixuxu\/wp-json\/wp\/v2\/media?parent=65561"}],"wp:term":[{"taxonomy":"category","embeddable":true,"href":"https:\/\/edublog.educastur.es\/ixuxu\/wp-json\/wp\/v2\/categories?post=65561"},{"taxonomy":"post_tag","embeddable":true,"href":"https:\/\/edublog.educastur.es\/ixuxu\/wp-json\/wp\/v2\/tags?post=65561"}],"curies":[{"name":"wp","href":"https:\/\/api.w.org\/{rel}","templated":true}]}}