{"id":65582,"date":"2026-01-09T13:27:29","date_gmt":"2026-01-09T11:27:29","guid":{"rendered":"https:\/\/edublog.educastur.es\/ixuxu\/?p=65582"},"modified":"2026-01-09T13:28:21","modified_gmt":"2026-01-09T11:28:21","slug":"65582","status":"publish","type":"post","link":"https:\/\/edublog.educastur.es\/ixuxu\/2026\/01\/65582\/","title":{"rendered":"Cursu nuevu d&#8217;asturianu p&#8217;adultos"},"content":{"rendered":"<div class=\"html-div xdj266r x14z9mp xat24cr x1lziwak xexx8yu x1a8lsjc xf7dkkf xv54qhq\">\n<div class=\"html-div xdj266r x14z9mp xat24cr x1lziwak xexx8yu xyri2b x18d9i69 x1c1uobl x1jx94hy x78zum5 x1q0g3np\">\n<div class=\"x78zum5 xdt5ytf xz62fqu x16ldp7u\">\n<div class=\"xu06os2 x1ok221b\">\n<div class=\"html-div xdj266r x14z9mp xat24cr x1lziwak xexx8yu xyri2b x18d9i69 x1c1uobl\" data-ad-rendering-role=\"profile_name\">\n<ul>\n<li class=\"html-h3 x14z9mp xat24cr x1lziwak xexx8yu xyri2b x18d9i69 x1c1uobl x1vvkbs x1heor9g x1qlqyl8 x1pd3egz x1a2a7pz x1gslohp x1yc453h\"><span class=\"x1lliihq x6ikm8r x10wlt62 x1n2onr6\"><span class=\"xt0psk2\"><a class=\"x1i10hfl xjbqb8w x1ejq31n x18oe1m7 x1sy0etr xstzfhl x972fbf x10w94by x1qhh985 x14e42zd x9f619 x1ypdohk xt0psk2 x3ct3a4 xdj266r x14z9mp xat24cr x1lziwak xexx8yu xyri2b x18d9i69 x1c1uobl x16tdsg8 x1hl2dhg xggy1nq x1a2a7pz xkrqix3 x1sur9pj xzsf02u x1s688f\" role=\"link\" href=\"https:\/\/www.facebook.com\/AcademiadelaLlinguaAsturiana?__cft__[0]=AZYgE5PcaeEwKMC5uYs4JIF8HgGJR8LKXoLShH0uhNhCFuthbVGyNm63zdsHFC1QYcfGyvnY0AuC7DqEHGgWVp48a6rAznqiFC2eTwlo-Joz7K3sUxNitY2sWid_h1gUOyaYGjvXfTjgt-7JcEbXS4K8dK3Kj5IPkJPUbwfYovICFrwriphHyWMQMtAa90bTlAd5xzMq6M_DxrHtG3QtsZoD&amp;__tn__=-UC%2CP-y-R\"><b class=\"html-b xdj266r x14z9mp xat24cr x1lziwak xexx8yu xyri2b x18d9i69 x1c1uobl x1hl2dhg x16tdsg8 x1vvkbs x1s688f\"><span class=\"html-span xdj266r x14z9mp xat24cr x1lziwak xexx8yu xyri2b x18d9i69 x1c1uobl x1hl2dhg x16tdsg8 x1vvkbs\">Academia de la Llingua Asturiana<\/span><\/b><\/a><\/span><\/span><\/li>\n<\/ul>\n<\/div>\n<\/div>\n<div class=\"xu06os2 x1ok221b\">\n<div class=\"html-div xdj266r x14z9mp xat24cr x1lziwak xexx8yu xyri2b x18d9i69 x1c1uobl x6s0dn4 x17zd0t2 x78zum5 x1q0g3np x1a02dak\" style=\"text-align: center\"><a href=\"https:\/\/alladixital.org\/wp-content\/uploads\/brizy\/imgs\/Noyos-scaled-428x605x4x0x420x605x1766410908.png\"><img loading=\"lazy\" decoding=\"async\" class=\"aligncenter size-large\" src=\"https:\/\/alladixital.org\/wp-content\/uploads\/brizy\/imgs\/Noyos-scaled-428x605x4x0x420x605x1766410908.png\" width=\"420\" height=\"605\" \/><\/a><\/div>\n<\/div>\n<\/div>\n<\/div>\n<\/div>\n<div class=\"html-div xdj266r x14z9mp xat24cr x1lziwak xexx8yu xyri2b x18d9i69 x1c1uobl\" dir=\"auto\">\n<div class=\"html-div xdj266r x14z9mp xat24cr x1lziwak xexx8yu xyri2b x18d9i69 x1c1uobl\" dir=\"auto\">\n<div class=\"html-div xdj266r x14z9mp xat24cr x1lziwak xexx8yu xyri2b x18d9i69 x1c1uobl\" data-ad-rendering-role=\"story_message\">\n<div class=\"x1l90r2v x1iorvi4 x1g0dm76 xpdmqnj\" data-ad-comet-preview=\"message\" data-ad-preview=\"message\">\n<div class=\"x78zum5 xdt5ytf xz62fqu x16ldp7u\">\n<div class=\"xu06os2 x1ok221b\">\n<div class=\"html-div xdj266r x14z9mp xat24cr x1lziwak xexx8yu xyri2b x18d9i69 x1c1uobl\">\n<div class=\"xdj266r x14z9mp xat24cr x1lziwak x1vvkbs x126k92a\">\n<ul>\n<li dir=\"auto\"><span class=\"html-span xexx8yu xyri2b x18d9i69 x1c1uobl x1hl2dhg x16tdsg8 x1vvkbs x3nfvp2 x1j61x8r x1fcty0u xdj266r xat24cr xm2jcoa x1mpyi22 xxymvpz xlup9mm x1kky2od\"><img loading=\"lazy\" decoding=\"async\" class=\"xz74otr x15mokao x1ga7v0g x16uus16 xbiv7yw\" src=\"https:\/\/static.xx.fbcdn.net\/images\/emoji.php\/v9\/tba\/1\/16\/1f4e3.png\" alt=\"\ud83d\udce3\" width=\"16\" height=\"16\" \/><\/span> L&#8217;ALLA anuncia un cursu nuevu d&#8217;asturianu <strong>p&#8217;adultos<\/strong> empobin\u00e1u a consiguir un nivel mediu (B1-B2). Les persones interesaes <strong>puen matriculase del 15 al 30 de xineru de 2026.<\/strong><\/li>\n<\/ul>\n<\/div>\n<div class=\"x14z9mp xat24cr x1lziwak x1vvkbs xtlvy1s x126k92a\">\n<ul>\n<li dir=\"auto\"><span class=\"html-span xexx8yu xyri2b x18d9i69 x1c1uobl x1hl2dhg x16tdsg8 x1vvkbs x3nfvp2 x1j61x8r x1fcty0u xdj266r xat24cr xm2jcoa x1mpyi22 xxymvpz xlup9mm x1kky2od\"><img loading=\"lazy\" decoding=\"async\" class=\"xz74otr x15mokao x1ga7v0g x16uus16 xbiv7yw\" src=\"https:\/\/static.xx.fbcdn.net\/images\/emoji.php\/v9\/tac\/1\/16\/1f4cc.png\" alt=\"\ud83d\udccc\" width=\"16\" height=\"16\" \/><\/span> El cursu va impartise nel llar de l\u2019Academia los martes y xueves del 10 de febreru al 28 de mayu de 2026 n\u2019horariu de 17 a 19 h. <strong>Tien una duraci\u00f3n de 100 hores llectives<\/strong>, divid\u00edes en 60 presenciales y 40 d\u2019autoestudiu.<a href=\"https:\/\/alladixital.org\/wp-content\/uploads\/2025\/05\/NOYOS.DIS-Descarga-muestra.pdf\"> Muestra<\/a> Pues apuntate equ\u00ed: <span class=\"html-span xdj266r x14z9mp xat24cr x1lziwak xexx8yu xyri2b x18d9i69 x1c1uobl x1hl2dhg x16tdsg8 x1vvkbs\"><a class=\"x1i10hfl xjbqb8w x1ejq31n x18oe1m7 x1sy0etr xstzfhl x972fbf x10w94by x1qhh985 x14e42zd x9f619 x1ypdohk xt0psk2 x3ct3a4 xdj266r x14z9mp xat24cr x1lziwak xexx8yu xyri2b x18d9i69 x1c1uobl x16tdsg8 x1hl2dhg xggy1nq x1a2a7pz xkrqix3 x1sur9pj x1fey0fg x1s688f\" role=\"link\" href=\"https:\/\/cutt.ly\/hth9xHcJ?fbclid=IwZXh0bgNhZW0CMTAAYnJpZBEwZmRaNVBNS0t3VUJpZTJKYnNydGMGYXBwX2lkEDIyMjAzOTE3ODgyMDA4OTIAAR4A_3axm64tv7z_hh8CCuMTmXSAIQbZfEeKlHtGOUS6pFVj0q3YzusK5cQ6cw_aem_MVWbCTFpQ5A2mNrvH6zqEg\" target=\"_blank\" rel=\"nofollow noopener noreferrer\">https:\/\/cutt.ly\/hth9xHcJ<\/a><\/span><\/li>\n<\/ul>\n<p><!--more--><\/p>\n<div class=\"brz-row__container brz-css-d-row-row brz-css-l0ghtx\" data-brz-custom-id=\"a056cpwI9piZ\">\n<div class=\"brz-row brz-css-d-row-container brz-css-1iz3fwd\">\n<div class=\"brz-columns brz-css-d-column-column brz-css-4ohu3e\" data-brz-custom-id=\"tWjJaAMT9lxc\">\n<div class=\"brz-column__items brz-css-d-column-bg brz-css-hd6cst\">\n<div id=\"\" class=\"brz-css-d-wrapper brz-css-1gr1nr brz-wrapper\">\n<div class=\"brz-rich-text brz-rich-text__custom brz-css-d-richtext brz-css-41jfzn\" data-brz-custom-id=\"cCbgHesKZ6E6\">\n<div data-brz-translate-text=\"1\">\n<p style=\"text-align: center\" data-uniq-id=\"elSUx\" data-generated-css=\"brz-css-t2cAL\"><a href=\"https:\/\/alladixital.org\/wp-content\/uploads\/brizy\/imgs\/anuncia-cursu-asturianu-b1-b2-447x218x78x0x290x218x1767892927.png\"><img loading=\"lazy\" decoding=\"async\" class=\"aligncenter size-large\" src=\"https:\/\/alladixital.org\/wp-content\/uploads\/brizy\/imgs\/anuncia-cursu-asturianu-b1-b2-447x218x78x0x290x218x1767892927.png\" width=\"290\" height=\"218\" \/><\/a><\/p>\n<p class=\"brz-tp-lg-paragraph brz-css-twzGS\" data-uniq-id=\"elSUx\" data-generated-css=\"brz-css-t2cAL\">Esti cursu ta empobin\u00e1u a les persones que quieran consiguir un nivel mediu (B1-B2) d&#8217;asturianu.<\/p>\n<p class=\"brz-tp-lg-paragraph brz-css-dacyb\" data-uniq-id=\"m12uN\" data-generated-css=\"brz-css-pIHqZ\"><strong>Feches:<\/strong> del 10 de febreru al 28 de mayu de 2026<\/p>\n<p class=\"brz-tp-lg-paragraph brz-css-bH6tg\" data-uniq-id=\"bfGi2\" data-generated-css=\"brz-css-nc_Su\"><strong>Horariu:<\/strong> martes y xueves, (pendiente d&#8217;horariu)<\/p>\n<p class=\"brz-tp-lg-paragraph brz-css-xY4sj\" data-uniq-id=\"j9ejV\" data-generated-css=\"brz-css-w69l5\"><strong>Llugar: <\/strong>Llar de l&#8217;Academia de la Llingua Asturiana (C\/\u00c1guila, 10 &#8211; Uvi\u00e9u)<\/p>\n<p class=\"brz-tp-lg-paragraph brz-css-jTcFw\" data-uniq-id=\"zxQek\" data-generated-css=\"brz-css-tsujU\"><strong>Preciu:<\/strong> 150 \u20ac (incl\u00fai materiales y matr\u00edcula na Prueba final)<\/p>\n<p class=\"brz-tp-lg-paragraph brz-css-w99JS\" data-uniq-id=\"vgKBC\" data-generated-css=\"brz-css-lkPAZ\"><strong>Matr\u00edcula:<\/strong> del 15 al 30 de xineru de 2026<\/p>\n<p class=\"brz-tp-lg-paragraph brz-css-fERHY\" data-uniq-id=\"kzhii\" data-generated-css=\"brz-css-xKJBj\"><strong>Carga llectiva: <\/strong>100 h (60 h presenciales y 40 h d&#8217;autoestudiu)<\/p>\n<p class=\"brz-tp-lg-paragraph brz-css-cQ2L0\" data-uniq-id=\"cGa4L\" data-generated-css=\"brz-css-mjb4R\"><strong>N\u00famberu de places:<\/strong> 20<\/p>\n<p class=\"brz-tp-lg-paragraph brz-css-drZsn\" data-uniq-id=\"zFlfr\" data-generated-css=\"brz-css-z_8UJ\"><strong>Requisitos d&#8217;entrada:<\/strong> acreditar un nivel elemental d&#8217;asturianu (certific\u00e1u de superaci\u00f3n de la Prueba de conocencia, cursu elemental de l&#8217;ALLA o certific\u00e1u de superaci\u00f3n el A2 del MCER)<\/p>\n<p class=\"brz-tp-lg-paragraph brz-css-oOCEy\" data-uniq-id=\"dpjUJ\" data-generated-css=\"brz-css-xZkMM\"><strong>Cr\u00e9ditos de formaci\u00f3n del profesor\u00e1u<\/strong>: pendiente<\/p>\n<p class=\"brz-tp-lg-paragraph brz-css-wv1Xt\" data-uniq-id=\"cYP1k\" data-generated-css=\"brz-css-hJIzD\">Al acabar el cursu fadr\u00e1se una prueba de nivel. Con ella, les persones qu&#8217;algamen un result\u00e1u de \u00abaptu\/a\u00bb van poder certificar, seg\u00fan el sistema formativu de la instituci\u00f3n, el nivel lling\u00fc\u00edsticu mediu d\u2019asturianu.<\/p>\n<\/div>\n<\/div>\n<\/div>\n<div id=\"\" class=\"brz-css-d-wrapper brz-css-r-wrapper brz-css-1ax48qs brz-wrapper\">\n<div class=\"brz-spacer brz-css-d-spacer brz-css-nh5muw\"><\/div>\n<\/div>\n<\/div>\n<\/div>\n<\/div>\n<\/div>\n<div id=\"\" class=\"brz-css-d-wrapper brz-css-r-wrapper brz-css-1nx4tar brz-wrapper\">\n<div class=\"brz-spacer brz-css-d-spacer brz-css-1894zri\"><img decoding=\"async\" class=\"brz-img\" title=\"\" src=\"https:\/\/alladixital.org\/wp-content\/uploads\/brizy\/imgs\/Noyos-1-scaled-339x479x0x4x339x471x1748606218.png\" alt=\"{{brizy_dc_image_alt imageSrc=\" \/><\/div>\n<\/div>\n<div class=\"brz-row__container brz-css-d-row-row brz-css-1bwbtkj\" data-brz-custom-id=\"dmLezJy6FOo4\">\n<div class=\"brz-row brz-css-d-row-container brz-css-r-row-container brz-css-pe49hg\">\n<div class=\"brz-columns brz-css-d-column-column brz-css-1xq5yl1\" data-brz-custom-id=\"tCpHMRqY7R_1\">\n<div class=\"brz-column__items brz-css-d-column-bg brz-css-1q2cd7b\">\n<div class=\"brz-wrapper-clone brz-flex-xs-wrap brz-css-d-cloneable brz-css-ucwiaq\" data-brz-custom-id=\"yb8vPPQhisMq\"><\/div>\n<div class=\"brz-wrapper-clone brz-flex-xs-wrap brz-css-d-cloneable brz-css-1i0pc7p\" data-brz-custom-id=\"eeBuddp5DNHS\"><\/div>\n<div class=\"brz-wrapper-clone brz-flex-xs-wrap brz-css-d-cloneable brz-css-71h6sp\" data-brz-custom-id=\"oM0H5JxCAHr8\"><\/div>\n<div id=\"\" class=\"brz-css-d-wrapper brz-css-ruermy brz-wrapper\"><\/div>\n<\/div>\n<\/div>\n<\/div>\n<\/div>\n<\/div>\n<\/div>\n<\/div>\n<\/div>\n<\/div>\n<\/div>\n<\/div>\n<\/div>\n<p>&nbsp;<\/p>\n","protected":false},"excerpt":{"rendered":"<p>Academia de la Llingua Asturiana L&#8217;ALLA anuncia un cursu nuevu d&#8217;asturianu p&#8217;adultos empobin\u00e1u a consiguir un nivel mediu (B1-B2). Les persones interesaes puen matriculase del 15 al 30 de xineru de 2026. El cursu va impartise nel llar de l\u2019Academia los martes y xueves del 10 de febreru al 28 de mayu de 2026 n\u2019horariu [&hellip;]<\/p>\n","protected":false},"author":117,"featured_media":0,"comment_status":"closed","ping_status":"closed","sticky":false,"template":"","format":"standard","meta":{"footnotes":""},"categories":[65,157],"tags":[],"class_list":["post-65582","post","type-post","status-publish","format-standard","hentry","category-alla","category-cursos-llingua-asturiana"],"_links":{"self":[{"href":"https:\/\/edublog.educastur.es\/ixuxu\/wp-json\/wp\/v2\/posts\/65582","targetHints":{"allow":["GET"]}}],"collection":[{"href":"https:\/\/edublog.educastur.es\/ixuxu\/wp-json\/wp\/v2\/posts"}],"about":[{"href":"https:\/\/edublog.educastur.es\/ixuxu\/wp-json\/wp\/v2\/types\/post"}],"author":[{"embeddable":true,"href":"https:\/\/edublog.educastur.es\/ixuxu\/wp-json\/wp\/v2\/users\/117"}],"replies":[{"embeddable":true,"href":"https:\/\/edublog.educastur.es\/ixuxu\/wp-json\/wp\/v2\/comments?post=65582"}],"version-history":[{"count":3,"href":"https:\/\/edublog.educastur.es\/ixuxu\/wp-json\/wp\/v2\/posts\/65582\/revisions"}],"predecessor-version":[{"id":65585,"href":"https:\/\/edublog.educastur.es\/ixuxu\/wp-json\/wp\/v2\/posts\/65582\/revisions\/65585"}],"wp:attachment":[{"href":"https:\/\/edublog.educastur.es\/ixuxu\/wp-json\/wp\/v2\/media?parent=65582"}],"wp:term":[{"taxonomy":"category","embeddable":true,"href":"https:\/\/edublog.educastur.es\/ixuxu\/wp-json\/wp\/v2\/categories?post=65582"},{"taxonomy":"post_tag","embeddable":true,"href":"https:\/\/edublog.educastur.es\/ixuxu\/wp-json\/wp\/v2\/tags?post=65582"}],"curies":[{"name":"wp","href":"https:\/\/api.w.org\/{rel}","templated":true}]}}